{"id":7434,"date":"2018-10-08T09:24:49","date_gmt":"2018-10-08T07:24:49","guid":{"rendered":"https:\/\/auren.com\/es\/blog\/el-caso-falciani-y-la-verdad-a-cualquier-precio\/"},"modified":"2018-10-08T09:24:49","modified_gmt":"2018-10-08T07:24:49","slug":"el-caso-falciani-y-la-verdad-a-cualquier-precio","status":"publish","type":"blog","link":"https:\/\/auren.com\/es\/blog\/el-caso-falciani-y-la-verdad-a-cualquier-precio\/","title":{"rendered":"El caso Falciani y la verdad a cualquier precio"},"content":{"rendered":"<p class=\"text-justify\"><b>Hace una semana volv\u00eda a ser noticia<\/b> <b>el se\u00f1or Herv\u00e9 Daniel Marcel Falciani,<\/b> cuando la Sala de lo Penal de la Audiencia Nacional denegaba su extradici\u00f3n a Suiza, para el cumplimiento en ese pa\u00eds de una pena privativa de libertad de 5 a\u00f1os por un delito de espionaje financiero agravado.<\/p>\n<p class=\"text-justify\">Para los que no lo recuerden, Herv\u00e9 Falciani, es un ingeniero inform\u00e1tico italo-franc\u00e9s, y ex trabajador del blanco HSBC, que se hizo famoso por filtrar una lista (\u201cLista Falciani\u201d), en la que que filtr\u00f3 los datos de miles de defraudadores con cuentas en el banco suizo.<\/p>\n<p class=\"text-justify\"><b>El se\u00f1or Falciani pasar\u00e1 a la historia<\/b>, no solo por cuestionar los l\u00edmites del secreto bancario, sino, sobre todo, <b>por obligar a todos los pa\u00edses afectados a revisar su posici\u00f3n jurisprudencial sobre las fuentes de informaci\u00f3n que pueden ser susceptibles de constituir material probatorio en un proceso judicial<\/b> (tomando como referencia a la contenida en la llamada \u201clista falciani\u201d).<\/p>\n<p class=\"text-justify\">Con independencia de las decisiones judiciales que hayan adoptado los distintos \u00f3rganos judiciales a la hora de admitir o inadmitir a la famosa lista como prueba v\u00e1lida, la mayor\u00eda de ellos (incluido nuestro Tribunal Supremo) coinciden en <b>la no conveniencia de acudir a reglas estereotipadas e interpretaciones r\u00edgidas<\/b> en esta materia, sino a una interpretaci\u00f3n \u201ccaso por caso\u201d.<\/p>\n<p class=\"text-justify\">Sin embargo, este tipo de soluciones jurisdiccionales son contrarias al principio de seguridad jur\u00eddica, principio general que preside nuestro ordenamiento -art\u00edculo 9.3 del T\u00edtulo Preliminar de nuestra Constituci\u00f3n- y en virtud del cual los ciudadanos pueden tener la certeza de que se conoce o se puede conocer lo previsto como prohibido, mandado y permitido por el ordenamiento jur\u00eddico al que se someten.<\/p>\n<p class=\"text-justify\">Por otro lado, qu\u00e9 duda cabe que la esencia fundamental de cualquier ordenamiento jur\u00eddico -donde indudablemente se incluye la jurisprudencia de los \u00f3rganos judiciales- es su vocaci\u00f3n de generalidad -de lo contrario, dejar\u00eda de existir- y, que los jueces y Tribunales, ostentan la funci\u00f3n jurisdiccional dentro del sistema pol\u00edtico, y, por tanto, deben aplicar las normas, lo que asegura que todos los ciudadanos sean iguales ante la ley y que no se den tratos distintos a situaciones sustancialmente id\u00e9nticas.<\/p>\n<p class=\"text-justify\">Adem\u00e1s de lo anterior, cabe decir que en nuestro pa\u00eds, <b>\u201cla sentencia Falciani\u201d dictada por el Tribunal Supremo el 23 de febrero de 2017, vino a abrir una brecha importante en la protecci\u00f3n de derechos fundamentales<\/b>.<\/p>\n<p class=\"text-justify\">Nuestro m\u00e1s Alto Tribunal ha sido uno de esos Tribunales que ha revisado su jurisprudencia sobre <b>la validez de la prueba con causa il\u00edcita<\/b>, que en una primera etapa consisti\u00f3 en una posici\u00f3n protectora de los derechos fundamentales por parte del Tribunal Constitucional, reafirmando su condici\u00f3n de inviolables al imposibilitar la admisi\u00f3n de pruebas obtenidas violentando alg\u00fan derecho fundamental (SSTC 9\/1984, 30 de enero, 114\/1984, 29 de noviembre y 60\/1998, 8 de abril) y estableciendo el juicio de conexi\u00f3n de antijuridicidad, un criterio para determinar cu\u00e1ndo las pruebas derivadas de otras constitucionalmente ilegitimas tampoco pod\u00edan ser valoradas (STC 81\/1998, 2 de abril, 121\/1998, 15 de junio y 49\/1999, 5 de abril).<\/p>\n<p class=\"text-justify\">El Tribunal Supremo en esta sentencia apunta a la desconexi\u00f3n con los aparatos del Estado como el par\u00e1metro esencial para aceptar cualquier informaci\u00f3n como material probatorio en una causa. <b>Solo exige que el particular que se haya hecho con la informaci\u00f3n, la haya obtenido con \u201cabsoluta desconexi\u00f3n de cualquier tipo de actividad estatal\u201d y por tanto, que no act\u00fae \u201ccomo una pieza camuflada del Estado\u201d<\/b>, todo ello con independencia de si la informaci\u00f3n se obtenido como consecuencia de la vulneraci\u00f3n de derechos fundamentales.<\/p>\n<p class=\"text-justify\">Por tanto, <b>podr\u00edamos concluir, siguiendo el criterio de la citada sentencia, que la interpretaci\u00f3n del art\u00edculo 11 de lo LOPJ, cuyo tenor literal reza <\/b>\u201c<b>no surtir\u00e1n efecto las pruebas obtenidas, directa o indirectamente<i>, <\/i>violentando los derechos o libertades fundamentales<\/b>\u201d,<b> no puede ser otra que la de frenar los excesos del Estado frente a los particulares<\/b>, con independencia de los excesos que se produzcan entre los particulares. Criterio \u00e9ste, que no podemos compartir.<\/p>\n<p class=\"text-justify\"><b>En conclusi\u00f3n, lejos queda ya el brocado de nuestro Tribunal Supremo<\/b> \u201c<b>la verdad real no puede obtenerse a cualquier precio<\/b>\u201d (ATS de 18 de junio de 1992- rec 610\/1990), <b>cuando se trata de la lucha contra la delincuencia econ\u00f3mica y financiera<\/b>.<\/p>\n<p class=\"text-justify\"><b>Mar\u00eda Jos\u00e9 Almagro S\u00e1nchez, Auren Abogados y Asesores Fiscales. Oficina de Auren Madrid<\/b><\/p>\n<p><!-- AddThis Advanced Settings generic via filter on the_content --><!-- AddThis Share Buttons generic via filter on the_content --><\/p>\n","protected":false},"excerpt":{"rendered":"<p>Hace una semana volv\u00eda a ser noticia&nbsp;el se\u00f1or Herv\u00e9 Daniel Marcel Falciani,&nbsp;cuando la Sala de lo Penal de la Audiencia Nacional denegaba su extradici\u00f3n a Suiza, para el cumplimiento en ese pa\u00eds de una pena privativa de libertad de 5 a\u00f1os por un delito de espionaje financiero agravado.<br \/>\nPara los que no lo recuerden, Herv\u00e9 Falciani, es un ingeniero inform\u00e1tico italo-franc\u00e9s, y ex trabajador del blanco HSBC, que se hizo famoso por filtrar una lista (\u201cLista Falciani\u201d), en la que que filtr\u00f3 los datos de miles de defraudadores con cuentas en el banco suizo. <\/p>\n","protected":false},"featured_media":7435,"template":"","meta":{"_acf_changed":false,"footnotes":""},"blog-category":[],"class_list":["post-7434","blog","type-blog","status-publish","has-post-thumbnail","hentry"],"acf":[],"yoast_head":"<!-- This site is optimized with the Yoast SEO plugin v27.4 - https:\/\/yoast.com\/product\/yoast-seo-wordpress\/ -->\n<title>El caso Falciani y la verdad a cualquier precio - Auren Espa\u00f1a<\/title>\n<meta name=\"robots\" content=\"index, follow, max-snippet:-1, max-image-preview:large, max-video-preview:-1\" \/>\n<link rel=\"canonical\" href=\"https:\/\/auren.com\/es\/blog\/el-caso-falciani-y-la-verdad-a-cualquier-precio\/\" \/>\n<meta property=\"og:locale\" content=\"es_ES\" \/>\n<meta property=\"og:type\" content=\"article\" \/>\n<meta property=\"og:title\" content=\"El caso Falciani y la verdad a cualquier precio - Auren Espa\u00f1a\" \/>\n<meta property=\"og:description\" content=\"Hace una semana volv\u00eda a ser noticia&nbsp;el se\u00f1or Herv\u00e9 Daniel Marcel Falciani,&nbsp;cuando la Sala de lo Penal de la Audiencia Nacional denegaba su extradici\u00f3n a Suiza, para el cumplimiento en ese pa\u00eds de una pena privativa de libertad de 5 a\u00f1os por un delito de espionaje financiero agravado. Para los que no lo recuerden, Herv\u00e9 Falciani, es un ingeniero inform\u00e1tico italo-franc\u00e9s, y ex trabajador del blanco HSBC, que se hizo famoso por filtrar una lista (\u201cLista Falciani\u201d), en la que que filtr\u00f3 los datos de miles de defraudadores con cuentas en el banco suizo.\" \/>\n<meta property=\"og:url\" content=\"https:\/\/auren.com\/es\/blog\/el-caso-falciani-y-la-verdad-a-cualquier-precio\/\" \/>\n<meta property=\"og:site_name\" content=\"Auren\" \/>\n<meta property=\"og:image\" content=\"https:\/\/auren.com\/es\/wp-content\/uploads\/2018\/10\/181008-el-caso-falciani-imgen.jpg\" \/>\n\t<meta property=\"og:image:width\" content=\"1920\" \/>\n\t<meta property=\"og:image:height\" content=\"655\" \/>\n\t<meta property=\"og:image:type\" content=\"image\/jpeg\" \/>\n<meta name=\"twitter:card\" content=\"summary_large_image\" \/>\n<meta name=\"twitter:site\" content=\"@auren_spain\" \/>\n<meta name=\"twitter:label1\" content=\"Tiempo de lectura\" \/>\n\t<meta name=\"twitter:data1\" content=\"4 minutos\" \/>\n<script type=\"application\/ld+json\" class=\"yoast-schema-graph\">{\"@context\":\"https:\\\/\\\/schema.org\",\"@graph\":[{\"@type\":\"WebPage\",\"@id\":\"https:\\\/\\\/auren.com\\\/es\\\/blog\\\/el-caso-falciani-y-la-verdad-a-cualquier-precio\\\/\",\"url\":\"https:\\\/\\\/auren.com\\\/es\\\/blog\\\/el-caso-falciani-y-la-verdad-a-cualquier-precio\\\/\",\"name\":\"El caso Falciani y la verdad a cualquier precio - Auren Espa\u00f1a\",\"isPartOf\":{\"@id\":\"https:\\\/\\\/auren.com\\\/es\\\/#website\"},\"primaryImageOfPage\":{\"@id\":\"https:\\\/\\\/auren.com\\\/es\\\/blog\\\/el-caso-falciani-y-la-verdad-a-cualquier-precio\\\/#primaryimage\"},\"image\":{\"@id\":\"https:\\\/\\\/auren.com\\\/es\\\/blog\\\/el-caso-falciani-y-la-verdad-a-cualquier-precio\\\/#primaryimage\"},\"thumbnailUrl\":\"https:\\\/\\\/auren.com\\\/es\\\/wp-content\\\/uploads\\\/2018\\\/10\\\/181008-el-caso-falciani-imgen.jpg\",\"datePublished\":\"2018-10-08T07:24:49+00:00\",\"breadcrumb\":{\"@id\":\"https:\\\/\\\/auren.com\\\/es\\\/blog\\\/el-caso-falciani-y-la-verdad-a-cualquier-precio\\\/#breadcrumb\"},\"inLanguage\":\"es\",\"potentialAction\":[{\"@type\":\"ReadAction\",\"target\":[\"https:\\\/\\\/auren.com\\\/es\\\/blog\\\/el-caso-falciani-y-la-verdad-a-cualquier-precio\\\/\"]}]},{\"@type\":\"ImageObject\",\"inLanguage\":\"es\",\"@id\":\"https:\\\/\\\/auren.com\\\/es\\\/blog\\\/el-caso-falciani-y-la-verdad-a-cualquier-precio\\\/#primaryimage\",\"url\":\"https:\\\/\\\/auren.com\\\/es\\\/wp-content\\\/uploads\\\/2018\\\/10\\\/181008-el-caso-falciani-imgen.jpg\",\"contentUrl\":\"https:\\\/\\\/auren.com\\\/es\\\/wp-content\\\/uploads\\\/2018\\\/10\\\/181008-el-caso-falciani-imgen.jpg\",\"width\":1920,\"height\":655},{\"@type\":\"BreadcrumbList\",\"@id\":\"https:\\\/\\\/auren.com\\\/es\\\/blog\\\/el-caso-falciani-y-la-verdad-a-cualquier-precio\\\/#breadcrumb\",\"itemListElement\":[{\"@type\":\"ListItem\",\"position\":1,\"name\":\"Portada\",\"item\":\"https:\\\/\\\/auren.com\\\/es\\\/\"},{\"@type\":\"ListItem\",\"position\":2,\"name\":\"El caso Falciani y la verdad a cualquier precio\"}]},{\"@type\":\"WebSite\",\"@id\":\"https:\\\/\\\/auren.com\\\/es\\\/#website\",\"url\":\"https:\\\/\\\/auren.com\\\/es\\\/\",\"name\":\"Auren\",\"description\":\"\",\"publisher\":{\"@id\":\"https:\\\/\\\/auren.com\\\/es\\\/#organization\"},\"alternateName\":\"Auren\",\"potentialAction\":[{\"@type\":\"SearchAction\",\"target\":{\"@type\":\"EntryPoint\",\"urlTemplate\":\"https:\\\/\\\/auren.com\\\/es\\\/?s={search_term_string}\"},\"query-input\":{\"@type\":\"PropertyValueSpecification\",\"valueRequired\":true,\"valueName\":\"search_term_string\"}}],\"inLanguage\":\"es\"},{\"@type\":\"Organization\",\"@id\":\"https:\\\/\\\/auren.com\\\/es\\\/#organization\",\"name\":\"Auren\",\"alternateName\":\"Auren\",\"url\":\"https:\\\/\\\/auren.com\\\/es\\\/\",\"logo\":{\"@type\":\"ImageObject\",\"inLanguage\":\"es\",\"@id\":\"https:\\\/\\\/auren.com\\\/es\\\/#\\\/schema\\\/logo\\\/image\\\/\",\"url\":\"https:\\\/\\\/auren.com\\\/es\\\/wp-content\\\/uploads\\\/2025\\\/01\\\/cropped-cropped-favicon-Auren.png\",\"contentUrl\":\"https:\\\/\\\/auren.com\\\/es\\\/wp-content\\\/uploads\\\/2025\\\/01\\\/cropped-cropped-favicon-Auren.png\",\"width\":512,\"height\":512,\"caption\":\"Auren\"},\"image\":{\"@id\":\"https:\\\/\\\/auren.com\\\/es\\\/#\\\/schema\\\/logo\\\/image\\\/\"},\"sameAs\":[\"https:\\\/\\\/x.com\\\/auren_spain\",\"https:\\\/\\\/www.linkedin.com\\\/company\\\/aurenspainserviciosprofesionales\",\"https:\\\/\\\/www.youtube.com\\\/@AurenEsp\",\"https:\\\/\\\/www.instagram.com\\\/auren_spain\"]}]}<\/script>\n<!-- \/ Yoast SEO plugin. -->","yoast_head_json":{"title":"El caso Falciani y la verdad a cualquier precio - Auren Espa\u00f1a","robots":{"index":"index","follow":"follow","max-snippet":"max-snippet:-1","max-image-preview":"max-image-preview:large","max-video-preview":"max-video-preview:-1"},"canonical":"https:\/\/auren.com\/es\/blog\/el-caso-falciani-y-la-verdad-a-cualquier-precio\/","og_locale":"es_ES","og_type":"article","og_title":"El caso Falciani y la verdad a cualquier precio - Auren Espa\u00f1a","og_description":"Hace una semana volv\u00eda a ser noticia&nbsp;el se\u00f1or Herv\u00e9 Daniel Marcel Falciani,&nbsp;cuando la Sala de lo Penal de la Audiencia Nacional denegaba su extradici\u00f3n a Suiza, para el cumplimiento en ese pa\u00eds de una pena privativa de libertad de 5 a\u00f1os por un delito de espionaje financiero agravado. Para los que no lo recuerden, Herv\u00e9 Falciani, es un ingeniero inform\u00e1tico italo-franc\u00e9s, y ex trabajador del blanco HSBC, que se hizo famoso por filtrar una lista (\u201cLista Falciani\u201d), en la que que filtr\u00f3 los datos de miles de defraudadores con cuentas en el banco suizo.","og_url":"https:\/\/auren.com\/es\/blog\/el-caso-falciani-y-la-verdad-a-cualquier-precio\/","og_site_name":"Auren","og_image":[{"width":1920,"height":655,"url":"https:\/\/auren.com\/es\/wp-content\/uploads\/2018\/10\/181008-el-caso-falciani-imgen.jpg","type":"image\/jpeg"}],"twitter_card":"summary_large_image","twitter_site":"@auren_spain","twitter_misc":{"Tiempo de lectura":"4 minutos"},"schema":{"@context":"https:\/\/schema.org","@graph":[{"@type":"WebPage","@id":"https:\/\/auren.com\/es\/blog\/el-caso-falciani-y-la-verdad-a-cualquier-precio\/","url":"https:\/\/auren.com\/es\/blog\/el-caso-falciani-y-la-verdad-a-cualquier-precio\/","name":"El caso Falciani y la verdad a cualquier precio - Auren Espa\u00f1a","isPartOf":{"@id":"https:\/\/auren.com\/es\/#website"},"primaryImageOfPage":{"@id":"https:\/\/auren.com\/es\/blog\/el-caso-falciani-y-la-verdad-a-cualquier-precio\/#primaryimage"},"image":{"@id":"https:\/\/auren.com\/es\/blog\/el-caso-falciani-y-la-verdad-a-cualquier-precio\/#primaryimage"},"thumbnailUrl":"https:\/\/auren.com\/es\/wp-content\/uploads\/2018\/10\/181008-el-caso-falciani-imgen.jpg","datePublished":"2018-10-08T07:24:49+00:00","breadcrumb":{"@id":"https:\/\/auren.com\/es\/blog\/el-caso-falciani-y-la-verdad-a-cualquier-precio\/#breadcrumb"},"inLanguage":"es","potentialAction":[{"@type":"ReadAction","target":["https:\/\/auren.com\/es\/blog\/el-caso-falciani-y-la-verdad-a-cualquier-precio\/"]}]},{"@type":"ImageObject","inLanguage":"es","@id":"https:\/\/auren.com\/es\/blog\/el-caso-falciani-y-la-verdad-a-cualquier-precio\/#primaryimage","url":"https:\/\/auren.com\/es\/wp-content\/uploads\/2018\/10\/181008-el-caso-falciani-imgen.jpg","contentUrl":"https:\/\/auren.com\/es\/wp-content\/uploads\/2018\/10\/181008-el-caso-falciani-imgen.jpg","width":1920,"height":655},{"@type":"BreadcrumbList","@id":"https:\/\/auren.com\/es\/blog\/el-caso-falciani-y-la-verdad-a-cualquier-precio\/#breadcrumb","itemListElement":[{"@type":"ListItem","position":1,"name":"Portada","item":"https:\/\/auren.com\/es\/"},{"@type":"ListItem","position":2,"name":"El caso Falciani y la verdad a cualquier precio"}]},{"@type":"WebSite","@id":"https:\/\/auren.com\/es\/#website","url":"https:\/\/auren.com\/es\/","name":"Auren","description":"","publisher":{"@id":"https:\/\/auren.com\/es\/#organization"},"alternateName":"Auren","potentialAction":[{"@type":"SearchAction","target":{"@type":"EntryPoint","urlTemplate":"https:\/\/auren.com\/es\/?s={search_term_string}"},"query-input":{"@type":"PropertyValueSpecification","valueRequired":true,"valueName":"search_term_string"}}],"inLanguage":"es"},{"@type":"Organization","@id":"https:\/\/auren.com\/es\/#organization","name":"Auren","alternateName":"Auren","url":"https:\/\/auren.com\/es\/","logo":{"@type":"ImageObject","inLanguage":"es","@id":"https:\/\/auren.com\/es\/#\/schema\/logo\/image\/","url":"https:\/\/auren.com\/es\/wp-content\/uploads\/2025\/01\/cropped-cropped-favicon-Auren.png","contentUrl":"https:\/\/auren.com\/es\/wp-content\/uploads\/2025\/01\/cropped-cropped-favicon-Auren.png","width":512,"height":512,"caption":"Auren"},"image":{"@id":"https:\/\/auren.com\/es\/#\/schema\/logo\/image\/"},"sameAs":["https:\/\/x.com\/auren_spain","https:\/\/www.linkedin.com\/company\/aurenspainserviciosprofesionales","https:\/\/www.youtube.com\/@AurenEsp","https:\/\/www.instagram.com\/auren_spain"]}]}},"_links":{"self":[{"href":"https:\/\/auren.com\/es\/wp-json\/wp\/v2\/blog\/7434","targetHints":{"allow":["GET"]}}],"collection":[{"href":"https:\/\/auren.com\/es\/wp-json\/wp\/v2\/blog"}],"about":[{"href":"https:\/\/auren.com\/es\/wp-json\/wp\/v2\/types\/blog"}],"version-history":[{"count":0,"href":"https:\/\/auren.com\/es\/wp-json\/wp\/v2\/blog\/7434\/revisions"}],"wp:featuredmedia":[{"embeddable":true,"href":"https:\/\/auren.com\/es\/wp-json\/wp\/v2\/media\/7435"}],"wp:attachment":[{"href":"https:\/\/auren.com\/es\/wp-json\/wp\/v2\/media?parent=7434"}],"wp:term":[{"taxonomy":"blog-category","embeddable":true,"href":"https:\/\/auren.com\/es\/wp-json\/wp\/v2\/blog-category?post=7434"}],"curies":[{"name":"wp","href":"https:\/\/api.w.org\/{rel}","templated":true}]}}