{"id":7443,"date":"2018-09-07T11:26:41","date_gmt":"2018-09-07T09:26:41","guid":{"rendered":"https:\/\/auren.com\/es\/blog\/la-reforma-del-sistema-de-marca-nacional-luz-verde-al-anteproyecto-de-ley-de-marcas\/"},"modified":"2018-09-07T11:26:41","modified_gmt":"2018-09-07T09:26:41","slug":"la-reforma-del-sistema-de-marca-nacional-luz-verde-al-anteproyecto-de-ley-de-marcas","status":"publish","type":"blog","link":"https:\/\/auren.com\/es\/blog\/la-reforma-del-sistema-de-marca-nacional-luz-verde-al-anteproyecto-de-ley-de-marcas\/","title":{"rendered":"La reforma del sistema de marca nacional: luz verde al Anteproyecto de Ley de Marcas"},"content":{"rendered":"<p class=\"text-justify\">El pasado 20 de julio de 2018, el Consejo de Ministros dio &#8216;luz verde&#8217; al anteproyecto de Ley de Marcas. Este anteproyecto de Ley modifica la Ley de Marcas 17\/2001 y la adapta a la directiva europea 2015\/2436, que armoniza las legislaciones comunitarias y facilita el registro y la gesti\u00f3n de las marcas.<\/p>\n<p class=\"text-justify\">La norma introduce novedades en aspectos materiales y procedimentales y da mayor homogeneidad a los sistemas de marcas de los Estados Miembros, evitando as\u00ed distorsiones en el funcionamiento del Mercado \u00danico, que afectan a las empresas.   <\/p>\n<p class=\"text-justify\">Entre otras, la nueva regulaci\u00f3n incluye modificaciones importantes en lo referido a la lucha contra la pirater\u00eda, ya que establece la posibilidad de prohibir el uso de una marca e impedir que se introduzcan en el pa\u00eds mercanc\u00edas que lleven sin autorizaci\u00f3n una marca id\u00e9ntica a la registrada, o que no pueda distinguirse en sus aspectos esenciales, sin necesidad de demostrar que estas mercanc\u00edas van a ser comercializadas.   <\/p>\n<p class=\"text-justify\">La nueva El Anteproyecto introduce, as\u00ed, todo un abanico de importantes modificaciones, desde las relativas al procedimiento de registro, pasando por la propia delimitaci\u00f3n de la marca -lo que facilitar\u00e1 el registro de marcas no convencionales- y los derechos que la marca confiere, hasta la propia competencia en materia de acciones directas de nulidad y caducidad de marcas -que se traslada de los juzgados y tribunales mercantiles a la propia OEPM-.   <\/p>\n<p class=\"text-justify\">La reforma se limita a la introducci\u00f3n de modificaciones en determinados aspectos de la vigente Ley de Marcas, pese a que relevantes voces doctrinales han lamentado que se haya optado por esa v\u00eda, en detrimento de un nuevo texto normativo. Las modificaciones est\u00e1n fundamentalmente dirigidas a la homogeneizaci\u00f3n del sistema de registro de marcas nacionales -gestionado por la Oficina Espa\u00f1ola de Patentes y Marcas (OEPM)- con el sistema de registro de marcas de la Uni\u00f3n Europea -gestionado por la Oficina Europea de Propiedad Intelectual (EUIPO)-, incorpor\u00e1ndose, adem\u00e1s, determinadas mejoras reclamadas tanto por la experiencia pr\u00e1ctica obtenida en la aplicaci\u00f3n de la Ley a lo largo de su primer quindenio de vigencia, como por la jurisprudencia y la doctrina cient\u00edfica.   <\/p>\n<p class=\"text-justify\">Parte de las modificaciones que se introducen en la Ley de Marcas son tan relevantes, que la entrada en vigor de la nueva normativa est\u00e1 prevista en dos fases. Apurando el plazo m\u00e1ximo de trasposici\u00f3n concedido por la Directiva, est\u00e1 previsto que la primera fase entre en vigor el 14 de enero de 2019, mientras que la entrada en vigor de la segunda fase se difiere a cuatro a\u00f1os, hasta el 14 de enero de 2023.   <\/p>\n<p class=\"text-justify\"><strong>PRINCIPALES NOVEDADES<\/strong>   <\/p>\n<ul class=\"text-justify\">\n<li class=\"text-justify\">Una de las principales novedades de la norma es la <strong>supresi\u00f3n del requisito que obligaba a que el signo distintivo tuviera que representarse gr\u00e1ficamente<\/strong>. Para adaptarse a las nuevas tecnolog\u00edas, una vez que entre en vigor, la marca podr\u00e1 ser susceptible de representarse por cualquier medio, siempre que el objeto de la protecci\u00f3n que se otorgue al titular se pueda determinar con claridad.   <\/li>\n<li class=\"text-justify\">Se refuerza la protecci\u00f3n de las denominaciones de origen y las indicaciones geogr\u00e1ficas mediante la sistematizaci\u00f3n de las prohibiciones absolutas, es decir, la de aquellos signos que no pueden registrarse.   <\/li>\n<li class=\"text-justify\">Desaparece el concepto de marca notoria y se prev\u00e9 solo la categor\u00eda de marca o nombre comercial renombrados, aquella que sea conocida por el p\u00fablico en general, lo que le otorgar\u00e1 una protecci\u00f3n especial. As\u00ed, se ampl\u00edan los medios de defensa del titular de la marca frente a las falsificaciones en tr\u00e1nsito aduanero, permiti\u00e9ndoles detener bienes (incluyendo sus embalajes) en situaci\u00f3n de tr\u00e1nsito, salvo que se demuestre que el referido titular no est\u00e1 facultado para impedir la utilizaci\u00f3n de su marca en el pa\u00eds de destino de los mismos.   <\/li>\n<li class=\"text-justify\">La nueva normativa ofrecer\u00e1 a los usuarios procedimientos administrativos \u00e1giles para la declaraci\u00f3n de nulidad y caducidad de las marcas registradas, dejando la v\u00eda judicial para controversias de mayor calado econ\u00f3mico.   <\/li>\n<li class=\"text-justify\">En cuanto al procedimiento, se regula detalladamente la legitimaci\u00f3n para formular oposici\u00f3n al registro de una marca y se agilizan los tr\u00e1mites para su renovaci\u00f3n. El texto atribuye la competencia directa a la Oficina Espa\u00f1ola de Patentes y Marcas (OEPM), dependiente del Ministerio de Industria, Comercio y Turismo, para declarar las causas de nulidad y caducidad de una marca, agilizando igualmente dichos procesos. Esta posibilidad, que alinea asimismo nuestro sistema con el de la marca de la Uni\u00f3n Europea, no s\u00f3lo revertir\u00e1 en un sensible incremento de la complejidad de procedimientos como el de oposici\u00f3n, sino que obligar\u00e1 a los titulares de marcas a revisar sus pol\u00edticas tanto de archivo de documentaci\u00f3n probatoria del uso de la marca como de verificaci\u00f3n de la correspondencia de la marca realmente utilizada en el mercado con la marca inscrita en el Registro.   <\/li>\n<\/ul>\n<p class=\"text-justify\">La instauraci\u00f3n de un procedimiento administrativo de nulidad y caducidad es una novedad relevante en nuestro sistema, en el que -a diferencia del sistema de marca de la Uni\u00f3n Europea- tales acciones siempre han estado reservadas a la competencia judicial. Los tribunales s\u00ed conservar\u00e1n la competencia para el conocimiento de tales acciones v\u00eda demanda reconvencional en el marco de una acci\u00f3n por violaci\u00f3n de marca -en l\u00ednea con la marca de la Uni\u00f3n Europea-, por lo que la modificaci\u00f3n incorpora una serie de previsiones dirigidas a regular las eventuales interferencias entre ambas v\u00edas y, en concreto, la litispendencia, la prejudicialidad y la cosa juzgada.   <\/p>\n<p class=\"text-justify\">Asimismo, en materia de l\u00edmites del derecho de marca se incorpora a la Ley la exclusi\u00f3n de toda referencia al <em>ius utendi<\/em> o derecho a usar la marca, declarando expresamente, en l\u00ednea con la jurisprudencia imperante en la materia, que el derecho de marca no puede invocarse para eximir a su titular de responder frente a acciones dirigidas contra \u00e9l por violaci\u00f3n de derechos con fecha de prioridad anterior.   <\/p>\n<p class=\"text-justify\">En el otro lado, el Anteproyecto regula tambi\u00e9n el denominado derecho de intervenci\u00f3n, en virtud del cual una acci\u00f3n de violaci\u00f3n de marca contra el titular de una marca posterior no puede prosperar si esta \u00faltima ha devenido inatacable frente a la anterior, ya sea porque concurra caducidad por tolerancia o porque en la fecha de prioridad de la marca posterior la anterior no reun\u00eda los requisitos para obtener la nulidad de esta \u00faltima. En este \u00e1mbito destaca tambi\u00e9n la supresi\u00f3n del uso inmune en el tr\u00e1fico econ\u00f3mico del nombre comercial o denominaci\u00f3n social, restringi\u00e9ndose la limitaci\u00f3n \u00fanicamente al nombre de personas f\u00edsicas y siempre que el uso se realice, como ya exige la vigente Ley, de conformidad con las pr\u00e1cticas leales en materia industrial y comercial.   <\/p>\n<p class=\"text-justify\">Otras modificaciones destacables se refieren a la ampliaci\u00f3n de la legitimidad para ser titular de una marca, reconoci\u00e9ndose a cualquier persona f\u00edsica o jur\u00eddica independientemente de su nacionalidad, residencia o de que pueda gozar de beneficios conferidos por convenios internacionales, y la sistematizaci\u00f3n de las prohibiciones de registro referidas a, en particular, la protecci\u00f3n de las Denominaciones de Origen, t\u00e9rminos tradicionales de vinos y especialidades tradicionales garantizadas, junto con la introducci\u00f3n de una nueva prohibici\u00f3n relativa a los signos que consistan o reproduzcan la denominaci\u00f3n de una obtenci\u00f3n vegetal.   <\/p>\n<p class=\"text-justify\">El Anteproyecto contiene tambi\u00e9n una disposici\u00f3n dirigida a regular el r\u00e9gimen transitorio. Por lo que hace referencia a los procedimientos sobre marcas y nombres comerciales iniciados antes de su entrada en vigor, se prev\u00e9 que seguir\u00e1n rigi\u00e9ndose por la normativa anterior, mientras que las marcas y nombres comerciales concedidos durante la vigencia de las legislaciones anteriores se regir\u00e1n por la nueva normativa. Por lo que hace referencia a la competencia directa de la OEPM para el conocimiento de las acciones de nulidad y caducidad, al haberse diferido su entrada en vigor al 14 de enero de 2023, se incluye la previsi\u00f3n de que corresponder\u00e1 entretanto la competencia a la jurisdicci\u00f3n civil, si bien ser\u00e1n aplicables las normas sustantivas del nuevo T\u00edtulo VI de la Ley.   <\/p>\n<p class=\"text-justify\">En suma, los cambios que se avecinan van a suponer interesantes nuevos desaf\u00edos y oportunidades. Pendientes todav\u00eda de que la reforma ultime su tramitaci\u00f3n parlamentaria, habr\u00e1 que esperar asimismo al necesario desarrollo reglamentario de las modificaciones m\u00e1s relevantes, as\u00ed como a las directrices que la OEPM pueda establecer con relaci\u00f3n a su aplicaci\u00f3n pr\u00e1ctica.   <\/p>\n<p><strong>Sandra Garc\u00eda Cabezas, Socia \u00c1rea de Propiedad Industrial e Intelectual de Auren Abogados y Asesores Fiscales<\/strong> <\/p>\n<p><!-- AddThis Advanced Settings generic via filter on the_content --><!-- AddThis Share Buttons generic via filter on the_content --><\/p>\n","protected":false},"excerpt":{"rendered":"<p>El pasado 20 de julio de 2018, el Consejo de Ministros dio &#8216;luz verde&#8217; al anteproyecto de Ley de Marcas. Este anteproyecto de Ley modifica la Ley de Marcas 17\/2001 y la adapta a la directiva europea 2015\/2436, que armoniza las legislaciones comunitarias y facilita el registro y la gesti\u00f3n de las marcas.<\/p>\n","protected":false},"featured_media":7444,"template":"","meta":{"_acf_changed":false,"footnotes":""},"blog-category":[],"class_list":["post-7443","blog","type-blog","status-publish","has-post-thumbnail","hentry"],"acf":[],"yoast_head":"<!-- This site is optimized with the Yoast SEO plugin v27.4 - https:\/\/yoast.com\/product\/yoast-seo-wordpress\/ -->\n<title>La reforma del sistema de marca nacional: luz verde al Anteproyecto de Ley de Marcas - Auren Espa\u00f1a<\/title>\n<meta name=\"robots\" content=\"index, follow, max-snippet:-1, max-image-preview:large, max-video-preview:-1\" \/>\n<link rel=\"canonical\" href=\"https:\/\/auren.com\/es\/blog\/la-reforma-del-sistema-de-marca-nacional-luz-verde-al-anteproyecto-de-ley-de-marcas\/\" \/>\n<meta property=\"og:locale\" content=\"es_ES\" \/>\n<meta property=\"og:type\" content=\"article\" \/>\n<meta property=\"og:title\" content=\"La reforma del sistema de marca nacional: luz verde al Anteproyecto de Ley de Marcas - Auren Espa\u00f1a\" \/>\n<meta property=\"og:description\" content=\"El pasado 20 de julio de 2018, el Consejo de Ministros dio &#8216;luz verde&#8217; al anteproyecto de Ley de Marcas. Este anteproyecto de Ley modifica la Ley de Marcas 17\/2001 y la adapta a la directiva europea 2015\/2436, que armoniza las legislaciones comunitarias y facilita el registro y la gesti\u00f3n de las marcas.\" \/>\n<meta property=\"og:url\" content=\"https:\/\/auren.com\/es\/blog\/la-reforma-del-sistema-de-marca-nacional-luz-verde-al-anteproyecto-de-ley-de-marcas\/\" \/>\n<meta property=\"og:site_name\" content=\"Auren\" \/>\n<meta property=\"og:image\" content=\"https:\/\/auren.com\/es\/wp-content\/uploads\/2018\/09\/180907-la-reforma-del-sistema-de-marca-nacional-2.jpg\" \/>\n\t<meta property=\"og:image:width\" content=\"1920\" \/>\n\t<meta property=\"og:image:height\" content=\"655\" \/>\n\t<meta property=\"og:image:type\" content=\"image\/jpeg\" \/>\n<meta name=\"twitter:card\" content=\"summary_large_image\" \/>\n<meta name=\"twitter:site\" content=\"@auren_spain\" \/>\n<meta name=\"twitter:label1\" content=\"Tiempo de lectura\" \/>\n\t<meta name=\"twitter:data1\" content=\"7 minutos\" \/>\n<script type=\"application\/ld+json\" class=\"yoast-schema-graph\">{\"@context\":\"https:\\\/\\\/schema.org\",\"@graph\":[{\"@type\":\"WebPage\",\"@id\":\"https:\\\/\\\/auren.com\\\/es\\\/blog\\\/la-reforma-del-sistema-de-marca-nacional-luz-verde-al-anteproyecto-de-ley-de-marcas\\\/\",\"url\":\"https:\\\/\\\/auren.com\\\/es\\\/blog\\\/la-reforma-del-sistema-de-marca-nacional-luz-verde-al-anteproyecto-de-ley-de-marcas\\\/\",\"name\":\"La reforma del sistema de marca nacional: luz verde al Anteproyecto de Ley de Marcas - Auren Espa\u00f1a\",\"isPartOf\":{\"@id\":\"https:\\\/\\\/auren.com\\\/es\\\/#website\"},\"primaryImageOfPage\":{\"@id\":\"https:\\\/\\\/auren.com\\\/es\\\/blog\\\/la-reforma-del-sistema-de-marca-nacional-luz-verde-al-anteproyecto-de-ley-de-marcas\\\/#primaryimage\"},\"image\":{\"@id\":\"https:\\\/\\\/auren.com\\\/es\\\/blog\\\/la-reforma-del-sistema-de-marca-nacional-luz-verde-al-anteproyecto-de-ley-de-marcas\\\/#primaryimage\"},\"thumbnailUrl\":\"https:\\\/\\\/auren.com\\\/es\\\/wp-content\\\/uploads\\\/2018\\\/09\\\/180907-la-reforma-del-sistema-de-marca-nacional-2.jpg\",\"datePublished\":\"2018-09-07T09:26:41+00:00\",\"breadcrumb\":{\"@id\":\"https:\\\/\\\/auren.com\\\/es\\\/blog\\\/la-reforma-del-sistema-de-marca-nacional-luz-verde-al-anteproyecto-de-ley-de-marcas\\\/#breadcrumb\"},\"inLanguage\":\"es\",\"potentialAction\":[{\"@type\":\"ReadAction\",\"target\":[\"https:\\\/\\\/auren.com\\\/es\\\/blog\\\/la-reforma-del-sistema-de-marca-nacional-luz-verde-al-anteproyecto-de-ley-de-marcas\\\/\"]}]},{\"@type\":\"ImageObject\",\"inLanguage\":\"es\",\"@id\":\"https:\\\/\\\/auren.com\\\/es\\\/blog\\\/la-reforma-del-sistema-de-marca-nacional-luz-verde-al-anteproyecto-de-ley-de-marcas\\\/#primaryimage\",\"url\":\"https:\\\/\\\/auren.com\\\/es\\\/wp-content\\\/uploads\\\/2018\\\/09\\\/180907-la-reforma-del-sistema-de-marca-nacional-2.jpg\",\"contentUrl\":\"https:\\\/\\\/auren.com\\\/es\\\/wp-content\\\/uploads\\\/2018\\\/09\\\/180907-la-reforma-del-sistema-de-marca-nacional-2.jpg\",\"width\":1920,\"height\":655},{\"@type\":\"BreadcrumbList\",\"@id\":\"https:\\\/\\\/auren.com\\\/es\\\/blog\\\/la-reforma-del-sistema-de-marca-nacional-luz-verde-al-anteproyecto-de-ley-de-marcas\\\/#breadcrumb\",\"itemListElement\":[{\"@type\":\"ListItem\",\"position\":1,\"name\":\"Portada\",\"item\":\"https:\\\/\\\/auren.com\\\/es\\\/\"},{\"@type\":\"ListItem\",\"position\":2,\"name\":\"La reforma del sistema de marca nacional: luz verde al Anteproyecto de Ley de Marcas\"}]},{\"@type\":\"WebSite\",\"@id\":\"https:\\\/\\\/auren.com\\\/es\\\/#website\",\"url\":\"https:\\\/\\\/auren.com\\\/es\\\/\",\"name\":\"Auren\",\"description\":\"\",\"publisher\":{\"@id\":\"https:\\\/\\\/auren.com\\\/es\\\/#organization\"},\"alternateName\":\"Auren\",\"potentialAction\":[{\"@type\":\"SearchAction\",\"target\":{\"@type\":\"EntryPoint\",\"urlTemplate\":\"https:\\\/\\\/auren.com\\\/es\\\/?s={search_term_string}\"},\"query-input\":{\"@type\":\"PropertyValueSpecification\",\"valueRequired\":true,\"valueName\":\"search_term_string\"}}],\"inLanguage\":\"es\"},{\"@type\":\"Organization\",\"@id\":\"https:\\\/\\\/auren.com\\\/es\\\/#organization\",\"name\":\"Auren\",\"alternateName\":\"Auren\",\"url\":\"https:\\\/\\\/auren.com\\\/es\\\/\",\"logo\":{\"@type\":\"ImageObject\",\"inLanguage\":\"es\",\"@id\":\"https:\\\/\\\/auren.com\\\/es\\\/#\\\/schema\\\/logo\\\/image\\\/\",\"url\":\"https:\\\/\\\/auren.com\\\/es\\\/wp-content\\\/uploads\\\/2025\\\/01\\\/cropped-cropped-favicon-Auren.png\",\"contentUrl\":\"https:\\\/\\\/auren.com\\\/es\\\/wp-content\\\/uploads\\\/2025\\\/01\\\/cropped-cropped-favicon-Auren.png\",\"width\":512,\"height\":512,\"caption\":\"Auren\"},\"image\":{\"@id\":\"https:\\\/\\\/auren.com\\\/es\\\/#\\\/schema\\\/logo\\\/image\\\/\"},\"sameAs\":[\"https:\\\/\\\/x.com\\\/auren_spain\",\"https:\\\/\\\/www.linkedin.com\\\/company\\\/aurenspainserviciosprofesionales\",\"https:\\\/\\\/www.youtube.com\\\/@AurenEsp\",\"https:\\\/\\\/www.instagram.com\\\/auren_spain\"]}]}<\/script>\n<!-- \/ Yoast SEO plugin. -->","yoast_head_json":{"title":"La reforma del sistema de marca nacional: luz verde al Anteproyecto de Ley de Marcas - Auren Espa\u00f1a","robots":{"index":"index","follow":"follow","max-snippet":"max-snippet:-1","max-image-preview":"max-image-preview:large","max-video-preview":"max-video-preview:-1"},"canonical":"https:\/\/auren.com\/es\/blog\/la-reforma-del-sistema-de-marca-nacional-luz-verde-al-anteproyecto-de-ley-de-marcas\/","og_locale":"es_ES","og_type":"article","og_title":"La reforma del sistema de marca nacional: luz verde al Anteproyecto de Ley de Marcas - Auren Espa\u00f1a","og_description":"El pasado 20 de julio de 2018, el Consejo de Ministros dio &#8216;luz verde&#8217; al anteproyecto de Ley de Marcas. Este anteproyecto de Ley modifica la Ley de Marcas 17\/2001 y la adapta a la directiva europea 2015\/2436, que armoniza las legislaciones comunitarias y facilita el registro y la gesti\u00f3n de las marcas.","og_url":"https:\/\/auren.com\/es\/blog\/la-reforma-del-sistema-de-marca-nacional-luz-verde-al-anteproyecto-de-ley-de-marcas\/","og_site_name":"Auren","og_image":[{"width":1920,"height":655,"url":"https:\/\/auren.com\/es\/wp-content\/uploads\/2018\/09\/180907-la-reforma-del-sistema-de-marca-nacional-2.jpg","type":"image\/jpeg"}],"twitter_card":"summary_large_image","twitter_site":"@auren_spain","twitter_misc":{"Tiempo de lectura":"7 minutos"},"schema":{"@context":"https:\/\/schema.org","@graph":[{"@type":"WebPage","@id":"https:\/\/auren.com\/es\/blog\/la-reforma-del-sistema-de-marca-nacional-luz-verde-al-anteproyecto-de-ley-de-marcas\/","url":"https:\/\/auren.com\/es\/blog\/la-reforma-del-sistema-de-marca-nacional-luz-verde-al-anteproyecto-de-ley-de-marcas\/","name":"La reforma del sistema de marca nacional: luz verde al Anteproyecto de Ley de Marcas - Auren Espa\u00f1a","isPartOf":{"@id":"https:\/\/auren.com\/es\/#website"},"primaryImageOfPage":{"@id":"https:\/\/auren.com\/es\/blog\/la-reforma-del-sistema-de-marca-nacional-luz-verde-al-anteproyecto-de-ley-de-marcas\/#primaryimage"},"image":{"@id":"https:\/\/auren.com\/es\/blog\/la-reforma-del-sistema-de-marca-nacional-luz-verde-al-anteproyecto-de-ley-de-marcas\/#primaryimage"},"thumbnailUrl":"https:\/\/auren.com\/es\/wp-content\/uploads\/2018\/09\/180907-la-reforma-del-sistema-de-marca-nacional-2.jpg","datePublished":"2018-09-07T09:26:41+00:00","breadcrumb":{"@id":"https:\/\/auren.com\/es\/blog\/la-reforma-del-sistema-de-marca-nacional-luz-verde-al-anteproyecto-de-ley-de-marcas\/#breadcrumb"},"inLanguage":"es","potentialAction":[{"@type":"ReadAction","target":["https:\/\/auren.com\/es\/blog\/la-reforma-del-sistema-de-marca-nacional-luz-verde-al-anteproyecto-de-ley-de-marcas\/"]}]},{"@type":"ImageObject","inLanguage":"es","@id":"https:\/\/auren.com\/es\/blog\/la-reforma-del-sistema-de-marca-nacional-luz-verde-al-anteproyecto-de-ley-de-marcas\/#primaryimage","url":"https:\/\/auren.com\/es\/wp-content\/uploads\/2018\/09\/180907-la-reforma-del-sistema-de-marca-nacional-2.jpg","contentUrl":"https:\/\/auren.com\/es\/wp-content\/uploads\/2018\/09\/180907-la-reforma-del-sistema-de-marca-nacional-2.jpg","width":1920,"height":655},{"@type":"BreadcrumbList","@id":"https:\/\/auren.com\/es\/blog\/la-reforma-del-sistema-de-marca-nacional-luz-verde-al-anteproyecto-de-ley-de-marcas\/#breadcrumb","itemListElement":[{"@type":"ListItem","position":1,"name":"Portada","item":"https:\/\/auren.com\/es\/"},{"@type":"ListItem","position":2,"name":"La reforma del sistema de marca nacional: luz verde al Anteproyecto de Ley de Marcas"}]},{"@type":"WebSite","@id":"https:\/\/auren.com\/es\/#website","url":"https:\/\/auren.com\/es\/","name":"Auren","description":"","publisher":{"@id":"https:\/\/auren.com\/es\/#organization"},"alternateName":"Auren","potentialAction":[{"@type":"SearchAction","target":{"@type":"EntryPoint","urlTemplate":"https:\/\/auren.com\/es\/?s={search_term_string}"},"query-input":{"@type":"PropertyValueSpecification","valueRequired":true,"valueName":"search_term_string"}}],"inLanguage":"es"},{"@type":"Organization","@id":"https:\/\/auren.com\/es\/#organization","name":"Auren","alternateName":"Auren","url":"https:\/\/auren.com\/es\/","logo":{"@type":"ImageObject","inLanguage":"es","@id":"https:\/\/auren.com\/es\/#\/schema\/logo\/image\/","url":"https:\/\/auren.com\/es\/wp-content\/uploads\/2025\/01\/cropped-cropped-favicon-Auren.png","contentUrl":"https:\/\/auren.com\/es\/wp-content\/uploads\/2025\/01\/cropped-cropped-favicon-Auren.png","width":512,"height":512,"caption":"Auren"},"image":{"@id":"https:\/\/auren.com\/es\/#\/schema\/logo\/image\/"},"sameAs":["https:\/\/x.com\/auren_spain","https:\/\/www.linkedin.com\/company\/aurenspainserviciosprofesionales","https:\/\/www.youtube.com\/@AurenEsp","https:\/\/www.instagram.com\/auren_spain"]}]}},"_links":{"self":[{"href":"https:\/\/auren.com\/es\/wp-json\/wp\/v2\/blog\/7443","targetHints":{"allow":["GET"]}}],"collection":[{"href":"https:\/\/auren.com\/es\/wp-json\/wp\/v2\/blog"}],"about":[{"href":"https:\/\/auren.com\/es\/wp-json\/wp\/v2\/types\/blog"}],"version-history":[{"count":0,"href":"https:\/\/auren.com\/es\/wp-json\/wp\/v2\/blog\/7443\/revisions"}],"wp:featuredmedia":[{"embeddable":true,"href":"https:\/\/auren.com\/es\/wp-json\/wp\/v2\/media\/7444"}],"wp:attachment":[{"href":"https:\/\/auren.com\/es\/wp-json\/wp\/v2\/media?parent=7443"}],"wp:term":[{"taxonomy":"blog-category","embeddable":true,"href":"https:\/\/auren.com\/es\/wp-json\/wp\/v2\/blog-category?post=7443"}],"curies":[{"name":"wp","href":"https:\/\/api.w.org\/{rel}","templated":true}]}}