{"id":7473,"date":"2018-07-02T11:01:32","date_gmt":"2018-07-02T09:01:32","guid":{"rendered":"https:\/\/auren.com\/es\/blog\/la-imposicion-en-el-alquiler-de-apartamentos-turisticos\/"},"modified":"2018-07-02T11:01:32","modified_gmt":"2018-07-02T09:01:32","slug":"la-imposicion-en-el-alquiler-de-apartamentos-turisticos","status":"publish","type":"blog","link":"https:\/\/auren.com\/es\/blog\/la-imposicion-en-el-alquiler-de-apartamentos-turisticos\/","title":{"rendered":"La imposici\u00f3n en el alquiler de apartamentos tur\u00edsticos"},"content":{"rendered":"<p class=\"text-justify\">El d\u00eda 12 de junio de 2018 se ha publicado un documento elaborado por la Agencia Tributaria en el que se expone el posicionamiento administrativo en relaci\u00f3n con la tributaci\u00f3n en el alquiler de apartamentos tur\u00edsticos, y en este sentido nos parece interesante poner de manifiesto las siguientes cuestiones:<\/p>\n<p class=\"text-justify\">Se considera como actividad de alquiler de apartamentos tur\u00edsticos \u201c<em>aquel arrendamiento que, recayendo sobre una edificaci\u00f3n, tenga como destino primordial uno distinto que el de satisfacer la necesidad permanente de vivienda del arrendatario<\/em>\u201d. Acudiendo a lo dispuesto en la Ley del Impuesto sobre el Valor A\u00f1adido, se a\u00f1ade a esta definici\u00f3n que los servicios de hospedaje se caracterizan por extender la atenci\u00f3n a los clientes m\u00e1s all\u00e1 de la mera puesta a disposici\u00f3n de un inmueble o parte del mismo (recepci\u00f3n y atenci\u00f3n permanente y continuada al cliente en un espacio destinado al efecto, limpieza peri\u00f3dica del inmueble y el alojamiento, cambio peri\u00f3dico de ropa de cama y ba\u00f1o, y puesta a disposici\u00f3n del cliente de otros servicios (lavander\u00eda, custodia de maletas, prensa, reservas etc.), y tambi\u00e9n en ocasiones se prestar\u00e1n servicios de alimentaci\u00f3n y restauraci\u00f3n).<\/p>\n<p class=\"text-justify\">En el \u00e1mbito del <strong>Impuesto sobre Actividades Econ\u00f3micas<\/strong>, y partiendo de que nos encontremos ante una actividad ejercida con car\u00e1cter empresarial, se analizan diferentes supuestos en funci\u00f3n de la \u201cactividad\u201d desarrollada por el propietario:<\/p>\n<p class=\"text-justify\">Por un lado, si se ejerce directamente la actividad de alquiler tur\u00edstico de un apartamento se concluye que el ep\u00edgrafe en el que se deber\u00e1 constar identificado es el 685 de la  Secci\u00f3n 1\u00aa del IAE \u201c<em>Alojamientos tur\u00edsticos extrahoteleros<\/em>\u201d;<\/p>\n<p class=\"text-justify\">Por otro lado, si la persona o entidad propietaria del apartamento tur\u00edstico s\u00f3lo lo arrienda a una entidad mercantil o persona f\u00edsica que lo explota como establecimiento extra-hotelero, se tendr\u00e1 que constar de alta (el propietario) en el ep\u00edgrafe 861.2 de la secci\u00f3n 1\u00aa del IAE \u201c<em>Alquiler<\/em> <em>de locales industriales y otros alquileres NCOP<\/em>\u201d;<\/p>\n<p class=\"text-justify\">Y por \u00faltimo, si la actividad consiste exclusivamente en el arrendamiento por per\u00edodos de tiempo de casas o parte de las mismas, sin prestar ning\u00fan servicio propio de la actividad de hospedaje, el ep\u00edgrafe que nos corresponder\u00e1 es el 861.1 de la Secci\u00f3n 1\u00aa del IAE \u201c<em>Alquiler de viviendas<\/em>\u201d (cuesti\u00f3n distinta es si existe obligaci\u00f3n de tributar por el IAE o no, cuesti\u00f3n \u00e9sta que depende entre otras variables de que la cuota tributaria sea inferior, o no, a los 601,01 euros).<\/p>\n<p class=\"text-justify\">En el \u00e1mbito del<strong> Impuesto sobre la Renta de las Personas F\u00edsicas <\/strong>se establece que los rendimientos derivados s\u00f3lo del alquiler (sin servicio alguno propio de la industria hotelera) tendr\u00e1n la consideraci\u00f3n de&nbsp;rendimientos del capital inmobiliario si no se dispone de una persona contratada a jornada completa y con contrato laboral, y \u00e9stos rendimientos no gozar\u00e1n de la reducci\u00f3n del 60%&nbsp;al no tener por finalidad satisfacer una necesidad permanente de vivienda.<\/p>\n<p class=\"text-justify\">Si se pone a disposici\u00f3n el inmueble y se ofrecen durante la estancia de los arrendatarios servicios propios de la industria hotelera, el arrendamiento se calificar\u00e1 como una actividad empresarial.<\/p>\n<p class=\"text-justify\">Esta diferenciaci\u00f3n entre rendimiento del capital inmobiliario o de actividad econ\u00f3mica tambi\u00e9n condicionar\u00e1 la imposici\u00f3n en el <strong>Impuesto sobre la Renta de los No Residentes <\/strong>puesto que<strong>, <\/strong>entre otras cuestiones, determinar\u00e1 que el contribuyente deba nombrar representante (o no), conllevar\u00e1 que se deba tributar por diferentes tipos de gravamen, as\u00ed como tambi\u00e9n que existan distintas obligaciones de tributaci\u00f3n con car\u00e1cter trimestral o anual.   <\/p>\n<p class=\"text-justify\">En el <strong>Impuesto sobre el Valor A\u00f1adido<\/strong> s\u00f3lo se tributar\u00e1 por \u00e9ste impuesto en aquellos casos en los que se presten servicios propios de la industria hotelera, y siendo as\u00ed el tipo de gravamen ser\u00e1 del tipo reducido del 10%. Si no se prestar\u00e1n \u00e9stos servicios propios de la industria hotelera se deber\u00e1 tributar por el <strong>Impuesto sobre Transmisiones Patrimoniales y Actos Jur\u00eddicos Documentados<\/strong> atendiendo a la correspondiente escala de gravamen (estatal o auton\u00f3mica).<\/p>\n<p class=\"text-justify\">Se efect\u00faa una llamada de atenci\u00f3n respecto de las <strong>obligaciones de informaci\u00f3n<\/strong> que han de cumplirse por las personas o entidades que intermedien en la cesi\u00f3n de uso de viviendas con fines tur\u00edsticos (ya sean anal\u00f3gicos o digitales), y en particular las denominadas \u201cplataformas colaborativas\u201d que intermedien en dichas cesiones, concretamente, se est\u00e1 refiriendo la Administraci\u00f3n Tributaria a la cumplimentaci\u00f3n y presentaci\u00f3n del modelo 179.<\/p>\n<p class=\"text-justify\">En definitiva nos parece que estamos ante un documento en el que se clarifica el posicionamiento de la Agencia Tributaria respecto de una actividad en auge en la actualidad, y por tanto que viene a facilitar e introducir seguridad jur\u00eddica en la actuaci\u00f3n e interpretaci\u00f3n a efectuar por los distintos intervinientes en el alquiler tur\u00edstico.<\/p>\n<p><strong>Ricard P\u00e9rez Mi\u00f1ana, Socio Auren Abogados y Asesores Fiscales<\/strong><\/p>\n<p><!-- AddThis Advanced Settings generic via filter on the_content --><!-- AddThis Share Buttons generic via filter on the_content --><\/p>\n","protected":false},"excerpt":{"rendered":"<p>El d\u00eda 12 de junio de 2018 se ha publicado un documento elaborado por la Agencia Tributaria en el que se expone el posicionamiento administrativo en relaci\u00f3n con la tributaci\u00f3n en el alquiler de apartamentos tur\u00edsticos, y en este sentido nos parece interesante poner de manifiesto las siguientes cuestiones:<\/p>\n","protected":false},"featured_media":7474,"template":"","meta":{"_acf_changed":false,"footnotes":""},"blog-category":[],"class_list":["post-7473","blog","type-blog","status-publish","has-post-thumbnail","hentry"],"acf":[],"yoast_head":"<!-- This site is optimized with the Yoast SEO plugin v27.4 - https:\/\/yoast.com\/product\/yoast-seo-wordpress\/ -->\n<title>La imposici\u00f3n en el alquiler de apartamentos tur\u00edsticos - Auren Espa\u00f1a<\/title>\n<meta name=\"robots\" content=\"index, follow, max-snippet:-1, max-image-preview:large, max-video-preview:-1\" \/>\n<link rel=\"canonical\" href=\"https:\/\/auren.com\/es\/blog\/la-imposicion-en-el-alquiler-de-apartamentos-turisticos\/\" \/>\n<meta property=\"og:locale\" content=\"es_ES\" \/>\n<meta property=\"og:type\" content=\"article\" \/>\n<meta property=\"og:title\" content=\"La imposici\u00f3n en el alquiler de apartamentos tur\u00edsticos - Auren Espa\u00f1a\" \/>\n<meta property=\"og:description\" content=\"El d\u00eda 12 de junio de 2018 se ha publicado un documento elaborado por la Agencia Tributaria en el que se expone el posicionamiento administrativo en relaci\u00f3n con la tributaci\u00f3n en el alquiler de apartamentos tur\u00edsticos, y en este sentido nos parece interesante poner de manifiesto las siguientes cuestiones:\" \/>\n<meta property=\"og:url\" content=\"https:\/\/auren.com\/es\/blog\/la-imposicion-en-el-alquiler-de-apartamentos-turisticos\/\" \/>\n<meta property=\"og:site_name\" content=\"Auren\" \/>\n<meta property=\"og:image\" content=\"https:\/\/auren.com\/es\/wp-content\/uploads\/2018\/07\/020718-la-imposicion-en-el-alquiler-de-apartamentos-turisticos.jpg\" \/>\n\t<meta property=\"og:image:width\" content=\"1920\" \/>\n\t<meta property=\"og:image:height\" content=\"655\" \/>\n\t<meta property=\"og:image:type\" content=\"image\/jpeg\" \/>\n<meta name=\"twitter:card\" content=\"summary_large_image\" \/>\n<meta name=\"twitter:site\" content=\"@auren_spain\" \/>\n<meta name=\"twitter:label1\" content=\"Tiempo de lectura\" \/>\n\t<meta name=\"twitter:data1\" content=\"4 minutos\" \/>\n<script type=\"application\/ld+json\" class=\"yoast-schema-graph\">{\"@context\":\"https:\\\/\\\/schema.org\",\"@graph\":[{\"@type\":\"WebPage\",\"@id\":\"https:\\\/\\\/auren.com\\\/es\\\/blog\\\/la-imposicion-en-el-alquiler-de-apartamentos-turisticos\\\/\",\"url\":\"https:\\\/\\\/auren.com\\\/es\\\/blog\\\/la-imposicion-en-el-alquiler-de-apartamentos-turisticos\\\/\",\"name\":\"La imposici\u00f3n en el alquiler de apartamentos tur\u00edsticos - Auren Espa\u00f1a\",\"isPartOf\":{\"@id\":\"https:\\\/\\\/auren.com\\\/es\\\/#website\"},\"primaryImageOfPage\":{\"@id\":\"https:\\\/\\\/auren.com\\\/es\\\/blog\\\/la-imposicion-en-el-alquiler-de-apartamentos-turisticos\\\/#primaryimage\"},\"image\":{\"@id\":\"https:\\\/\\\/auren.com\\\/es\\\/blog\\\/la-imposicion-en-el-alquiler-de-apartamentos-turisticos\\\/#primaryimage\"},\"thumbnailUrl\":\"https:\\\/\\\/auren.com\\\/es\\\/wp-content\\\/uploads\\\/2018\\\/07\\\/020718-la-imposicion-en-el-alquiler-de-apartamentos-turisticos.jpg\",\"datePublished\":\"2018-07-02T09:01:32+00:00\",\"breadcrumb\":{\"@id\":\"https:\\\/\\\/auren.com\\\/es\\\/blog\\\/la-imposicion-en-el-alquiler-de-apartamentos-turisticos\\\/#breadcrumb\"},\"inLanguage\":\"es\",\"potentialAction\":[{\"@type\":\"ReadAction\",\"target\":[\"https:\\\/\\\/auren.com\\\/es\\\/blog\\\/la-imposicion-en-el-alquiler-de-apartamentos-turisticos\\\/\"]}]},{\"@type\":\"ImageObject\",\"inLanguage\":\"es\",\"@id\":\"https:\\\/\\\/auren.com\\\/es\\\/blog\\\/la-imposicion-en-el-alquiler-de-apartamentos-turisticos\\\/#primaryimage\",\"url\":\"https:\\\/\\\/auren.com\\\/es\\\/wp-content\\\/uploads\\\/2018\\\/07\\\/020718-la-imposicion-en-el-alquiler-de-apartamentos-turisticos.jpg\",\"contentUrl\":\"https:\\\/\\\/auren.com\\\/es\\\/wp-content\\\/uploads\\\/2018\\\/07\\\/020718-la-imposicion-en-el-alquiler-de-apartamentos-turisticos.jpg\",\"width\":1920,\"height\":655},{\"@type\":\"BreadcrumbList\",\"@id\":\"https:\\\/\\\/auren.com\\\/es\\\/blog\\\/la-imposicion-en-el-alquiler-de-apartamentos-turisticos\\\/#breadcrumb\",\"itemListElement\":[{\"@type\":\"ListItem\",\"position\":1,\"name\":\"Portada\",\"item\":\"https:\\\/\\\/auren.com\\\/es\\\/\"},{\"@type\":\"ListItem\",\"position\":2,\"name\":\"La imposici\u00f3n en el alquiler de apartamentos tur\u00edsticos\"}]},{\"@type\":\"WebSite\",\"@id\":\"https:\\\/\\\/auren.com\\\/es\\\/#website\",\"url\":\"https:\\\/\\\/auren.com\\\/es\\\/\",\"name\":\"Auren\",\"description\":\"\",\"publisher\":{\"@id\":\"https:\\\/\\\/auren.com\\\/es\\\/#organization\"},\"alternateName\":\"Auren\",\"potentialAction\":[{\"@type\":\"SearchAction\",\"target\":{\"@type\":\"EntryPoint\",\"urlTemplate\":\"https:\\\/\\\/auren.com\\\/es\\\/?s={search_term_string}\"},\"query-input\":{\"@type\":\"PropertyValueSpecification\",\"valueRequired\":true,\"valueName\":\"search_term_string\"}}],\"inLanguage\":\"es\"},{\"@type\":\"Organization\",\"@id\":\"https:\\\/\\\/auren.com\\\/es\\\/#organization\",\"name\":\"Auren\",\"alternateName\":\"Auren\",\"url\":\"https:\\\/\\\/auren.com\\\/es\\\/\",\"logo\":{\"@type\":\"ImageObject\",\"inLanguage\":\"es\",\"@id\":\"https:\\\/\\\/auren.com\\\/es\\\/#\\\/schema\\\/logo\\\/image\\\/\",\"url\":\"https:\\\/\\\/auren.com\\\/es\\\/wp-content\\\/uploads\\\/2025\\\/01\\\/cropped-cropped-favicon-Auren.png\",\"contentUrl\":\"https:\\\/\\\/auren.com\\\/es\\\/wp-content\\\/uploads\\\/2025\\\/01\\\/cropped-cropped-favicon-Auren.png\",\"width\":512,\"height\":512,\"caption\":\"Auren\"},\"image\":{\"@id\":\"https:\\\/\\\/auren.com\\\/es\\\/#\\\/schema\\\/logo\\\/image\\\/\"},\"sameAs\":[\"https:\\\/\\\/x.com\\\/auren_spain\",\"https:\\\/\\\/www.linkedin.com\\\/company\\\/aurenspainserviciosprofesionales\",\"https:\\\/\\\/www.youtube.com\\\/@AurenEsp\",\"https:\\\/\\\/www.instagram.com\\\/auren_spain\"]}]}<\/script>\n<!-- \/ Yoast SEO plugin. -->","yoast_head_json":{"title":"La imposici\u00f3n en el alquiler de apartamentos tur\u00edsticos - Auren Espa\u00f1a","robots":{"index":"index","follow":"follow","max-snippet":"max-snippet:-1","max-image-preview":"max-image-preview:large","max-video-preview":"max-video-preview:-1"},"canonical":"https:\/\/auren.com\/es\/blog\/la-imposicion-en-el-alquiler-de-apartamentos-turisticos\/","og_locale":"es_ES","og_type":"article","og_title":"La imposici\u00f3n en el alquiler de apartamentos tur\u00edsticos - Auren Espa\u00f1a","og_description":"El d\u00eda 12 de junio de 2018 se ha publicado un documento elaborado por la Agencia Tributaria en el que se expone el posicionamiento administrativo en relaci\u00f3n con la tributaci\u00f3n en el alquiler de apartamentos tur\u00edsticos, y en este sentido nos parece interesante poner de manifiesto las siguientes cuestiones:","og_url":"https:\/\/auren.com\/es\/blog\/la-imposicion-en-el-alquiler-de-apartamentos-turisticos\/","og_site_name":"Auren","og_image":[{"width":1920,"height":655,"url":"https:\/\/auren.com\/es\/wp-content\/uploads\/2018\/07\/020718-la-imposicion-en-el-alquiler-de-apartamentos-turisticos.jpg","type":"image\/jpeg"}],"twitter_card":"summary_large_image","twitter_site":"@auren_spain","twitter_misc":{"Tiempo de lectura":"4 minutos"},"schema":{"@context":"https:\/\/schema.org","@graph":[{"@type":"WebPage","@id":"https:\/\/auren.com\/es\/blog\/la-imposicion-en-el-alquiler-de-apartamentos-turisticos\/","url":"https:\/\/auren.com\/es\/blog\/la-imposicion-en-el-alquiler-de-apartamentos-turisticos\/","name":"La imposici\u00f3n en el alquiler de apartamentos tur\u00edsticos - Auren Espa\u00f1a","isPartOf":{"@id":"https:\/\/auren.com\/es\/#website"},"primaryImageOfPage":{"@id":"https:\/\/auren.com\/es\/blog\/la-imposicion-en-el-alquiler-de-apartamentos-turisticos\/#primaryimage"},"image":{"@id":"https:\/\/auren.com\/es\/blog\/la-imposicion-en-el-alquiler-de-apartamentos-turisticos\/#primaryimage"},"thumbnailUrl":"https:\/\/auren.com\/es\/wp-content\/uploads\/2018\/07\/020718-la-imposicion-en-el-alquiler-de-apartamentos-turisticos.jpg","datePublished":"2018-07-02T09:01:32+00:00","breadcrumb":{"@id":"https:\/\/auren.com\/es\/blog\/la-imposicion-en-el-alquiler-de-apartamentos-turisticos\/#breadcrumb"},"inLanguage":"es","potentialAction":[{"@type":"ReadAction","target":["https:\/\/auren.com\/es\/blog\/la-imposicion-en-el-alquiler-de-apartamentos-turisticos\/"]}]},{"@type":"ImageObject","inLanguage":"es","@id":"https:\/\/auren.com\/es\/blog\/la-imposicion-en-el-alquiler-de-apartamentos-turisticos\/#primaryimage","url":"https:\/\/auren.com\/es\/wp-content\/uploads\/2018\/07\/020718-la-imposicion-en-el-alquiler-de-apartamentos-turisticos.jpg","contentUrl":"https:\/\/auren.com\/es\/wp-content\/uploads\/2018\/07\/020718-la-imposicion-en-el-alquiler-de-apartamentos-turisticos.jpg","width":1920,"height":655},{"@type":"BreadcrumbList","@id":"https:\/\/auren.com\/es\/blog\/la-imposicion-en-el-alquiler-de-apartamentos-turisticos\/#breadcrumb","itemListElement":[{"@type":"ListItem","position":1,"name":"Portada","item":"https:\/\/auren.com\/es\/"},{"@type":"ListItem","position":2,"name":"La imposici\u00f3n en el alquiler de apartamentos tur\u00edsticos"}]},{"@type":"WebSite","@id":"https:\/\/auren.com\/es\/#website","url":"https:\/\/auren.com\/es\/","name":"Auren","description":"","publisher":{"@id":"https:\/\/auren.com\/es\/#organization"},"alternateName":"Auren","potentialAction":[{"@type":"SearchAction","target":{"@type":"EntryPoint","urlTemplate":"https:\/\/auren.com\/es\/?s={search_term_string}"},"query-input":{"@type":"PropertyValueSpecification","valueRequired":true,"valueName":"search_term_string"}}],"inLanguage":"es"},{"@type":"Organization","@id":"https:\/\/auren.com\/es\/#organization","name":"Auren","alternateName":"Auren","url":"https:\/\/auren.com\/es\/","logo":{"@type":"ImageObject","inLanguage":"es","@id":"https:\/\/auren.com\/es\/#\/schema\/logo\/image\/","url":"https:\/\/auren.com\/es\/wp-content\/uploads\/2025\/01\/cropped-cropped-favicon-Auren.png","contentUrl":"https:\/\/auren.com\/es\/wp-content\/uploads\/2025\/01\/cropped-cropped-favicon-Auren.png","width":512,"height":512,"caption":"Auren"},"image":{"@id":"https:\/\/auren.com\/es\/#\/schema\/logo\/image\/"},"sameAs":["https:\/\/x.com\/auren_spain","https:\/\/www.linkedin.com\/company\/aurenspainserviciosprofesionales","https:\/\/www.youtube.com\/@AurenEsp","https:\/\/www.instagram.com\/auren_spain"]}]}},"_links":{"self":[{"href":"https:\/\/auren.com\/es\/wp-json\/wp\/v2\/blog\/7473","targetHints":{"allow":["GET"]}}],"collection":[{"href":"https:\/\/auren.com\/es\/wp-json\/wp\/v2\/blog"}],"about":[{"href":"https:\/\/auren.com\/es\/wp-json\/wp\/v2\/types\/blog"}],"version-history":[{"count":0,"href":"https:\/\/auren.com\/es\/wp-json\/wp\/v2\/blog\/7473\/revisions"}],"wp:featuredmedia":[{"embeddable":true,"href":"https:\/\/auren.com\/es\/wp-json\/wp\/v2\/media\/7474"}],"wp:attachment":[{"href":"https:\/\/auren.com\/es\/wp-json\/wp\/v2\/media?parent=7473"}],"wp:term":[{"taxonomy":"blog-category","embeddable":true,"href":"https:\/\/auren.com\/es\/wp-json\/wp\/v2\/blog-category?post=7473"}],"curies":[{"name":"wp","href":"https:\/\/api.w.org\/{rel}","templated":true}]}}