{"id":7479,"date":"2018-06-14T10:08:33","date_gmt":"2018-06-14T08:08:33","guid":{"rendered":"https:\/\/auren.com\/es\/blog\/valores-y-precios-aspectos-subjetivos-y-objetivos\/"},"modified":"2018-06-14T10:08:33","modified_gmt":"2018-06-14T08:08:33","slug":"valores-y-precios-aspectos-subjetivos-y-objetivos","status":"publish","type":"blog","link":"https:\/\/auren.com\/es\/blog\/valores-y-precios-aspectos-subjetivos-y-objetivos\/","title":{"rendered":"Valores y precios, aspectos subjetivos y objetivos."},"content":{"rendered":"<p class=\"text-justify\">Populariz\u00f3 Don Antonio Machado aquel dicho que siglos antes hab\u00eda salido de la creaci\u00f3n del magn\u00edfico Don Francisco de Quevedo: \u201csolo el necio confunde el valor con el Precio\u201d y efectivamente: \u00a1Qu\u00e9 gran verdad! , se podr\u00eda incorporar a la misma otro refr\u00e1n t\u00edpico espa\u00f1ol que todos conocemos: \u201cDel dicho al hecho hay un trecho\u201d y redundar\u00edamos sobre la misma idea: Existen muchas valoraciones, pero tan solo se determina un precio.<\/p>\n<p class=\"text-justify\">Sin embargo, siendo muy conscientes de esta realidad que nuestros literatos han compartido con nosotros de una forma muy creativa, no creo que exista ning\u00fan operador de una transacci\u00f3n mercantil que obligatoriamente debe llegar a fijar un precio, que no haya tomado como referencia fundamental una valoraci\u00f3n.<\/p>\n<p class=\"text-justify\">La valoraci\u00f3n es una utilidad econ\u00f3mica y como cualquier otra utilidad maneja por momentos importantes grados de subjetividad, quedando muy lejos de la objetividad absoluta que supone la existencia de precios, los cuales se determinan en una negociaci\u00f3n y est\u00e1n condicionados por las leyes de oferta y demanda. La existencia misma de la subjetividad es algo inherente a toda valoraci\u00f3n, pero debe ser puesta en tela de juicio aplicando los m\u00e9todos de valoraci\u00f3n y los an\u00e1lisis econ\u00f3micos racionales de la forma m\u00e1s exhaustiva posibles.<\/p>\n<p class=\"text-justify\">Es aqu\u00ed donde debemos ser m\u00e1s exigentes en el proceso de an\u00e1lisis y valoraci\u00f3n de una compa\u00f1\u00eda.&nbsp; Se debe enfocar de forma radical hacia el contraste de todos los aspectos estrat\u00e9gicos \u2013 competitivos y los elementos de rentabilidad \u2013 riesgo asociados a tales aspectos.<\/p>\n<p class=\"text-justify\">No me cabe la menor duda que el asesoramiento profesional en este sentido, profundiza en este aspecto y favorecer\u00e1 de una forma efectiva el mejor camino a la fijaci\u00f3n de un precio, ya que terceros cualificados y con experiencia, son aquellos m\u00e1s distantes a las subjetividades l\u00edcitas del propietario. En definitiva, son ellos (incluso me atrever\u00eda a decir que son los \u00fanicos) los que pueden aportar la independencia necesaria para valorar m\u00e1s \u201cobjetivamente\u201d la compa\u00f1\u00eda.<\/p>\n<p class=\"text-justify\">El profesional, no se deja contaminar en este proceso y busca, casi dir\u00eda, obsesivamente el despojar a la empresa de sus aditivos personales para colocarla dentro de su capacidad real para competir hoy en d\u00eda y en el futuro m\u00e1s inmediato.<\/p>\n<p class=\"text-justify\">La conexi\u00f3n con la propiedad, el v\u00ednculo de trabajo continuado con el equipo directivo de la compa\u00f1\u00eda es fundamental para tener el mejor de los conocimientos vinculados a las debilidades y fortalezas del cliente, pero debe ser en el seno del equipo de trabajo del asesor, donde esas debilidades y fortalezas se relativicen en funci\u00f3n de las amenazas y oportunidades observadas en los sectores empresariales.<\/p>\n<p class=\"text-justify\">Estoy plenamente convencido de que es fundamentalmente en este aspecto donde se puede aportar un valor efectivo al cliente que encara las fases preliminares de una transacci\u00f3n o incluso a aquellos que simplemente buscan una visi\u00f3n menos \u201capasionada\u201d de su capacidad de generar valor sin estar necesariamente inmersos en una transacci\u00f3n.<\/p>\n<p class=\"text-justify\">Los modelos son estructuras matem\u00e1ticas que como tal pueden ser manipulados para que simulen los resultados deseados, pero nada se puede hacer para domar al poder de las fuerzas competitivas. Someter los modelos de valoraci\u00f3n al contraste mediante las herramientas de toma de decisi\u00f3n estrat\u00e9gica (DAFOS, Matrices de posicionamiento, lienzos y otras) es una de las mejores formas de aportar el mayor grado de objetividad a la valoraci\u00f3n y conformar de esta forma una mejor interpretaci\u00f3n de la posici\u00f3n de rentabilidad \u2013 riesgo de la compa\u00f1\u00eda, elemento fundamental a la hora de fijar precios.<\/p>\n<p class=\"text-justify\"><b>Fernando \u00c1lvarez Blanco, Socio Auren Corporate<\/b><\/p>\n<p><!-- AddThis Advanced Settings generic via filter on the_content --><!-- AddThis Share Buttons generic via filter on the_content --><\/p>\n","protected":false},"excerpt":{"rendered":"<p>Populariz\u00f3 Don Antonio Machado aquel dicho que siglos antes hab\u00eda salido de la creaci\u00f3n del magn\u00edfico Don Francisco de Quevedo: \u201csolo el necio confunde el valor con el Precio\u201d y efectivamente: \u00a1Qu\u00e9 gran verdad! , se podr\u00eda incorporar a la misma otro refr\u00e1n t\u00edpico espa\u00f1ol que todos conocemos: \u201cDel dicho al hecho hay un trecho\u201d y redundar\u00edamos sobre la misma idea: Existen muchas valoraciones, pero tan solo se determina un precio.<\/p>\n","protected":false},"featured_media":7480,"template":"","meta":{"_acf_changed":false,"footnotes":""},"blog-category":[],"class_list":["post-7479","blog","type-blog","status-publish","has-post-thumbnail","hentry"],"acf":[],"yoast_head":"<!-- This site is optimized with the Yoast SEO plugin v27.4 - https:\/\/yoast.com\/product\/yoast-seo-wordpress\/ -->\n<title>Valores y precios, aspectos subjetivos y objetivos. - Auren Espa\u00f1a<\/title>\n<meta name=\"robots\" content=\"index, follow, max-snippet:-1, max-image-preview:large, max-video-preview:-1\" \/>\n<link rel=\"canonical\" href=\"https:\/\/auren.com\/es\/blog\/valores-y-precios-aspectos-subjetivos-y-objetivos\/\" \/>\n<meta property=\"og:locale\" content=\"es_ES\" \/>\n<meta property=\"og:type\" content=\"article\" \/>\n<meta property=\"og:title\" content=\"Valores y precios, aspectos subjetivos y objetivos. - Auren Espa\u00f1a\" \/>\n<meta property=\"og:description\" content=\"Populariz\u00f3 Don Antonio Machado aquel dicho que siglos antes hab\u00eda salido de la creaci\u00f3n del magn\u00edfico Don Francisco de Quevedo: \u201csolo el necio confunde el valor con el Precio\u201d y efectivamente: \u00a1Qu\u00e9 gran verdad! , se podr\u00eda incorporar a la misma otro refr\u00e1n t\u00edpico espa\u00f1ol que todos conocemos: \u201cDel dicho al hecho hay un trecho\u201d y redundar\u00edamos sobre la misma idea: Existen muchas valoraciones, pero tan solo se determina un precio.\" \/>\n<meta property=\"og:url\" content=\"https:\/\/auren.com\/es\/blog\/valores-y-precios-aspectos-subjetivos-y-objetivos\/\" \/>\n<meta property=\"og:site_name\" content=\"Auren\" \/>\n<meta property=\"og:image\" content=\"https:\/\/auren.com\/es\/wp-content\/uploads\/2018\/06\/180618-valores-y-precios-fernando-alvarez-imagen.jpg\" \/>\n\t<meta property=\"og:image:width\" content=\"1920\" \/>\n\t<meta property=\"og:image:height\" content=\"655\" \/>\n\t<meta property=\"og:image:type\" content=\"image\/jpeg\" \/>\n<meta name=\"twitter:card\" content=\"summary_large_image\" \/>\n<meta name=\"twitter:site\" content=\"@auren_spain\" \/>\n<meta name=\"twitter:label1\" content=\"Tiempo de lectura\" \/>\n\t<meta name=\"twitter:data1\" content=\"3 minutos\" \/>\n<script type=\"application\/ld+json\" class=\"yoast-schema-graph\">{\"@context\":\"https:\\\/\\\/schema.org\",\"@graph\":[{\"@type\":\"WebPage\",\"@id\":\"https:\\\/\\\/auren.com\\\/es\\\/blog\\\/valores-y-precios-aspectos-subjetivos-y-objetivos\\\/\",\"url\":\"https:\\\/\\\/auren.com\\\/es\\\/blog\\\/valores-y-precios-aspectos-subjetivos-y-objetivos\\\/\",\"name\":\"Valores y precios, aspectos subjetivos y objetivos. - Auren Espa\u00f1a\",\"isPartOf\":{\"@id\":\"https:\\\/\\\/auren.com\\\/es\\\/#website\"},\"primaryImageOfPage\":{\"@id\":\"https:\\\/\\\/auren.com\\\/es\\\/blog\\\/valores-y-precios-aspectos-subjetivos-y-objetivos\\\/#primaryimage\"},\"image\":{\"@id\":\"https:\\\/\\\/auren.com\\\/es\\\/blog\\\/valores-y-precios-aspectos-subjetivos-y-objetivos\\\/#primaryimage\"},\"thumbnailUrl\":\"https:\\\/\\\/auren.com\\\/es\\\/wp-content\\\/uploads\\\/2018\\\/06\\\/180618-valores-y-precios-fernando-alvarez-imagen.jpg\",\"datePublished\":\"2018-06-14T08:08:33+00:00\",\"breadcrumb\":{\"@id\":\"https:\\\/\\\/auren.com\\\/es\\\/blog\\\/valores-y-precios-aspectos-subjetivos-y-objetivos\\\/#breadcrumb\"},\"inLanguage\":\"es\",\"potentialAction\":[{\"@type\":\"ReadAction\",\"target\":[\"https:\\\/\\\/auren.com\\\/es\\\/blog\\\/valores-y-precios-aspectos-subjetivos-y-objetivos\\\/\"]}]},{\"@type\":\"ImageObject\",\"inLanguage\":\"es\",\"@id\":\"https:\\\/\\\/auren.com\\\/es\\\/blog\\\/valores-y-precios-aspectos-subjetivos-y-objetivos\\\/#primaryimage\",\"url\":\"https:\\\/\\\/auren.com\\\/es\\\/wp-content\\\/uploads\\\/2018\\\/06\\\/180618-valores-y-precios-fernando-alvarez-imagen.jpg\",\"contentUrl\":\"https:\\\/\\\/auren.com\\\/es\\\/wp-content\\\/uploads\\\/2018\\\/06\\\/180618-valores-y-precios-fernando-alvarez-imagen.jpg\",\"width\":1920,\"height\":655},{\"@type\":\"BreadcrumbList\",\"@id\":\"https:\\\/\\\/auren.com\\\/es\\\/blog\\\/valores-y-precios-aspectos-subjetivos-y-objetivos\\\/#breadcrumb\",\"itemListElement\":[{\"@type\":\"ListItem\",\"position\":1,\"name\":\"Portada\",\"item\":\"https:\\\/\\\/auren.com\\\/es\\\/\"},{\"@type\":\"ListItem\",\"position\":2,\"name\":\"Valores y precios, aspectos subjetivos y objetivos.\"}]},{\"@type\":\"WebSite\",\"@id\":\"https:\\\/\\\/auren.com\\\/es\\\/#website\",\"url\":\"https:\\\/\\\/auren.com\\\/es\\\/\",\"name\":\"Auren\",\"description\":\"\",\"publisher\":{\"@id\":\"https:\\\/\\\/auren.com\\\/es\\\/#organization\"},\"alternateName\":\"Auren\",\"potentialAction\":[{\"@type\":\"SearchAction\",\"target\":{\"@type\":\"EntryPoint\",\"urlTemplate\":\"https:\\\/\\\/auren.com\\\/es\\\/?s={search_term_string}\"},\"query-input\":{\"@type\":\"PropertyValueSpecification\",\"valueRequired\":true,\"valueName\":\"search_term_string\"}}],\"inLanguage\":\"es\"},{\"@type\":\"Organization\",\"@id\":\"https:\\\/\\\/auren.com\\\/es\\\/#organization\",\"name\":\"Auren\",\"alternateName\":\"Auren\",\"url\":\"https:\\\/\\\/auren.com\\\/es\\\/\",\"logo\":{\"@type\":\"ImageObject\",\"inLanguage\":\"es\",\"@id\":\"https:\\\/\\\/auren.com\\\/es\\\/#\\\/schema\\\/logo\\\/image\\\/\",\"url\":\"https:\\\/\\\/auren.com\\\/es\\\/wp-content\\\/uploads\\\/2025\\\/01\\\/cropped-cropped-favicon-Auren.png\",\"contentUrl\":\"https:\\\/\\\/auren.com\\\/es\\\/wp-content\\\/uploads\\\/2025\\\/01\\\/cropped-cropped-favicon-Auren.png\",\"width\":512,\"height\":512,\"caption\":\"Auren\"},\"image\":{\"@id\":\"https:\\\/\\\/auren.com\\\/es\\\/#\\\/schema\\\/logo\\\/image\\\/\"},\"sameAs\":[\"https:\\\/\\\/x.com\\\/auren_spain\",\"https:\\\/\\\/www.linkedin.com\\\/company\\\/aurenspainserviciosprofesionales\",\"https:\\\/\\\/www.youtube.com\\\/@AurenEsp\",\"https:\\\/\\\/www.instagram.com\\\/auren_spain\"]}]}<\/script>\n<!-- \/ Yoast SEO plugin. -->","yoast_head_json":{"title":"Valores y precios, aspectos subjetivos y objetivos. - Auren Espa\u00f1a","robots":{"index":"index","follow":"follow","max-snippet":"max-snippet:-1","max-image-preview":"max-image-preview:large","max-video-preview":"max-video-preview:-1"},"canonical":"https:\/\/auren.com\/es\/blog\/valores-y-precios-aspectos-subjetivos-y-objetivos\/","og_locale":"es_ES","og_type":"article","og_title":"Valores y precios, aspectos subjetivos y objetivos. - Auren Espa\u00f1a","og_description":"Populariz\u00f3 Don Antonio Machado aquel dicho que siglos antes hab\u00eda salido de la creaci\u00f3n del magn\u00edfico Don Francisco de Quevedo: \u201csolo el necio confunde el valor con el Precio\u201d y efectivamente: \u00a1Qu\u00e9 gran verdad! , se podr\u00eda incorporar a la misma otro refr\u00e1n t\u00edpico espa\u00f1ol que todos conocemos: \u201cDel dicho al hecho hay un trecho\u201d y redundar\u00edamos sobre la misma idea: Existen muchas valoraciones, pero tan solo se determina un precio.","og_url":"https:\/\/auren.com\/es\/blog\/valores-y-precios-aspectos-subjetivos-y-objetivos\/","og_site_name":"Auren","og_image":[{"width":1920,"height":655,"url":"https:\/\/auren.com\/es\/wp-content\/uploads\/2018\/06\/180618-valores-y-precios-fernando-alvarez-imagen.jpg","type":"image\/jpeg"}],"twitter_card":"summary_large_image","twitter_site":"@auren_spain","twitter_misc":{"Tiempo de lectura":"3 minutos"},"schema":{"@context":"https:\/\/schema.org","@graph":[{"@type":"WebPage","@id":"https:\/\/auren.com\/es\/blog\/valores-y-precios-aspectos-subjetivos-y-objetivos\/","url":"https:\/\/auren.com\/es\/blog\/valores-y-precios-aspectos-subjetivos-y-objetivos\/","name":"Valores y precios, aspectos subjetivos y objetivos. - Auren Espa\u00f1a","isPartOf":{"@id":"https:\/\/auren.com\/es\/#website"},"primaryImageOfPage":{"@id":"https:\/\/auren.com\/es\/blog\/valores-y-precios-aspectos-subjetivos-y-objetivos\/#primaryimage"},"image":{"@id":"https:\/\/auren.com\/es\/blog\/valores-y-precios-aspectos-subjetivos-y-objetivos\/#primaryimage"},"thumbnailUrl":"https:\/\/auren.com\/es\/wp-content\/uploads\/2018\/06\/180618-valores-y-precios-fernando-alvarez-imagen.jpg","datePublished":"2018-06-14T08:08:33+00:00","breadcrumb":{"@id":"https:\/\/auren.com\/es\/blog\/valores-y-precios-aspectos-subjetivos-y-objetivos\/#breadcrumb"},"inLanguage":"es","potentialAction":[{"@type":"ReadAction","target":["https:\/\/auren.com\/es\/blog\/valores-y-precios-aspectos-subjetivos-y-objetivos\/"]}]},{"@type":"ImageObject","inLanguage":"es","@id":"https:\/\/auren.com\/es\/blog\/valores-y-precios-aspectos-subjetivos-y-objetivos\/#primaryimage","url":"https:\/\/auren.com\/es\/wp-content\/uploads\/2018\/06\/180618-valores-y-precios-fernando-alvarez-imagen.jpg","contentUrl":"https:\/\/auren.com\/es\/wp-content\/uploads\/2018\/06\/180618-valores-y-precios-fernando-alvarez-imagen.jpg","width":1920,"height":655},{"@type":"BreadcrumbList","@id":"https:\/\/auren.com\/es\/blog\/valores-y-precios-aspectos-subjetivos-y-objetivos\/#breadcrumb","itemListElement":[{"@type":"ListItem","position":1,"name":"Portada","item":"https:\/\/auren.com\/es\/"},{"@type":"ListItem","position":2,"name":"Valores y precios, aspectos subjetivos y objetivos."}]},{"@type":"WebSite","@id":"https:\/\/auren.com\/es\/#website","url":"https:\/\/auren.com\/es\/","name":"Auren","description":"","publisher":{"@id":"https:\/\/auren.com\/es\/#organization"},"alternateName":"Auren","potentialAction":[{"@type":"SearchAction","target":{"@type":"EntryPoint","urlTemplate":"https:\/\/auren.com\/es\/?s={search_term_string}"},"query-input":{"@type":"PropertyValueSpecification","valueRequired":true,"valueName":"search_term_string"}}],"inLanguage":"es"},{"@type":"Organization","@id":"https:\/\/auren.com\/es\/#organization","name":"Auren","alternateName":"Auren","url":"https:\/\/auren.com\/es\/","logo":{"@type":"ImageObject","inLanguage":"es","@id":"https:\/\/auren.com\/es\/#\/schema\/logo\/image\/","url":"https:\/\/auren.com\/es\/wp-content\/uploads\/2025\/01\/cropped-cropped-favicon-Auren.png","contentUrl":"https:\/\/auren.com\/es\/wp-content\/uploads\/2025\/01\/cropped-cropped-favicon-Auren.png","width":512,"height":512,"caption":"Auren"},"image":{"@id":"https:\/\/auren.com\/es\/#\/schema\/logo\/image\/"},"sameAs":["https:\/\/x.com\/auren_spain","https:\/\/www.linkedin.com\/company\/aurenspainserviciosprofesionales","https:\/\/www.youtube.com\/@AurenEsp","https:\/\/www.instagram.com\/auren_spain"]}]}},"_links":{"self":[{"href":"https:\/\/auren.com\/es\/wp-json\/wp\/v2\/blog\/7479","targetHints":{"allow":["GET"]}}],"collection":[{"href":"https:\/\/auren.com\/es\/wp-json\/wp\/v2\/blog"}],"about":[{"href":"https:\/\/auren.com\/es\/wp-json\/wp\/v2\/types\/blog"}],"version-history":[{"count":0,"href":"https:\/\/auren.com\/es\/wp-json\/wp\/v2\/blog\/7479\/revisions"}],"wp:featuredmedia":[{"embeddable":true,"href":"https:\/\/auren.com\/es\/wp-json\/wp\/v2\/media\/7480"}],"wp:attachment":[{"href":"https:\/\/auren.com\/es\/wp-json\/wp\/v2\/media?parent=7479"}],"wp:term":[{"taxonomy":"blog-category","embeddable":true,"href":"https:\/\/auren.com\/es\/wp-json\/wp\/v2\/blog-category?post=7479"}],"curies":[{"name":"wp","href":"https:\/\/api.w.org\/{rel}","templated":true}]}}