{"id":7503,"date":"2018-05-11T10:29:49","date_gmt":"2018-05-11T08:29:49","guid":{"rendered":"https:\/\/auren.com\/es\/blog\/diez-claves-del-nuevo-reglamento-general-de-proteccion-de-datos-rgpd\/"},"modified":"2018-05-11T10:29:49","modified_gmt":"2018-05-11T08:29:49","slug":"diez-claves-del-nuevo-reglamento-general-de-proteccion-de-datos-rgpd","status":"publish","type":"blog","link":"https:\/\/auren.com\/es\/blog\/diez-claves-del-nuevo-reglamento-general-de-proteccion-de-datos-rgpd\/","title":{"rendered":"Diez claves del nuevo Reglamento General de Protecci\u00f3n de Datos (RGPD)"},"content":{"rendered":"<p class=\"text-justify\">El nuevo&nbsp;Reglamento General de Protecci\u00f3n de Datos&nbsp;(RGPD)&nbsp;(empieza a aplicarse el 25 de mayo de 2018), supone la transformaci\u00f3n legislativa&nbsp;m\u00e1s importante de las \u00faltimas d\u00e9cadas en cuanto a&nbsp;privacidad.&nbsp;Anteriormente, el foco estaba puesto en un cumplimiento m\u00e1s formal, ahora, la normativa europea presta especial atenci\u00f3n a la aplicaci\u00f3n real de las medidas de protecci\u00f3n de los datos y su integraci\u00f3n en la cultura corporativa, teniendo en cuenta tres principios fundamentales:<\/p>\n<ul class=\"text-justify\">\n<li class=\"text-justify\"><strong>Responsabilidad activa<\/strong>:&nbsp;las organizaciones deben ser capaces de demostrar que han adoptado todas las medidas necesarias para tratar los datos personales como exige la norma.   <\/li>\n<li class=\"text-justify\"><strong>Protecci\u00f3n de datos<\/strong><strong>&nbsp;por defecto y desde el dise\u00f1o<\/strong>:&nbsp;las medidas se adoptar\u00e1n desde el mismo momento en el que se dise\u00f1e una empresa, producto, servicio o actividad que implique tratamiento de datos.      <\/li>\n<li class=\"text-justify\"><strong>Transparencia<\/strong>:&nbsp;los avisos legales y pol\u00edticas de privacidad deber\u00e1n ser m\u00e1s simples e inteligibles, facilitando su comprensi\u00f3n, adem\u00e1s de m\u00e1s completos.   <\/li>\n<\/ul>\n<p class=\"text-justify\">Estas son las <strong>diez claves<\/strong> o puntos m\u00e1s destacados del nuevo&nbsp;RGPD:<\/p>\n<p class=\"text-justify\"><strong>1. FINALIDAD<\/strong><\/p>\n<p class=\"text-justify\">  El Reglamento establece la necesidad de identificar&nbsp;con precisi\u00f3n las&nbsp;finalidades&nbsp;y la base jur\u00eddica de los tratamientos&nbsp;que lleva a cabo la empresa. &nbsp;Adem\u00e1s, se exige que si el responsable de la gesti\u00f3n planea en un futuro usar dicha informaci\u00f3n para otro fin, deber\u00e1 informar a los&nbsp;usuarios.   <\/p>\n<p class=\"text-justify\">La identificaci\u00f3n de finalidades y&nbsp;base jur\u00eddica&nbsp;tiene&nbsp;exigencias adicionales en los casos en que se traten&nbsp;datos de especial protecci\u00f3n&nbsp;como los relacionados con salud, ideolog\u00eda, religi\u00f3n o pertenencia \u00e9tnica. El tratamiento de estos datos est\u00e1, con car\u00e1cter general, prohibido y s\u00f3lo podr\u00e1 llevarse a cabo si es aplicable alguna de las excepciones previstas en el&nbsp;Reglamento.<\/p>\n<p class=\"text-justify\"><strong>2. CONSENTIMIENTO E INFORMACI\u00d3N<\/strong><\/p>\n<p class=\"text-justify\">El nuevo texto obliga a modificar las&nbsp;pol\u00edticas de privacidad&nbsp;en lo referente a la recogida de&nbsp;datos personales. El&nbsp;consentimiento&nbsp;deber\u00e1 ser libre, espec\u00edfico, informado e inequ\u00edvoco&nbsp;mediante declaraci\u00f3n o&nbsp;clara acci\u00f3n informativa. Los consentimientos conocidos como \u201ct\u00e1citos\u201d, basados en la inacci\u00f3n de los interesados, dejar\u00e1n de ser v\u00e1lidos con la aplicaci\u00f3n del&nbsp;RGPD.<\/p>\n<p class=\"text-justify\">El Reglamento obliga a ofrecer informaci\u00f3n m\u00e1s amplia que la actualmente recogida&nbsp;por la&nbsp;Ley Org\u00e1nica de Protecci\u00f3n de Datos&nbsp;(LOPD). Precisa del mismo modo, que esta informaci\u00f3n se proporcione de forma concisa,&nbsp;transparente, inteligible y de f\u00e1cil acceso, con un lenguaje claro y sencillo.<\/p>\n<p class=\"text-justify\"><strong>3. REGISTRO DE ACTIVIDADES<\/strong><\/p>\n<p class=\"text-justify\">Dejan de existir los \u201cficheros\u201d y el correspondiente registro de los mismos ante la AEPD. Deber\u00e1 establecerse y documentarse un procedimiento por el cual los responsables del tratamiento llevar\u00e1n un&nbsp;registro de las actividades efectuadas&nbsp;en la materia. Dicho registro contendr\u00e1 informaci\u00f3n relativa al tipo de datos personales que se recogen, los&nbsp;destinatarios, los plazos&nbsp;previstos para la supresi\u00f3n,&nbsp;la finalidad del tratamiento y las&nbsp;medidas t\u00e9cnicas&nbsp;y de&nbsp;seguridad&nbsp;adoptadas por la organizaci\u00f3n, entre otros aspectos.<\/p>\n<p class=\"text-justify\"><strong>4. NUEVOS DERECHOS<\/strong><\/p>\n<p class=\"text-justify\">A los derechos \u201cARCO\u201d (Acceso, Rectificaci\u00f3n, Cancelaci\u00f3n y Oposici\u00f3n) se a\u00f1ade el Derecho al Olvido (Derecho al borrado de los datos en el entorno online), la Limitaci\u00f3n de Tratamiento (A petici\u00f3n del interesado, no se aplicar\u00e1n a sus datos personales las operaciones de tratamiento que en cada caso corresponder\u00edan) y la Portabilidad (Los datos se deben entregar al interesado en formato estructurado, de uso com\u00fan y lectura mec\u00e1nica&nbsp; y si es posible, debe permitir ser trasmitido directamente a otro responsable)<\/p>\n<p class=\"text-justify\"><strong>5. EVALUACIONES DE IMPACTO<\/strong><\/p>\n<p class=\"text-justify\">Cuando un tratamiento entra\u00f1e un alto riesgo, se deber\u00e1 realizar antes del mismo una evaluaci\u00f3n del impacto en la protecci\u00f3n de datos personales, que consiste en un an\u00e1lisis de los riesgos de un determinado sistema de informaci\u00f3n, producto o servicio.<\/p>\n<p class=\"text-justify\">Se consideran aquellos que implican una evaluaci\u00f3n sistem\u00e1tica y exhaustiva de aspectos personales mediante tratamiento automatizado (perfiles), un tratamiento a gran escala de categor\u00edas especiales de datos (podr\u00eda ser el caso de Hospitales) o de datos relativos a condenas e infracciones penales, una observaci\u00f3n sistem\u00e1tica a gran escala de una zona de acceso p\u00fablico (video vigilancia).   <\/p>\n<p class=\"text-justify\">La norma exige implementar una&nbsp;metodolog\u00eda&nbsp;que permita&nbsp;evaluar los riesgos&nbsp;en el tratamiento de datos personales y adoptar las acciones pertinentes para mitigar o eliminar dichos&nbsp;riesgos.   <\/p>\n<p class=\"text-justify\"><strong>6. SEGURIDAD DEL TRATAMIENTO<\/strong><\/p>\n<p class=\"text-justify\">Para dar cumplimiento a las medidas de seguridad a aplicar sobre los datos personales se deber\u00e1 analizar el nivel actual de riesgos asociados a los datos personales desde las&nbsp;dimensiones de confidencialidad, integridad, disponibilidad y resiliencia&nbsp;de los sistemas y servicios de tratamiento que intervengan en el ciclo de vida del dato, para posteriormente definir y dise\u00f1ar el modelo de seguridad que se desea conseguir y las acciones necesarias para ajustarse a ese modelo.<\/p>\n<p class=\"text-justify\"><strong>7. BRECHAS DE SEGURIDAD<\/strong><\/p>\n<p class=\"text-justify\">Toda&nbsp;violaci\u00f3n de seguridad&nbsp;que se produzca y est\u00e9 relacionada con datos personales deber\u00e1 ser&nbsp;notificada a la&nbsp;autoridad de control&nbsp;sin dilaci\u00f3n indebida&nbsp;y en casos graves a los afectados estableci\u00e9ndose el plazo m\u00e1ximo de 72 horas. El&nbsp;RGPD&nbsp;establece, &nbsp;a su vez, la obligaci\u00f3n de mantener un registro de todos los incidentes de seguridad, sean o no objeto de notificaci\u00f3n y la notificaci\u00f3n sin dilaci\u00f3n indebida a los afectados en caso que supona un alto riesgo.<\/p>\n<p class=\"text-justify\"><strong>8. DELEGADO DE PROTECCI\u00d3N DE DATOS<\/strong><\/p>\n<p class=\"text-justify\">Ser\u00e1 necesario designar a un delegado de protecci\u00f3n de datos&nbsp;(Data Protection Officer, DPO)&nbsp;externo o interno en funci\u00f3n de ciertos criterios, siendo algunos de ellos el volumen de datos gestionados o por las categor\u00edas especiales de \u00e9stos. Esta figura se encargar\u00e1 de supervisar y asesorar al encargado del tratamiento, as\u00ed como de ejercer de nexo con la&nbsp;autoridad de control. El texto especifica tambi\u00e9n, los criterios para su designaci\u00f3n, su posici\u00f3n dentro de la organizaci\u00f3n y sus funciones.<\/p>\n<p class=\"text-justify\"><strong>9. CERTIFICACIONES<\/strong><\/p>\n<p class=\"text-justify\">Se prev\u00e9 la creaci\u00f3n de&nbsp;sellos y certificaciones&nbsp;de cumplimiento, que permitan acreditar el respeto al RGPD por parte de las empresas y organizaciones. \u00c9stas ser\u00e1n voluntarias para reforzar la imagen y compromiso de las empresas.<\/p>\n<p class=\"text-justify\"><strong>10. R\u00c9GIMEN SANCIONADOR<\/strong><\/p>\n<p class=\"text-justify\">El r\u00e9gimen sancionador del&nbsp;RGPD&nbsp;prev\u00e9 el incremento del importe de las cuant\u00edas, pudiendo llegar a los 20 millones de euros o el 4% de la facturaci\u00f3n global anual del grupo empresarial.<\/p>\n<p>&nbsp; <\/p>\n<p><!-- AddThis Advanced Settings generic via filter on the_content --><!-- AddThis Share Buttons generic via filter on the_content --><\/p>\n","protected":false},"excerpt":{"rendered":"<p>El nuevo&nbsp;Reglamento General de Protecci\u00f3n de Datos&nbsp;(RGPD)&nbsp;(empieza a aplicarse el 25 de mayo de 2018), supone la transformaci\u00f3n legislativa&nbsp;m\u00e1s importante de las \u00faltimas d\u00e9cadas en cuanto a&nbsp;privacidad.&nbsp;Anteriormente, el foco estaba puesto en un cumplimiento m\u00e1s formal, ahora, la normativa europea presta especial atenci\u00f3n a la aplicaci\u00f3n real de las medidas de protecci\u00f3n de los datos y su integraci\u00f3n en la cultura corporativa, teniendo en cuenta tres principios fundamentales:<\/p>\n","protected":false},"featured_media":7504,"template":"","meta":{"_acf_changed":false,"footnotes":""},"blog-category":[],"class_list":["post-7503","blog","type-blog","status-publish","has-post-thumbnail","hentry"],"acf":[],"yoast_head":"<!-- This site is optimized with the Yoast SEO plugin v27.4 - https:\/\/yoast.com\/product\/yoast-seo-wordpress\/ -->\n<title>Diez claves del nuevo Reglamento General de Protecci\u00f3n de Datos (RGPD) - Auren Espa\u00f1a<\/title>\n<meta name=\"robots\" content=\"index, follow, max-snippet:-1, max-image-preview:large, max-video-preview:-1\" \/>\n<link rel=\"canonical\" href=\"https:\/\/auren.com\/es\/blog\/diez-claves-del-nuevo-reglamento-general-de-proteccion-de-datos-rgpd\/\" \/>\n<meta property=\"og:locale\" content=\"es_ES\" \/>\n<meta property=\"og:type\" content=\"article\" \/>\n<meta property=\"og:title\" content=\"Diez claves del nuevo Reglamento General de Protecci\u00f3n de Datos (RGPD) - Auren Espa\u00f1a\" \/>\n<meta property=\"og:description\" content=\"El nuevo&nbsp;Reglamento General de Protecci\u00f3n de Datos&nbsp;(RGPD)&nbsp;(empieza a aplicarse el 25 de mayo de 2018), supone la transformaci\u00f3n legislativa&nbsp;m\u00e1s importante de las \u00faltimas d\u00e9cadas en cuanto a&nbsp;privacidad.&nbsp;Anteriormente, el foco estaba puesto en un cumplimiento m\u00e1s formal, ahora, la normativa europea presta especial atenci\u00f3n a la aplicaci\u00f3n real de las medidas de protecci\u00f3n de los datos y su integraci\u00f3n en la cultura corporativa, teniendo en cuenta tres principios fundamentales:\" \/>\n<meta property=\"og:url\" content=\"https:\/\/auren.com\/es\/blog\/diez-claves-del-nuevo-reglamento-general-de-proteccion-de-datos-rgpd\/\" \/>\n<meta property=\"og:site_name\" content=\"Auren\" \/>\n<meta property=\"og:image\" content=\"https:\/\/auren.com\/es\/wp-content\/uploads\/2018\/05\/diez-claves-del-rgpd-imagen-3.jpg\" \/>\n\t<meta property=\"og:image:width\" content=\"1920\" \/>\n\t<meta property=\"og:image:height\" content=\"655\" \/>\n\t<meta property=\"og:image:type\" content=\"image\/jpeg\" \/>\n<meta name=\"twitter:card\" content=\"summary_large_image\" \/>\n<meta name=\"twitter:site\" content=\"@auren_spain\" \/>\n<meta name=\"twitter:label1\" content=\"Tiempo de lectura\" \/>\n\t<meta name=\"twitter:data1\" content=\"6 minutos\" \/>\n<script type=\"application\/ld+json\" class=\"yoast-schema-graph\">{\"@context\":\"https:\\\/\\\/schema.org\",\"@graph\":[{\"@type\":\"WebPage\",\"@id\":\"https:\\\/\\\/auren.com\\\/es\\\/blog\\\/diez-claves-del-nuevo-reglamento-general-de-proteccion-de-datos-rgpd\\\/\",\"url\":\"https:\\\/\\\/auren.com\\\/es\\\/blog\\\/diez-claves-del-nuevo-reglamento-general-de-proteccion-de-datos-rgpd\\\/\",\"name\":\"Diez claves del nuevo Reglamento General de Protecci\u00f3n de Datos (RGPD) - Auren Espa\u00f1a\",\"isPartOf\":{\"@id\":\"https:\\\/\\\/auren.com\\\/es\\\/#website\"},\"primaryImageOfPage\":{\"@id\":\"https:\\\/\\\/auren.com\\\/es\\\/blog\\\/diez-claves-del-nuevo-reglamento-general-de-proteccion-de-datos-rgpd\\\/#primaryimage\"},\"image\":{\"@id\":\"https:\\\/\\\/auren.com\\\/es\\\/blog\\\/diez-claves-del-nuevo-reglamento-general-de-proteccion-de-datos-rgpd\\\/#primaryimage\"},\"thumbnailUrl\":\"https:\\\/\\\/auren.com\\\/es\\\/wp-content\\\/uploads\\\/2018\\\/05\\\/diez-claves-del-rgpd-imagen-3.jpg\",\"datePublished\":\"2018-05-11T08:29:49+00:00\",\"breadcrumb\":{\"@id\":\"https:\\\/\\\/auren.com\\\/es\\\/blog\\\/diez-claves-del-nuevo-reglamento-general-de-proteccion-de-datos-rgpd\\\/#breadcrumb\"},\"inLanguage\":\"es\",\"potentialAction\":[{\"@type\":\"ReadAction\",\"target\":[\"https:\\\/\\\/auren.com\\\/es\\\/blog\\\/diez-claves-del-nuevo-reglamento-general-de-proteccion-de-datos-rgpd\\\/\"]}]},{\"@type\":\"ImageObject\",\"inLanguage\":\"es\",\"@id\":\"https:\\\/\\\/auren.com\\\/es\\\/blog\\\/diez-claves-del-nuevo-reglamento-general-de-proteccion-de-datos-rgpd\\\/#primaryimage\",\"url\":\"https:\\\/\\\/auren.com\\\/es\\\/wp-content\\\/uploads\\\/2018\\\/05\\\/diez-claves-del-rgpd-imagen-3.jpg\",\"contentUrl\":\"https:\\\/\\\/auren.com\\\/es\\\/wp-content\\\/uploads\\\/2018\\\/05\\\/diez-claves-del-rgpd-imagen-3.jpg\",\"width\":1920,\"height\":655},{\"@type\":\"BreadcrumbList\",\"@id\":\"https:\\\/\\\/auren.com\\\/es\\\/blog\\\/diez-claves-del-nuevo-reglamento-general-de-proteccion-de-datos-rgpd\\\/#breadcrumb\",\"itemListElement\":[{\"@type\":\"ListItem\",\"position\":1,\"name\":\"Portada\",\"item\":\"https:\\\/\\\/auren.com\\\/es\\\/\"},{\"@type\":\"ListItem\",\"position\":2,\"name\":\"Diez claves del nuevo Reglamento General de Protecci\u00f3n de Datos (RGPD)\"}]},{\"@type\":\"WebSite\",\"@id\":\"https:\\\/\\\/auren.com\\\/es\\\/#website\",\"url\":\"https:\\\/\\\/auren.com\\\/es\\\/\",\"name\":\"Auren\",\"description\":\"\",\"publisher\":{\"@id\":\"https:\\\/\\\/auren.com\\\/es\\\/#organization\"},\"alternateName\":\"Auren\",\"potentialAction\":[{\"@type\":\"SearchAction\",\"target\":{\"@type\":\"EntryPoint\",\"urlTemplate\":\"https:\\\/\\\/auren.com\\\/es\\\/?s={search_term_string}\"},\"query-input\":{\"@type\":\"PropertyValueSpecification\",\"valueRequired\":true,\"valueName\":\"search_term_string\"}}],\"inLanguage\":\"es\"},{\"@type\":\"Organization\",\"@id\":\"https:\\\/\\\/auren.com\\\/es\\\/#organization\",\"name\":\"Auren\",\"alternateName\":\"Auren\",\"url\":\"https:\\\/\\\/auren.com\\\/es\\\/\",\"logo\":{\"@type\":\"ImageObject\",\"inLanguage\":\"es\",\"@id\":\"https:\\\/\\\/auren.com\\\/es\\\/#\\\/schema\\\/logo\\\/image\\\/\",\"url\":\"https:\\\/\\\/auren.com\\\/es\\\/wp-content\\\/uploads\\\/2025\\\/01\\\/cropped-cropped-favicon-Auren.png\",\"contentUrl\":\"https:\\\/\\\/auren.com\\\/es\\\/wp-content\\\/uploads\\\/2025\\\/01\\\/cropped-cropped-favicon-Auren.png\",\"width\":512,\"height\":512,\"caption\":\"Auren\"},\"image\":{\"@id\":\"https:\\\/\\\/auren.com\\\/es\\\/#\\\/schema\\\/logo\\\/image\\\/\"},\"sameAs\":[\"https:\\\/\\\/x.com\\\/auren_spain\",\"https:\\\/\\\/www.linkedin.com\\\/company\\\/aurenspainserviciosprofesionales\",\"https:\\\/\\\/www.youtube.com\\\/@AurenEsp\",\"https:\\\/\\\/www.instagram.com\\\/auren_spain\"]}]}<\/script>\n<!-- \/ Yoast SEO plugin. -->","yoast_head_json":{"title":"Diez claves del nuevo Reglamento General de Protecci\u00f3n de Datos (RGPD) - Auren Espa\u00f1a","robots":{"index":"index","follow":"follow","max-snippet":"max-snippet:-1","max-image-preview":"max-image-preview:large","max-video-preview":"max-video-preview:-1"},"canonical":"https:\/\/auren.com\/es\/blog\/diez-claves-del-nuevo-reglamento-general-de-proteccion-de-datos-rgpd\/","og_locale":"es_ES","og_type":"article","og_title":"Diez claves del nuevo Reglamento General de Protecci\u00f3n de Datos (RGPD) - Auren Espa\u00f1a","og_description":"El nuevo&nbsp;Reglamento General de Protecci\u00f3n de Datos&nbsp;(RGPD)&nbsp;(empieza a aplicarse el 25 de mayo de 2018), supone la transformaci\u00f3n legislativa&nbsp;m\u00e1s importante de las \u00faltimas d\u00e9cadas en cuanto a&nbsp;privacidad.&nbsp;Anteriormente, el foco estaba puesto en un cumplimiento m\u00e1s formal, ahora, la normativa europea presta especial atenci\u00f3n a la aplicaci\u00f3n real de las medidas de protecci\u00f3n de los datos y su integraci\u00f3n en la cultura corporativa, teniendo en cuenta tres principios fundamentales:","og_url":"https:\/\/auren.com\/es\/blog\/diez-claves-del-nuevo-reglamento-general-de-proteccion-de-datos-rgpd\/","og_site_name":"Auren","og_image":[{"width":1920,"height":655,"url":"https:\/\/auren.com\/es\/wp-content\/uploads\/2018\/05\/diez-claves-del-rgpd-imagen-3.jpg","type":"image\/jpeg"}],"twitter_card":"summary_large_image","twitter_site":"@auren_spain","twitter_misc":{"Tiempo de lectura":"6 minutos"},"schema":{"@context":"https:\/\/schema.org","@graph":[{"@type":"WebPage","@id":"https:\/\/auren.com\/es\/blog\/diez-claves-del-nuevo-reglamento-general-de-proteccion-de-datos-rgpd\/","url":"https:\/\/auren.com\/es\/blog\/diez-claves-del-nuevo-reglamento-general-de-proteccion-de-datos-rgpd\/","name":"Diez claves del nuevo Reglamento General de Protecci\u00f3n de Datos (RGPD) - Auren Espa\u00f1a","isPartOf":{"@id":"https:\/\/auren.com\/es\/#website"},"primaryImageOfPage":{"@id":"https:\/\/auren.com\/es\/blog\/diez-claves-del-nuevo-reglamento-general-de-proteccion-de-datos-rgpd\/#primaryimage"},"image":{"@id":"https:\/\/auren.com\/es\/blog\/diez-claves-del-nuevo-reglamento-general-de-proteccion-de-datos-rgpd\/#primaryimage"},"thumbnailUrl":"https:\/\/auren.com\/es\/wp-content\/uploads\/2018\/05\/diez-claves-del-rgpd-imagen-3.jpg","datePublished":"2018-05-11T08:29:49+00:00","breadcrumb":{"@id":"https:\/\/auren.com\/es\/blog\/diez-claves-del-nuevo-reglamento-general-de-proteccion-de-datos-rgpd\/#breadcrumb"},"inLanguage":"es","potentialAction":[{"@type":"ReadAction","target":["https:\/\/auren.com\/es\/blog\/diez-claves-del-nuevo-reglamento-general-de-proteccion-de-datos-rgpd\/"]}]},{"@type":"ImageObject","inLanguage":"es","@id":"https:\/\/auren.com\/es\/blog\/diez-claves-del-nuevo-reglamento-general-de-proteccion-de-datos-rgpd\/#primaryimage","url":"https:\/\/auren.com\/es\/wp-content\/uploads\/2018\/05\/diez-claves-del-rgpd-imagen-3.jpg","contentUrl":"https:\/\/auren.com\/es\/wp-content\/uploads\/2018\/05\/diez-claves-del-rgpd-imagen-3.jpg","width":1920,"height":655},{"@type":"BreadcrumbList","@id":"https:\/\/auren.com\/es\/blog\/diez-claves-del-nuevo-reglamento-general-de-proteccion-de-datos-rgpd\/#breadcrumb","itemListElement":[{"@type":"ListItem","position":1,"name":"Portada","item":"https:\/\/auren.com\/es\/"},{"@type":"ListItem","position":2,"name":"Diez claves del nuevo Reglamento General de Protecci\u00f3n de Datos (RGPD)"}]},{"@type":"WebSite","@id":"https:\/\/auren.com\/es\/#website","url":"https:\/\/auren.com\/es\/","name":"Auren","description":"","publisher":{"@id":"https:\/\/auren.com\/es\/#organization"},"alternateName":"Auren","potentialAction":[{"@type":"SearchAction","target":{"@type":"EntryPoint","urlTemplate":"https:\/\/auren.com\/es\/?s={search_term_string}"},"query-input":{"@type":"PropertyValueSpecification","valueRequired":true,"valueName":"search_term_string"}}],"inLanguage":"es"},{"@type":"Organization","@id":"https:\/\/auren.com\/es\/#organization","name":"Auren","alternateName":"Auren","url":"https:\/\/auren.com\/es\/","logo":{"@type":"ImageObject","inLanguage":"es","@id":"https:\/\/auren.com\/es\/#\/schema\/logo\/image\/","url":"https:\/\/auren.com\/es\/wp-content\/uploads\/2025\/01\/cropped-cropped-favicon-Auren.png","contentUrl":"https:\/\/auren.com\/es\/wp-content\/uploads\/2025\/01\/cropped-cropped-favicon-Auren.png","width":512,"height":512,"caption":"Auren"},"image":{"@id":"https:\/\/auren.com\/es\/#\/schema\/logo\/image\/"},"sameAs":["https:\/\/x.com\/auren_spain","https:\/\/www.linkedin.com\/company\/aurenspainserviciosprofesionales","https:\/\/www.youtube.com\/@AurenEsp","https:\/\/www.instagram.com\/auren_spain"]}]}},"_links":{"self":[{"href":"https:\/\/auren.com\/es\/wp-json\/wp\/v2\/blog\/7503","targetHints":{"allow":["GET"]}}],"collection":[{"href":"https:\/\/auren.com\/es\/wp-json\/wp\/v2\/blog"}],"about":[{"href":"https:\/\/auren.com\/es\/wp-json\/wp\/v2\/types\/blog"}],"version-history":[{"count":0,"href":"https:\/\/auren.com\/es\/wp-json\/wp\/v2\/blog\/7503\/revisions"}],"wp:featuredmedia":[{"embeddable":true,"href":"https:\/\/auren.com\/es\/wp-json\/wp\/v2\/media\/7504"}],"wp:attachment":[{"href":"https:\/\/auren.com\/es\/wp-json\/wp\/v2\/media?parent=7503"}],"wp:term":[{"taxonomy":"blog-category","embeddable":true,"href":"https:\/\/auren.com\/es\/wp-json\/wp\/v2\/blog-category?post=7503"}],"curies":[{"name":"wp","href":"https:\/\/api.w.org\/{rel}","templated":true}]}}