{"id":7761,"date":"2017-03-28T10:10:16","date_gmt":"2017-03-28T08:10:16","guid":{"rendered":"https:\/\/auren.com\/es\/blog\/la-ciberseguridad-y-su-integracion-en-la-cultura-corporativa\/"},"modified":"2017-03-28T10:10:16","modified_gmt":"2017-03-28T08:10:16","slug":"la-ciberseguridad-y-su-integracion-en-la-cultura-corporativa","status":"publish","type":"blog","link":"https:\/\/auren.com\/es\/blog\/la-ciberseguridad-y-su-integracion-en-la-cultura-corporativa\/","title":{"rendered":"La ciberseguridad y su integraci\u00f3n en la cultura corporativa"},"content":{"rendered":"<p style=\"text-align: justify;\"> \tEn el contexto actual, somos bombardeados por los continuos casos de ciberataques por los medios de comunicaci\u00f3n, poniendo en primera fila la seguridad corporativa siempre relacionada con la imagen al p\u00fablico. Wikileaks, Anonymous, grupos organizados para explotar ransomware o incluso grupos de hacktivistas locales adornan este florido grupo de atacantes de manera que ninguna corporaci\u00f3n p\u00fablica o privada puede descartar el ser objetivo de un ataque. <\/p>\n<p style=\"text-align: justify;\"> \tPor tanto, no faltan motivos para que el t\u00e9rmino Ciberseguridad est\u00e9 en boca de todos. Este crecimiento exponencial de la acepci\u00f3n y de cualquier t\u00e9rmino cl\u00e1sico en el mundo de la seguridad de la informaci\u00f3n (que ya lleva d\u00e9cadas entre nosotros) se desarrolla en paralelo con una exuberante cantidad de nuevas tecnolog\u00edas y tendencias, la nube h\u00edbrida, Big Data, Blockchain, Internet of Things (IoT) y muchas otras nuevas tecnolog\u00edas. <\/p>\n<p style=\"text-align: justify;\"> \tA nivel empresarial, rara es la compa\u00f1\u00eda que no est\u00e1 conectada a trav\u00e9s de Internet, de tal modo que las nuevas tecnolog\u00edas y avances han transmutado a los cl\u00e1sicos sistemas aislados de las empresas industriales en servicios hiperconectados en tiempo real (y expuestos a cualquier atacante, figura indisoluble de un mero navegante leg\u00edtimo). <\/p>\n<p style=\"text-align: justify;\"> \tEsta situaci\u00f3n choca frontalmente con una realidad muy arraigada en el \u00e1mbito del software y sistemas de informaci\u00f3n, por no mencionar los entornos industriales de los a\u00f1os 80, que en muchos casos como se indica, se est\u00e1n interconectando a Internet, y en los que la seguridad no era una prioridad, primando la funcionalidad en su dise\u00f1o, con todas sus implicaciones inherentes. <\/p>\n<p style=\"text-align: justify;\"> \tDentro de la cultura corporativa hay que incorporar sin dilaci\u00f3n este nuevo escenario (con su correspondiente partida presupuestar\u00eda espec\u00edfica) y priorizar en funci\u00f3n de los riesgos reales existentes la seguridad de los sistemas de informaci\u00f3n corporativos que tan relacionados est\u00e1n con los clientes y el \u201ccore\u00bb del negocio. <\/p>\n<p style=\"text-align: justify;\"> \tDicho as\u00ed, puede parecer una cuesti\u00f3n meramente de gasto, pero nada m\u00e1s lejos de la realidad, la parte econ\u00f3mica ser\u00e1 un primer paso, el siguiente ser\u00e1 lidiar con la dificultad de operar eficientemente las soluciones heterog\u00e9neas disponibles, lo m\u00e1s probable es que nuestra empresa est\u00e9 expuesta a unos riesgos que hasta hace unos a\u00f1os eran impensables, y no s\u00f3lo debe preocupar la exposici\u00f3n sino tambi\u00e9n la capacidad de reacci\u00f3n ante un evento imprevisto. <\/p>\n<p style=\"text-align: justify;\"> \tAdicionalmente, se suman otros factores menos t\u00e9cnicos pero que pueden dificultar imbuir la seguridad y su derivada la ciberseguridad en la cultura corporativa, como, por ejemplo: falta de formaci\u00f3n del personal, exceso de datos para procesar, falta de respuesta \u00e1gil, etc. <\/p>\n<p style=\"text-align: justify;\"> \tEsto se agudiza al aumentar nuestra exposici\u00f3n p\u00fablica en la red (portal web corporativo, blogs, redes sociales, etc.) o en los servicios publicados a nuestros clientes (Intranet, webservices, etc.) donde una ca\u00edda del servicio puede resultar en un impacto negativo para la imagen de nuestra corporaci\u00f3n. <\/p>\n<p style=\"text-align: justify;\"> \tVista esta situaci\u00f3n, una tendencia en auge pasa por la externalizaci\u00f3n de un servicio equivalente a un CERT (Equipo de Respuesta ante Emergencias Inform\u00e1ticas) privado, donde podamos disponer de recursos y personal especializado capaz de asegurarnos contra los <i>ciberriesgos<\/i>, siendo la misi\u00f3n de dicho personal cualificado el monitorizar permanentemente nuestros sistemas cr\u00edticos a trav\u00e9s de un SOC (Security Operations Center) apoyado en una serie de herramientas adecuadas a tal fin. <\/p>\n<p style=\"text-align: justify;\"> \tEl abrazar este enfoque, supone, por un lado, desde el punto de vista t\u00e9cnico el servicio es independiente de los recursos y personal interno, evitando los riesgos de rotaci\u00f3n de personal, de dimensionamiento de sistemas, etc. Por otro lado, desde el punto de vista legal, la existencia de la custodia de un tercero independiente aumentar\u00e1 muy sensiblemente la posible validez judicial de los mismos frente al caso en que la corporaci\u00f3n almacenase dichos datos. <\/p>\n<p style=\"text-align: justify;\"> \tFinalmente, desde el punto de vista puramente presupuestario y econ\u00f3mico, podemos cerrar un coste peri\u00f3dico (mensual, por ejemplo), coste que ser\u00e1 sensiblemente menor que el de ejecutar por s\u00ed mismo las operaciones, debido a la dificultad de formar y amortizar internamente al personal. <\/p>\n<p style=\"text-align: justify;\"> \tDesde Auren como expertos en ciberseguridad y como hemos referido, dados los costes (tanto econ\u00f3micos como de operaci\u00f3n) que supondr\u00eda para la gran parte de las entidades el disponer de un equipo experto dedicado a ciberseguridad, as\u00ed como herramientas y soluciones tecnol\u00f3gicas de monitorizaci\u00f3n, consideramos que es una muy buena alternativa disponer de un servicio que cubra esta necesidad. En el \u00c1rea de Seguridad de la Informaci\u00f3n hemos desarrollado un SOC para dar justamente este servicio a nuestros clientes, para reducir el nivel de exposici\u00f3n y aumentar la velocidad de reacci\u00f3n frente a eventos que pongan en peligro la confidencialidad, integridad o disponibilidad de la informaci\u00f3n corporativa, o en resumen, pongan en peligro la operativa del negocio de nuestros clientes. <\/p>\n<p style=\"text-align: justify;\"> \tEn cualquier caso, bien sea de manera interna o externa, aconsejamos el disponer de estas medidas preventivas que ayuden a las organizaciones adelantarse a los incidentes y no esperar a que \u00e9stos lleguen en el peor momento posible, ya que los costes e implicaciones una vez ocurrida la incidencia superar\u00e1n ampliamente las medidas para su prevenci\u00f3n, ya que de todos es bien sabido que es mejor prevenir que curar.<\/p>\n<p style=\"text-align: justify;\"><strong>Jos\u00e9 Miguel Cardona Pastor, Socio de Consultor\u00eda en Auren y Director de la Divisi\u00f3n de Seguridad de la Informaci\u00f3n<\/strong><\/p>\n<p><!-- AddThis Advanced Settings generic via filter on the_content --><!-- AddThis Share Buttons generic via filter on the_content --><\/p>\n","protected":false},"excerpt":{"rendered":"<p>En el contexto actual, somos bombardeados por los continuos casos de ciberataques por los medios de comunicaci\u00f3n, poniendo en primera fila la seguridad corporativa siempre relacionada con la imagen al p\u00fablico. Wikileaks, Anonymous, grupos organizados para explotar ransomware o incluso grupos de hacktivistas locales adornan este florido grupo de atacantes de manera que ninguna corporaci\u00f3n p\u00fablica o privada puede descartar el ser objetivo de un ataque.<\/p>\n","protected":false},"featured_media":7762,"template":"","meta":{"_acf_changed":false,"footnotes":""},"blog-category":[],"class_list":["post-7761","blog","type-blog","status-publish","has-post-thumbnail","hentry"],"acf":[],"yoast_head":"<!-- This site is optimized with the Yoast SEO plugin v27.5 - https:\/\/yoast.com\/product\/yoast-seo-wordpress\/ -->\n<title>La ciberseguridad y su integraci\u00f3n en la cultura corporativa - Auren Espa\u00f1a<\/title>\n<meta name=\"robots\" content=\"index, follow, max-snippet:-1, max-image-preview:large, max-video-preview:-1\" \/>\n<link rel=\"canonical\" href=\"https:\/\/auren.com\/es\/blog\/la-ciberseguridad-y-su-integracion-en-la-cultura-corporativa\/\" \/>\n<meta property=\"og:locale\" content=\"es_ES\" \/>\n<meta property=\"og:type\" content=\"article\" \/>\n<meta property=\"og:title\" content=\"La ciberseguridad y su integraci\u00f3n en la cultura corporativa - Auren Espa\u00f1a\" \/>\n<meta property=\"og:description\" content=\"En el contexto actual, somos bombardeados por los continuos casos de ciberataques por los medios de comunicaci\u00f3n, poniendo en primera fila la seguridad corporativa siempre relacionada con la imagen al p\u00fablico. Wikileaks, Anonymous, grupos organizados para explotar ransomware o incluso grupos de hacktivistas locales adornan este florido grupo de atacantes de manera que ninguna corporaci\u00f3n p\u00fablica o privada puede descartar el ser objetivo de un ataque.\" \/>\n<meta property=\"og:url\" content=\"https:\/\/auren.com\/es\/blog\/la-ciberseguridad-y-su-integracion-en-la-cultura-corporativa\/\" \/>\n<meta property=\"og:site_name\" content=\"Auren\" \/>\n<meta property=\"og:image\" content=\"https:\/\/auren.com\/es\/wp-content\/uploads\/2017\/03\/170328-la-ciberseguridad-2.jpg\" \/>\n\t<meta property=\"og:image:width\" content=\"1920\" \/>\n\t<meta property=\"og:image:height\" content=\"655\" \/>\n\t<meta property=\"og:image:type\" content=\"image\/jpeg\" \/>\n<meta name=\"twitter:card\" content=\"summary_large_image\" \/>\n<meta name=\"twitter:site\" content=\"@auren_spain\" \/>\n<meta name=\"twitter:label1\" content=\"Tiempo de lectura\" \/>\n\t<meta name=\"twitter:data1\" content=\"5 minutos\" \/>\n<script type=\"application\/ld+json\" class=\"yoast-schema-graph\">{\"@context\":\"https:\\\/\\\/schema.org\",\"@graph\":[{\"@type\":\"WebPage\",\"@id\":\"https:\\\/\\\/auren.com\\\/es\\\/blog\\\/la-ciberseguridad-y-su-integracion-en-la-cultura-corporativa\\\/\",\"url\":\"https:\\\/\\\/auren.com\\\/es\\\/blog\\\/la-ciberseguridad-y-su-integracion-en-la-cultura-corporativa\\\/\",\"name\":\"La ciberseguridad y su integraci\u00f3n en la cultura corporativa - Auren Espa\u00f1a\",\"isPartOf\":{\"@id\":\"https:\\\/\\\/auren.com\\\/es\\\/#website\"},\"primaryImageOfPage\":{\"@id\":\"https:\\\/\\\/auren.com\\\/es\\\/blog\\\/la-ciberseguridad-y-su-integracion-en-la-cultura-corporativa\\\/#primaryimage\"},\"image\":{\"@id\":\"https:\\\/\\\/auren.com\\\/es\\\/blog\\\/la-ciberseguridad-y-su-integracion-en-la-cultura-corporativa\\\/#primaryimage\"},\"thumbnailUrl\":\"https:\\\/\\\/auren.com\\\/es\\\/wp-content\\\/uploads\\\/2017\\\/03\\\/170328-la-ciberseguridad-2.jpg\",\"datePublished\":\"2017-03-28T08:10:16+00:00\",\"breadcrumb\":{\"@id\":\"https:\\\/\\\/auren.com\\\/es\\\/blog\\\/la-ciberseguridad-y-su-integracion-en-la-cultura-corporativa\\\/#breadcrumb\"},\"inLanguage\":\"es\",\"potentialAction\":[{\"@type\":\"ReadAction\",\"target\":[\"https:\\\/\\\/auren.com\\\/es\\\/blog\\\/la-ciberseguridad-y-su-integracion-en-la-cultura-corporativa\\\/\"]}]},{\"@type\":\"ImageObject\",\"inLanguage\":\"es\",\"@id\":\"https:\\\/\\\/auren.com\\\/es\\\/blog\\\/la-ciberseguridad-y-su-integracion-en-la-cultura-corporativa\\\/#primaryimage\",\"url\":\"https:\\\/\\\/auren.com\\\/es\\\/wp-content\\\/uploads\\\/2017\\\/03\\\/170328-la-ciberseguridad-2.jpg\",\"contentUrl\":\"https:\\\/\\\/auren.com\\\/es\\\/wp-content\\\/uploads\\\/2017\\\/03\\\/170328-la-ciberseguridad-2.jpg\",\"width\":1920,\"height\":655},{\"@type\":\"BreadcrumbList\",\"@id\":\"https:\\\/\\\/auren.com\\\/es\\\/blog\\\/la-ciberseguridad-y-su-integracion-en-la-cultura-corporativa\\\/#breadcrumb\",\"itemListElement\":[{\"@type\":\"ListItem\",\"position\":1,\"name\":\"Portada\",\"item\":\"https:\\\/\\\/auren.com\\\/es\\\/\"},{\"@type\":\"ListItem\",\"position\":2,\"name\":\"La ciberseguridad y su integraci\u00f3n en la cultura corporativa\"}]},{\"@type\":\"WebSite\",\"@id\":\"https:\\\/\\\/auren.com\\\/es\\\/#website\",\"url\":\"https:\\\/\\\/auren.com\\\/es\\\/\",\"name\":\"Auren\",\"description\":\"\",\"publisher\":{\"@id\":\"https:\\\/\\\/auren.com\\\/es\\\/#organization\"},\"alternateName\":\"Auren\",\"potentialAction\":[{\"@type\":\"SearchAction\",\"target\":{\"@type\":\"EntryPoint\",\"urlTemplate\":\"https:\\\/\\\/auren.com\\\/es\\\/?s={search_term_string}\"},\"query-input\":{\"@type\":\"PropertyValueSpecification\",\"valueRequired\":true,\"valueName\":\"search_term_string\"}}],\"inLanguage\":\"es\"},{\"@type\":\"Organization\",\"@id\":\"https:\\\/\\\/auren.com\\\/es\\\/#organization\",\"name\":\"Auren\",\"alternateName\":\"Auren\",\"url\":\"https:\\\/\\\/auren.com\\\/es\\\/\",\"logo\":{\"@type\":\"ImageObject\",\"inLanguage\":\"es\",\"@id\":\"https:\\\/\\\/auren.com\\\/es\\\/#\\\/schema\\\/logo\\\/image\\\/\",\"url\":\"https:\\\/\\\/auren.com\\\/es\\\/wp-content\\\/uploads\\\/2025\\\/01\\\/cropped-cropped-favicon-Auren.png\",\"contentUrl\":\"https:\\\/\\\/auren.com\\\/es\\\/wp-content\\\/uploads\\\/2025\\\/01\\\/cropped-cropped-favicon-Auren.png\",\"width\":512,\"height\":512,\"caption\":\"Auren\"},\"image\":{\"@id\":\"https:\\\/\\\/auren.com\\\/es\\\/#\\\/schema\\\/logo\\\/image\\\/\"},\"sameAs\":[\"https:\\\/\\\/x.com\\\/auren_spain\",\"https:\\\/\\\/www.linkedin.com\\\/company\\\/aurenspainserviciosprofesionales\",\"https:\\\/\\\/www.youtube.com\\\/@AurenEsp\",\"https:\\\/\\\/www.instagram.com\\\/auren_spain\"]}]}<\/script>\n<!-- \/ Yoast SEO plugin. -->","yoast_head_json":{"title":"La ciberseguridad y su integraci\u00f3n en la cultura corporativa - Auren Espa\u00f1a","robots":{"index":"index","follow":"follow","max-snippet":"max-snippet:-1","max-image-preview":"max-image-preview:large","max-video-preview":"max-video-preview:-1"},"canonical":"https:\/\/auren.com\/es\/blog\/la-ciberseguridad-y-su-integracion-en-la-cultura-corporativa\/","og_locale":"es_ES","og_type":"article","og_title":"La ciberseguridad y su integraci\u00f3n en la cultura corporativa - Auren Espa\u00f1a","og_description":"En el contexto actual, somos bombardeados por los continuos casos de ciberataques por los medios de comunicaci\u00f3n, poniendo en primera fila la seguridad corporativa siempre relacionada con la imagen al p\u00fablico. Wikileaks, Anonymous, grupos organizados para explotar ransomware o incluso grupos de hacktivistas locales adornan este florido grupo de atacantes de manera que ninguna corporaci\u00f3n p\u00fablica o privada puede descartar el ser objetivo de un ataque.","og_url":"https:\/\/auren.com\/es\/blog\/la-ciberseguridad-y-su-integracion-en-la-cultura-corporativa\/","og_site_name":"Auren","og_image":[{"width":1920,"height":655,"url":"https:\/\/auren.com\/es\/wp-content\/uploads\/2017\/03\/170328-la-ciberseguridad-2.jpg","type":"image\/jpeg"}],"twitter_card":"summary_large_image","twitter_site":"@auren_spain","twitter_misc":{"Tiempo de lectura":"5 minutos"},"schema":{"@context":"https:\/\/schema.org","@graph":[{"@type":"WebPage","@id":"https:\/\/auren.com\/es\/blog\/la-ciberseguridad-y-su-integracion-en-la-cultura-corporativa\/","url":"https:\/\/auren.com\/es\/blog\/la-ciberseguridad-y-su-integracion-en-la-cultura-corporativa\/","name":"La ciberseguridad y su integraci\u00f3n en la cultura corporativa - Auren Espa\u00f1a","isPartOf":{"@id":"https:\/\/auren.com\/es\/#website"},"primaryImageOfPage":{"@id":"https:\/\/auren.com\/es\/blog\/la-ciberseguridad-y-su-integracion-en-la-cultura-corporativa\/#primaryimage"},"image":{"@id":"https:\/\/auren.com\/es\/blog\/la-ciberseguridad-y-su-integracion-en-la-cultura-corporativa\/#primaryimage"},"thumbnailUrl":"https:\/\/auren.com\/es\/wp-content\/uploads\/2017\/03\/170328-la-ciberseguridad-2.jpg","datePublished":"2017-03-28T08:10:16+00:00","breadcrumb":{"@id":"https:\/\/auren.com\/es\/blog\/la-ciberseguridad-y-su-integracion-en-la-cultura-corporativa\/#breadcrumb"},"inLanguage":"es","potentialAction":[{"@type":"ReadAction","target":["https:\/\/auren.com\/es\/blog\/la-ciberseguridad-y-su-integracion-en-la-cultura-corporativa\/"]}]},{"@type":"ImageObject","inLanguage":"es","@id":"https:\/\/auren.com\/es\/blog\/la-ciberseguridad-y-su-integracion-en-la-cultura-corporativa\/#primaryimage","url":"https:\/\/auren.com\/es\/wp-content\/uploads\/2017\/03\/170328-la-ciberseguridad-2.jpg","contentUrl":"https:\/\/auren.com\/es\/wp-content\/uploads\/2017\/03\/170328-la-ciberseguridad-2.jpg","width":1920,"height":655},{"@type":"BreadcrumbList","@id":"https:\/\/auren.com\/es\/blog\/la-ciberseguridad-y-su-integracion-en-la-cultura-corporativa\/#breadcrumb","itemListElement":[{"@type":"ListItem","position":1,"name":"Portada","item":"https:\/\/auren.com\/es\/"},{"@type":"ListItem","position":2,"name":"La ciberseguridad y su integraci\u00f3n en la cultura corporativa"}]},{"@type":"WebSite","@id":"https:\/\/auren.com\/es\/#website","url":"https:\/\/auren.com\/es\/","name":"Auren","description":"","publisher":{"@id":"https:\/\/auren.com\/es\/#organization"},"alternateName":"Auren","potentialAction":[{"@type":"SearchAction","target":{"@type":"EntryPoint","urlTemplate":"https:\/\/auren.com\/es\/?s={search_term_string}"},"query-input":{"@type":"PropertyValueSpecification","valueRequired":true,"valueName":"search_term_string"}}],"inLanguage":"es"},{"@type":"Organization","@id":"https:\/\/auren.com\/es\/#organization","name":"Auren","alternateName":"Auren","url":"https:\/\/auren.com\/es\/","logo":{"@type":"ImageObject","inLanguage":"es","@id":"https:\/\/auren.com\/es\/#\/schema\/logo\/image\/","url":"https:\/\/auren.com\/es\/wp-content\/uploads\/2025\/01\/cropped-cropped-favicon-Auren.png","contentUrl":"https:\/\/auren.com\/es\/wp-content\/uploads\/2025\/01\/cropped-cropped-favicon-Auren.png","width":512,"height":512,"caption":"Auren"},"image":{"@id":"https:\/\/auren.com\/es\/#\/schema\/logo\/image\/"},"sameAs":["https:\/\/x.com\/auren_spain","https:\/\/www.linkedin.com\/company\/aurenspainserviciosprofesionales","https:\/\/www.youtube.com\/@AurenEsp","https:\/\/www.instagram.com\/auren_spain"]}]}},"_links":{"self":[{"href":"https:\/\/auren.com\/es\/wp-json\/wp\/v2\/blog\/7761","targetHints":{"allow":["GET"]}}],"collection":[{"href":"https:\/\/auren.com\/es\/wp-json\/wp\/v2\/blog"}],"about":[{"href":"https:\/\/auren.com\/es\/wp-json\/wp\/v2\/types\/blog"}],"version-history":[{"count":0,"href":"https:\/\/auren.com\/es\/wp-json\/wp\/v2\/blog\/7761\/revisions"}],"wp:featuredmedia":[{"embeddable":true,"href":"https:\/\/auren.com\/es\/wp-json\/wp\/v2\/media\/7762"}],"wp:attachment":[{"href":"https:\/\/auren.com\/es\/wp-json\/wp\/v2\/media?parent=7761"}],"wp:term":[{"taxonomy":"blog-category","embeddable":true,"href":"https:\/\/auren.com\/es\/wp-json\/wp\/v2\/blog-category?post=7761"}],"curies":[{"name":"wp","href":"https:\/\/api.w.org\/{rel}","templated":true}]}}