{"id":7764,"date":"2017-03-24T09:16:37","date_gmt":"2017-03-24T08:16:37","guid":{"rendered":"https:\/\/auren.com\/es\/blog\/consumo-colaborativo-o-actividad-economica\/"},"modified":"2017-03-24T09:16:37","modified_gmt":"2017-03-24T08:16:37","slug":"consumo-colaborativo-o-actividad-economica","status":"publish","type":"blog","link":"https:\/\/auren.com\/es\/blog\/consumo-colaborativo-o-actividad-economica\/","title":{"rendered":"Consumo colaborativo o actividad econ\u00f3mica"},"content":{"rendered":"<p style=\"text-align: justify;\">En el presente documento reflexionamos respecto del concepto de econom\u00eda colaborativa y su encaje dentro del marco normativo actual en el \u00e1mbito tributario. Nos hemos cuestionado si las disposiciones normativas en vigor resultan suficientes para regular a las partes intervinientes en estas formas de consumo denominado \u201ccolaborativo\u00bb y si existen reglas de claras que nos permitan diferenciarlo de las tradicionales formas de desarrollo de actividad econ\u00f3mica.<\/p>\n<p style=\"text-align: justify; margin-left: 20px;\"><i>\u00bfQu\u00e9 podemos entender como econom\u00eda o consumo colaborativo? <\/i><\/p>\n<p style=\"text-align: justify;\">Consideramos que econom\u00eda colaborativa o consumo colaborativo es aquella interacci\u00f3n en la que los intervinientes se \u201c<i>ayudan<\/i>\u00bb o prestan favores entre ellos con el objeto de satisfacer con ello sus necesidades y a cambio de compartir costes, de renunciar a la privacidad, etc., y ello supone que nos encontremos ante un modelo econ\u00f3mico con importantes diferencias respecto del esquema tradicional de relaci\u00f3n entre particulares y empresarios o profesionales (se prestan servicios y\/o entregan bienes para obtener un beneficio y una contraprestaci\u00f3n normalmente dineraria). <\/p>\n<p style=\"text-align: justify; margin-left: 20px;\"><i>Y frente a esta forma de interacci\u00f3n de las diferentes partes intervinientes en el mercado, \u00bfResulta suficiente el actual marco normativo tributario?, \u00bfContiene este marco normativo una regulaci\u00f3n espec\u00edfica para los distintos operadores de la econom\u00eda colaborativa en funci\u00f3n roles que asume cada uno de ellos? <\/i><\/p>\n<p style=\"text-align: justify;\">En la econom\u00eda colaborativa o intercambio de favores observamos que podemos caracterizar los siguientes roles:<\/p>\n<p style=\"text-align: justify; margin-left: 20px;\">a) Por una parte tendremos a las <u>plataformas digitales<\/u> a trav\u00e9s de las que se publicitan los bienes y\/o servicios y que adem\u00e1s prestan otro tipo de servicios, auxiliares o no, como lo resultan ser la contrataci\u00f3n seguros, la utilizaci\u00f3n de diferentes medios de pago, etc.<\/p>\n<p style=\"text-align: justify; margin-left: 20px;\">b) Por otra, estar\u00e1 el <u>particular o empresario\/profesional<\/u> que ofrece sus bienes y\/o servicios a trav\u00e9s de la plataforma digital (transporte, hospedaje, etc.). <\/p>\n<p style=\"text-align: justify; margin-left: 20px;\">c) Por \u00faltimo encontraremos a los que denominaremos <u>usuarios<\/u>, que acceden a la plataforma digital y que contratan los bienes o servicios que en la misma se ofrecen con el objeto de ver atendidas sus necesidades o demandas.<\/p>\n<p style=\"text-align: justify;\">En primer lugar, y respecto de las <b><u>plataformas digitales<\/u><\/b> en las que se ofrecen y demandan los productos y\/o servicios, \u00e9stas tendr\u00e1n un tratamiento normativo y deber\u00e1n cumplir diferentes exigencias en funci\u00f3n de que si se considera que se dedican a la <b>mera intermediaci\u00f3n informativa<\/b> entre las partes (\u201cservicios de la sociedad de la informaci\u00f3n\u00bb), o de que si entendemos que sus servicios presentan caracter\u00edsticas esenciales de la prestaci\u00f3n principal y por tanto deben recibir id\u00e9ntico tratamiento al otorgado a esta prestaci\u00f3n principal (cuesti\u00f3n que se est\u00e1 dilucidando ante el TJUE en el caso UBER).<\/p>\n<p style=\"text-align: justify;\">En cualquier caso, y en el \u00e1mbito tributario, ser\u00e1n operadores que tendr\u00e1n la consideraci\u00f3n de empresarios en el ejercicio de su actividad econ\u00f3mica, y se someter\u00e1 a la imposici\u00f3n indirecta (IVA, Impuestos Especiales, etc.) a trav\u00e9s de las reglas de localizaci\u00f3n (territorialidad), o a imposici\u00f3n directa (IS, IRPF, IRNR, etc.) en funci\u00f3n de los normas de imposici\u00f3n que existan en los tratados internacionales o normativa interna y que obligan a tributar en el Estado de residencia o Estado fuente. <\/p>\n<p style=\"text-align: justify;\">Y en segundo lugar encontramos a los <b><u>particulares o empresarios\/profesionales que ofrecen sus bienes o servicios a trav\u00e9s de las plataformas digitales<\/u><\/b> y es en este punto donde hemos observado que existe esta falta de adaptaci\u00f3n de la normativa tributaria vigente. <\/p>\n<p style=\"text-align: justify;\">Entre otras cuestiones, no resulta sencillo delimitar con claridad cu\u00e1ndo nos encontramos ante una actividad de consumo colaborativo o ante una actividad empresarial, \u00bfen qu\u00e9 momento una cesi\u00f3n de una parte del inmueble en el que vivimos deja de ser \u201c<i>econom\u00eda colaborativa<\/i>\u00bb y pasa a ser actividad econ\u00f3mica?, \u00bfy en el caso de un veh\u00edculo que se comparte? <\/p>\n<p style=\"text-align: justify;\">A modo de ejemplo podemos rese\u00f1ar que en la Ley del IVA se establece que \u201c<i>son actividades empresariales o profesionales las que impliquen la ordenaci\u00f3n por cuenta propia de factores de producci\u00f3n materiales y humanos o de uno de ellos, con la finalidad de intervenir en la producci\u00f3n o distribuci\u00f3n de bienes o servicios<\/i>\u00ab, y esta definici\u00f3n no permite diferenciar con claridad cu\u00e1ndo se est\u00e1 llevando a cabo una actividad empresarial y cu\u00e1ndo un \u201c<i>intercambio de favores<\/i>\u00ab, es decir acciones en las que observamos pueden faltar algunas notas caracter\u00edsticas como son la intenci\u00f3n de obtener lucro, la habitualidad, etc., pero en las que tambi\u00e9n es cierto que existe una ordenaci\u00f3n de medios materiales y\/o humanos, y adem\u00e1s que los operadores estar\u00e1n obteniendo utilidades o satisfaciendo sus necesidades.<\/p>\n<p style=\"text-align: justify; margin-left: 20px;\"><i>Y si la normativa actual no siempre permite delimitar cu\u00e1ndo nos encontramos ante un supuesto de intercambio de favores o ante un caso de actividad econ\u00f3mica tradicional, \u00bfqu\u00e9 debe efectuarse para solventar esta carencia?<\/i><\/p>\n<p style=\"text-align: justify;\">Ante esta dificultad en la delimitaci\u00f3n la Comisi\u00f3n Europea ya ha recomendado a los Estados Miembros que traten de <b>establecer reglas claras (sea en forma de l\u00edmites de ingresos, n\u00famero de operaciones, etc.)<\/b> que permitan a los diferentes operadores conocer cu\u00e1ndo se encuentran ante una actividad econ\u00f3mica o ante una intervenci\u00f3n particular espor\u00e1dica en la que prima el \u201c<i>intercambio de favores<\/i>\u00ab. <\/p>\n<p style=\"text-align: justify;\">Esto es la prueba de que las autoridades tambi\u00e9n son conscientes de que es necesario adecuar el actual marco regulatorio (entre otros, en el \u00e1mbito tributario) con el fin de que al mismo se le incorporen unas reglas claras de delimitaci\u00f3n y unos procedimientos de control de la actividad realmente desarrollada por los operadores que intervienen en la econom\u00eda colaborativa. De esta forma aseguraremos unas reglas de juego claras que permitir\u00e1n saber cu\u00e1ndo uno est\u00e1 cumpliendo, o no, con las exigencias normativas, entre ellas, con sus obligaciones tributarias.<\/p>\n<p style=\"text-align: justify;\">En definitiva \u00e9stas adaptaciones legislativas nos ofrecer\u00e1n un escenario en el que los operadores conocer\u00e1n en todo momento las obligaciones tributarias (IVA, IAE, IIEE, IRPF, IS, etc.) que han cumplir por sus acciones en el mercado, lo que unido al control de \u00e9ste cumplimiento de obligaciones, tambi\u00e9n permitir\u00e1 que se interact\u00fae en el mercado en igualdad de condiciones y sin que existan ventajas competitivas basadas en la ausencia de imposici\u00f3n o en el no sometimiento a la reglamentaci\u00f3n que existe para operar en los sectores tradicionales (en materia urban\u00edstica, sanitaria, de seguridad, etc.).<\/p>\n<p><b>Ricard P\u00e9rez Mi\u00f1ana, Socio de Auren Abogados y Asesores Fiscales <\/b><\/p>\n<p><!-- AddThis Advanced Settings generic via filter on the_content --><!-- AddThis Share Buttons generic via filter on the_content --><\/p>\n","protected":false},"excerpt":{"rendered":"<p>En el presente documento reflexionamos respecto del concepto de econom\u00eda colaborativa y su encaje dentro del marco normativo actual en el \u00e1mbito tributario. Nos hemos cuestionado si las disposiciones normativas en vigor resultan suficientes para regular a las partes intervinientes en estas formas de consumo denominado \u201ccolaborativo\u00bb y si existen reglas de claras que nos permitan diferenciarlo de las tradicionales formas de desarrollo de actividad econ\u00f3mica.<\/p>\n","protected":false},"featured_media":7765,"template":"","meta":{"_acf_changed":false,"footnotes":""},"blog-category":[],"class_list":["post-7764","blog","type-blog","status-publish","has-post-thumbnail","hentry"],"acf":[],"yoast_head":"<!-- This site is optimized with the Yoast SEO plugin v27.5 - https:\/\/yoast.com\/product\/yoast-seo-wordpress\/ -->\n<title>Consumo colaborativo o actividad econ\u00f3mica - Auren Espa\u00f1a<\/title>\n<meta name=\"robots\" content=\"index, follow, max-snippet:-1, max-image-preview:large, max-video-preview:-1\" \/>\n<link rel=\"canonical\" href=\"https:\/\/auren.com\/es\/blog\/consumo-colaborativo-o-actividad-economica\/\" \/>\n<meta property=\"og:locale\" content=\"es_ES\" \/>\n<meta property=\"og:type\" content=\"article\" \/>\n<meta property=\"og:title\" content=\"Consumo colaborativo o actividad econ\u00f3mica - Auren Espa\u00f1a\" \/>\n<meta property=\"og:description\" content=\"En el presente documento reflexionamos respecto del concepto de econom\u00eda colaborativa y su encaje dentro del marco normativo actual en el \u00e1mbito tributario. Nos hemos cuestionado si las disposiciones normativas en vigor resultan suficientes para regular a las partes intervinientes en estas formas de consumo denominado \u201ccolaborativo\u00bb y si existen reglas de claras que nos permitan diferenciarlo de las tradicionales formas de desarrollo de actividad econ\u00f3mica.\" \/>\n<meta property=\"og:url\" content=\"https:\/\/auren.com\/es\/blog\/consumo-colaborativo-o-actividad-economica\/\" \/>\n<meta property=\"og:site_name\" content=\"Auren\" \/>\n<meta property=\"og:image\" content=\"https:\/\/auren.com\/es\/wp-content\/uploads\/2017\/03\/240317-consumo-colaborativo-o-actividad-economica-2.jpg\" \/>\n\t<meta property=\"og:image:width\" content=\"1920\" \/>\n\t<meta property=\"og:image:height\" content=\"655\" \/>\n\t<meta property=\"og:image:type\" content=\"image\/jpeg\" \/>\n<meta name=\"twitter:card\" content=\"summary_large_image\" \/>\n<meta name=\"twitter:site\" content=\"@auren_spain\" \/>\n<meta name=\"twitter:label1\" content=\"Tiempo de lectura\" \/>\n\t<meta name=\"twitter:data1\" content=\"6 minutos\" \/>\n<script type=\"application\/ld+json\" class=\"yoast-schema-graph\">{\"@context\":\"https:\\\/\\\/schema.org\",\"@graph\":[{\"@type\":\"WebPage\",\"@id\":\"https:\\\/\\\/auren.com\\\/es\\\/blog\\\/consumo-colaborativo-o-actividad-economica\\\/\",\"url\":\"https:\\\/\\\/auren.com\\\/es\\\/blog\\\/consumo-colaborativo-o-actividad-economica\\\/\",\"name\":\"Consumo colaborativo o actividad econ\u00f3mica - Auren Espa\u00f1a\",\"isPartOf\":{\"@id\":\"https:\\\/\\\/auren.com\\\/es\\\/#website\"},\"primaryImageOfPage\":{\"@id\":\"https:\\\/\\\/auren.com\\\/es\\\/blog\\\/consumo-colaborativo-o-actividad-economica\\\/#primaryimage\"},\"image\":{\"@id\":\"https:\\\/\\\/auren.com\\\/es\\\/blog\\\/consumo-colaborativo-o-actividad-economica\\\/#primaryimage\"},\"thumbnailUrl\":\"https:\\\/\\\/auren.com\\\/es\\\/wp-content\\\/uploads\\\/2017\\\/03\\\/240317-consumo-colaborativo-o-actividad-economica-2.jpg\",\"datePublished\":\"2017-03-24T08:16:37+00:00\",\"breadcrumb\":{\"@id\":\"https:\\\/\\\/auren.com\\\/es\\\/blog\\\/consumo-colaborativo-o-actividad-economica\\\/#breadcrumb\"},\"inLanguage\":\"es\",\"potentialAction\":[{\"@type\":\"ReadAction\",\"target\":[\"https:\\\/\\\/auren.com\\\/es\\\/blog\\\/consumo-colaborativo-o-actividad-economica\\\/\"]}]},{\"@type\":\"ImageObject\",\"inLanguage\":\"es\",\"@id\":\"https:\\\/\\\/auren.com\\\/es\\\/blog\\\/consumo-colaborativo-o-actividad-economica\\\/#primaryimage\",\"url\":\"https:\\\/\\\/auren.com\\\/es\\\/wp-content\\\/uploads\\\/2017\\\/03\\\/240317-consumo-colaborativo-o-actividad-economica-2.jpg\",\"contentUrl\":\"https:\\\/\\\/auren.com\\\/es\\\/wp-content\\\/uploads\\\/2017\\\/03\\\/240317-consumo-colaborativo-o-actividad-economica-2.jpg\",\"width\":1920,\"height\":655},{\"@type\":\"BreadcrumbList\",\"@id\":\"https:\\\/\\\/auren.com\\\/es\\\/blog\\\/consumo-colaborativo-o-actividad-economica\\\/#breadcrumb\",\"itemListElement\":[{\"@type\":\"ListItem\",\"position\":1,\"name\":\"Portada\",\"item\":\"https:\\\/\\\/auren.com\\\/es\\\/\"},{\"@type\":\"ListItem\",\"position\":2,\"name\":\"Consumo colaborativo o actividad econ\u00f3mica\"}]},{\"@type\":\"WebSite\",\"@id\":\"https:\\\/\\\/auren.com\\\/es\\\/#website\",\"url\":\"https:\\\/\\\/auren.com\\\/es\\\/\",\"name\":\"Auren\",\"description\":\"\",\"publisher\":{\"@id\":\"https:\\\/\\\/auren.com\\\/es\\\/#organization\"},\"alternateName\":\"Auren\",\"potentialAction\":[{\"@type\":\"SearchAction\",\"target\":{\"@type\":\"EntryPoint\",\"urlTemplate\":\"https:\\\/\\\/auren.com\\\/es\\\/?s={search_term_string}\"},\"query-input\":{\"@type\":\"PropertyValueSpecification\",\"valueRequired\":true,\"valueName\":\"search_term_string\"}}],\"inLanguage\":\"es\"},{\"@type\":\"Organization\",\"@id\":\"https:\\\/\\\/auren.com\\\/es\\\/#organization\",\"name\":\"Auren\",\"alternateName\":\"Auren\",\"url\":\"https:\\\/\\\/auren.com\\\/es\\\/\",\"logo\":{\"@type\":\"ImageObject\",\"inLanguage\":\"es\",\"@id\":\"https:\\\/\\\/auren.com\\\/es\\\/#\\\/schema\\\/logo\\\/image\\\/\",\"url\":\"https:\\\/\\\/auren.com\\\/es\\\/wp-content\\\/uploads\\\/2025\\\/01\\\/cropped-cropped-favicon-Auren.png\",\"contentUrl\":\"https:\\\/\\\/auren.com\\\/es\\\/wp-content\\\/uploads\\\/2025\\\/01\\\/cropped-cropped-favicon-Auren.png\",\"width\":512,\"height\":512,\"caption\":\"Auren\"},\"image\":{\"@id\":\"https:\\\/\\\/auren.com\\\/es\\\/#\\\/schema\\\/logo\\\/image\\\/\"},\"sameAs\":[\"https:\\\/\\\/x.com\\\/auren_spain\",\"https:\\\/\\\/www.linkedin.com\\\/company\\\/aurenspainserviciosprofesionales\",\"https:\\\/\\\/www.youtube.com\\\/@AurenEsp\",\"https:\\\/\\\/www.instagram.com\\\/auren_spain\"]}]}<\/script>\n<!-- \/ Yoast SEO plugin. -->","yoast_head_json":{"title":"Consumo colaborativo o actividad econ\u00f3mica - Auren Espa\u00f1a","robots":{"index":"index","follow":"follow","max-snippet":"max-snippet:-1","max-image-preview":"max-image-preview:large","max-video-preview":"max-video-preview:-1"},"canonical":"https:\/\/auren.com\/es\/blog\/consumo-colaborativo-o-actividad-economica\/","og_locale":"es_ES","og_type":"article","og_title":"Consumo colaborativo o actividad econ\u00f3mica - Auren Espa\u00f1a","og_description":"En el presente documento reflexionamos respecto del concepto de econom\u00eda colaborativa y su encaje dentro del marco normativo actual en el \u00e1mbito tributario. Nos hemos cuestionado si las disposiciones normativas en vigor resultan suficientes para regular a las partes intervinientes en estas formas de consumo denominado \u201ccolaborativo\u00bb y si existen reglas de claras que nos permitan diferenciarlo de las tradicionales formas de desarrollo de actividad econ\u00f3mica.","og_url":"https:\/\/auren.com\/es\/blog\/consumo-colaborativo-o-actividad-economica\/","og_site_name":"Auren","og_image":[{"width":1920,"height":655,"url":"https:\/\/auren.com\/es\/wp-content\/uploads\/2017\/03\/240317-consumo-colaborativo-o-actividad-economica-2.jpg","type":"image\/jpeg"}],"twitter_card":"summary_large_image","twitter_site":"@auren_spain","twitter_misc":{"Tiempo de lectura":"6 minutos"},"schema":{"@context":"https:\/\/schema.org","@graph":[{"@type":"WebPage","@id":"https:\/\/auren.com\/es\/blog\/consumo-colaborativo-o-actividad-economica\/","url":"https:\/\/auren.com\/es\/blog\/consumo-colaborativo-o-actividad-economica\/","name":"Consumo colaborativo o actividad econ\u00f3mica - Auren Espa\u00f1a","isPartOf":{"@id":"https:\/\/auren.com\/es\/#website"},"primaryImageOfPage":{"@id":"https:\/\/auren.com\/es\/blog\/consumo-colaborativo-o-actividad-economica\/#primaryimage"},"image":{"@id":"https:\/\/auren.com\/es\/blog\/consumo-colaborativo-o-actividad-economica\/#primaryimage"},"thumbnailUrl":"https:\/\/auren.com\/es\/wp-content\/uploads\/2017\/03\/240317-consumo-colaborativo-o-actividad-economica-2.jpg","datePublished":"2017-03-24T08:16:37+00:00","breadcrumb":{"@id":"https:\/\/auren.com\/es\/blog\/consumo-colaborativo-o-actividad-economica\/#breadcrumb"},"inLanguage":"es","potentialAction":[{"@type":"ReadAction","target":["https:\/\/auren.com\/es\/blog\/consumo-colaborativo-o-actividad-economica\/"]}]},{"@type":"ImageObject","inLanguage":"es","@id":"https:\/\/auren.com\/es\/blog\/consumo-colaborativo-o-actividad-economica\/#primaryimage","url":"https:\/\/auren.com\/es\/wp-content\/uploads\/2017\/03\/240317-consumo-colaborativo-o-actividad-economica-2.jpg","contentUrl":"https:\/\/auren.com\/es\/wp-content\/uploads\/2017\/03\/240317-consumo-colaborativo-o-actividad-economica-2.jpg","width":1920,"height":655},{"@type":"BreadcrumbList","@id":"https:\/\/auren.com\/es\/blog\/consumo-colaborativo-o-actividad-economica\/#breadcrumb","itemListElement":[{"@type":"ListItem","position":1,"name":"Portada","item":"https:\/\/auren.com\/es\/"},{"@type":"ListItem","position":2,"name":"Consumo colaborativo o actividad econ\u00f3mica"}]},{"@type":"WebSite","@id":"https:\/\/auren.com\/es\/#website","url":"https:\/\/auren.com\/es\/","name":"Auren","description":"","publisher":{"@id":"https:\/\/auren.com\/es\/#organization"},"alternateName":"Auren","potentialAction":[{"@type":"SearchAction","target":{"@type":"EntryPoint","urlTemplate":"https:\/\/auren.com\/es\/?s={search_term_string}"},"query-input":{"@type":"PropertyValueSpecification","valueRequired":true,"valueName":"search_term_string"}}],"inLanguage":"es"},{"@type":"Organization","@id":"https:\/\/auren.com\/es\/#organization","name":"Auren","alternateName":"Auren","url":"https:\/\/auren.com\/es\/","logo":{"@type":"ImageObject","inLanguage":"es","@id":"https:\/\/auren.com\/es\/#\/schema\/logo\/image\/","url":"https:\/\/auren.com\/es\/wp-content\/uploads\/2025\/01\/cropped-cropped-favicon-Auren.png","contentUrl":"https:\/\/auren.com\/es\/wp-content\/uploads\/2025\/01\/cropped-cropped-favicon-Auren.png","width":512,"height":512,"caption":"Auren"},"image":{"@id":"https:\/\/auren.com\/es\/#\/schema\/logo\/image\/"},"sameAs":["https:\/\/x.com\/auren_spain","https:\/\/www.linkedin.com\/company\/aurenspainserviciosprofesionales","https:\/\/www.youtube.com\/@AurenEsp","https:\/\/www.instagram.com\/auren_spain"]}]}},"_links":{"self":[{"href":"https:\/\/auren.com\/es\/wp-json\/wp\/v2\/blog\/7764","targetHints":{"allow":["GET"]}}],"collection":[{"href":"https:\/\/auren.com\/es\/wp-json\/wp\/v2\/blog"}],"about":[{"href":"https:\/\/auren.com\/es\/wp-json\/wp\/v2\/types\/blog"}],"version-history":[{"count":0,"href":"https:\/\/auren.com\/es\/wp-json\/wp\/v2\/blog\/7764\/revisions"}],"wp:featuredmedia":[{"embeddable":true,"href":"https:\/\/auren.com\/es\/wp-json\/wp\/v2\/media\/7765"}],"wp:attachment":[{"href":"https:\/\/auren.com\/es\/wp-json\/wp\/v2\/media?parent=7764"}],"wp:term":[{"taxonomy":"blog-category","embeddable":true,"href":"https:\/\/auren.com\/es\/wp-json\/wp\/v2\/blog-category?post=7764"}],"curies":[{"name":"wp","href":"https:\/\/api.w.org\/{rel}","templated":true}]}}