{"id":7779,"date":"2017-02-28T09:32:07","date_gmt":"2017-02-28T08:32:07","guid":{"rendered":"https:\/\/auren.com\/es\/blog\/alineamiento-de-la-funcion-de-rrhh-con-la-cultura-organizativa\/"},"modified":"2017-02-28T09:32:07","modified_gmt":"2017-02-28T08:32:07","slug":"alineamiento-de-la-funcion-de-rrhh-con-la-cultura-organizativa","status":"publish","type":"blog","link":"https:\/\/auren.com\/es\/blog\/alineamiento-de-la-funcion-de-rrhh-con-la-cultura-organizativa\/","title":{"rendered":"Alineamiento de la funci\u00f3n de RRHH con la cultura organizativa"},"content":{"rendered":"<p style=\"text-align: justify;\">La funci\u00f3n de recursos humanos impacta en la organizaci\u00f3n, a trav\u00e9s de diferentes \u201cpalancas\u00bb.<\/p>\n<p style=\"text-align: justify;\"><img decoding=\"async\" src=\"\">Como primera palanca podr\u00edamos considerar la <i>Arquitectura organizativa<\/i> que con la definici\u00f3n de los puestos, procesos de trabajo, organigramas y estructura funcional, permite definir la Organizaci\u00f3n, con clarificaci\u00f3n de responsabilidades, ajust\u00e1ndola a las necesidades de negocio.<\/p>\n<p style=\"text-align: center;\" rel=\"text-align: center;\"><img decoding=\"async\" data-src=\"https:\/\/auren.com\/uploads\/images\/originals\/3101.png\" rel=\"width: 295px; height: 268.694px;\" style=\"width: 295px; height: 268.694px;\" src=\"data:image\/svg+xml;base64,PHN2ZyB3aWR0aD0iMSIgaGVpZ2h0PSIxIiB4bWxucz0iaHR0cDovL3d3dy53My5vcmcvMjAwMC9zdmciPjwvc3ZnPg==\" class=\"lazyload\"><\/p>\n<p style=\"text-align: justify;\">Los <i>sistemas de gesti\u00f3n<\/i>, ya sean gen\u00e9ricos (planificaci\u00f3n, control y presupuestaci\u00f3n), o espec\u00edficos de recursos humanos compensaci\u00f3n, evaluaci\u00f3n del desempe\u00f1o, direcci\u00f3n por objetivos, identificaci\u00f3n del potencial\u2026) nos permiten contar con herramientas de recursos humanos para gestionar de forma \u00f3ptima el capital humano y el talento organizativo, potenciando la eficiencia interna.<\/p>\n<p style=\"text-align: justify;\">La palanca <i>personas<\/i>, a trav\u00e9s de la formaci\u00f3n, motivaci\u00f3n y desarrollo, prepara y motiva a las personas para contribuir al \u00e9xito de la organizaci\u00f3n.<\/p>\n<p style=\"text-align: justify;\">Finalmente, pero no por ello menos importante, lo que podemos denominar como palanca de <i>\u00aborganizaci\u00f3n informal<\/i>\u00ab, a trav\u00e9s de actuaciones sobre la comunicaci\u00f3n interna, aspectos de relaci\u00f3n interna, menos tangibles, permiten crear unaforma de trabajar positiva y alineada con la estrategia.<\/p>\n<p style=\"text-align: justify;\">Todos estas denominadas \u201cpalancas\u00bb, son \u00e1reas de intervenci\u00f3n sobre las que los gestores de recursos humanos pueden impactar. La forma de hacerlo ser\u00e1 a trav\u00e9s de la aplicaci\u00f3n de las t\u00e9cnicas, metodolog\u00edas y herramientas que se ense\u00f1an en los libros y escuelas de negocio.<\/p>\n<p style=\"text-align: justify;\">As\u00ed las descripciones de puesto, las valoraciones de puesto, los an\u00e1lisis de equidad, los modelos de competencias, los planes formativos, las encuestas de clima laboral, los portales de comunicaci\u00f3n, los procedimientos internos, etc., no dejan de ser m\u00e1s que herramientas disponibles para facilitar la \u00f3ptima gesti\u00f3n del principal capital de cualquier organizaci\u00f3n.<\/p>\n<p style=\"text-align: justify;\">Cada una de estas herramientas tiene diferentes enfoques o formas de ser implantadas. Creo que ah\u00ed es donde radica el \u00e9xito de la cuesti\u00f3n, en la forma de priorizarlas y combinarlas para que cumplan su fin, y en este sentido la <b>cultura organizativa<\/b> juega un papel fundamental y b\u00e1sico.<\/p>\n<p style=\"text-align: justify;\">Cualquier intervenci\u00f3n de recursos humanos debe estar alineada con la cultura organizativa existente, o en su caso, con la que se quiera promover. Obviando aquellos casos, contados por otra parte, en los que la organizaci\u00f3n se encuentra en un proceso de cambio cultural, no hay nada m\u00e1s persistente en una organizaci\u00f3n que su cultura.<\/p>\n<p style=\"text-align: justify;\">Entendiendo por cultura organizativa el \u201cc\u00f3mo trabajamos aqu\u00ed\u00bb, cualquier intervenci\u00f3n relacionada con el capital humano deber\u00eda estar alineada con \u00e9sta.<\/p>\n<p style=\"text-align: justify;\"><img decoding=\"async\" src=\"file:\/\/\/C:UsersEVA~1.MARAppDataLocalTempmsohtmlclip1\n<\/p>\n","protected":false},"excerpt":{"rendered":"<p>La funci\u00f3n de recursos humanos impacta en la organizaci\u00f3n, a trav\u00e9s de diferentes \u201cpalancas\u00bb.<br \/>\nComo primera palanca podr\u00edamos considerar la Arquitectura organizativa que con la definici\u00f3n de los puestos, procesos de trabajo, organigramas y estructura funcional, permite definir la Organizaci\u00f3n, con clarificaci\u00f3n de responsabilidades, ajust\u00e1ndola a las necesidades de negocio.<\/p>\n","protected":false},"featured_media":7780,"template":"","meta":{"_acf_changed":false,"footnotes":""},"blog-category":[],"class_list":["post-7779","blog","type-blog","status-publish","has-post-thumbnail","hentry"],"acf":[],"yoast_head":"<!-- This site is optimized with the Yoast SEO plugin v27.4 - https:\/\/yoast.com\/product\/yoast-seo-wordpress\/ -->\n<title>Alineamiento de la funci\u00f3n de RRHH con la cultura organizativa - Auren Espa\u00f1a<\/title>\n<meta name=\"robots\" content=\"index, follow, max-snippet:-1, max-image-preview:large, max-video-preview:-1\" \/>\n<link rel=\"canonical\" href=\"https:\/\/auren.com\/es\/blog\/alineamiento-de-la-funcion-de-rrhh-con-la-cultura-organizativa\/\" \/>\n<meta property=\"og:locale\" content=\"es_ES\" \/>\n<meta property=\"og:type\" content=\"article\" \/>\n<meta property=\"og:title\" content=\"Alineamiento de la funci\u00f3n de RRHH con la cultura organizativa - Auren Espa\u00f1a\" \/>\n<meta property=\"og:description\" content=\"La funci\u00f3n de recursos humanos impacta en la organizaci\u00f3n, a trav\u00e9s de diferentes \u201cpalancas\u00bb. Como primera palanca podr\u00edamos considerar la Arquitectura organizativa que con la definici\u00f3n de los puestos, procesos de trabajo, organigramas y estructura funcional, permite definir la Organizaci\u00f3n, con clarificaci\u00f3n de responsabilidades, ajust\u00e1ndola a las necesidades de negocio.\" \/>\n<meta property=\"og:url\" content=\"https:\/\/auren.com\/es\/blog\/alineamiento-de-la-funcion-de-rrhh-con-la-cultura-organizativa\/\" \/>\n<meta property=\"og:site_name\" content=\"Auren\" \/>\n<meta property=\"og:image\" content=\"https:\/\/auren.com\/es\/wp-content\/uploads\/2017\/02\/170228-alineamiento-de-la-funcion-de-rrhh.jpg\" \/>\n\t<meta property=\"og:image:width\" content=\"900\" \/>\n\t<meta property=\"og:image:height\" content=\"675\" \/>\n\t<meta property=\"og:image:type\" content=\"image\/jpeg\" \/>\n<meta name=\"twitter:card\" content=\"summary_large_image\" \/>\n<meta name=\"twitter:site\" content=\"@auren_spain\" \/>\n<meta name=\"twitter:label1\" content=\"Tiempo de lectura\" \/>\n\t<meta name=\"twitter:data1\" content=\"2 minutos\" \/>\n<script type=\"application\/ld+json\" class=\"yoast-schema-graph\">{\"@context\":\"https:\\\/\\\/schema.org\",\"@graph\":[{\"@type\":\"WebPage\",\"@id\":\"https:\\\/\\\/auren.com\\\/es\\\/blog\\\/alineamiento-de-la-funcion-de-rrhh-con-la-cultura-organizativa\\\/\",\"url\":\"https:\\\/\\\/auren.com\\\/es\\\/blog\\\/alineamiento-de-la-funcion-de-rrhh-con-la-cultura-organizativa\\\/\",\"name\":\"Alineamiento de la funci\u00f3n de RRHH con la cultura organizativa - Auren Espa\u00f1a\",\"isPartOf\":{\"@id\":\"https:\\\/\\\/auren.com\\\/es\\\/#website\"},\"primaryImageOfPage\":{\"@id\":\"https:\\\/\\\/auren.com\\\/es\\\/blog\\\/alineamiento-de-la-funcion-de-rrhh-con-la-cultura-organizativa\\\/#primaryimage\"},\"image\":{\"@id\":\"https:\\\/\\\/auren.com\\\/es\\\/blog\\\/alineamiento-de-la-funcion-de-rrhh-con-la-cultura-organizativa\\\/#primaryimage\"},\"thumbnailUrl\":\"https:\\\/\\\/auren.com\\\/es\\\/wp-content\\\/uploads\\\/2017\\\/02\\\/170228-alineamiento-de-la-funcion-de-rrhh.jpg\",\"datePublished\":\"2017-02-28T08:32:07+00:00\",\"breadcrumb\":{\"@id\":\"https:\\\/\\\/auren.com\\\/es\\\/blog\\\/alineamiento-de-la-funcion-de-rrhh-con-la-cultura-organizativa\\\/#breadcrumb\"},\"inLanguage\":\"es\",\"potentialAction\":[{\"@type\":\"ReadAction\",\"target\":[\"https:\\\/\\\/auren.com\\\/es\\\/blog\\\/alineamiento-de-la-funcion-de-rrhh-con-la-cultura-organizativa\\\/\"]}]},{\"@type\":\"ImageObject\",\"inLanguage\":\"es\",\"@id\":\"https:\\\/\\\/auren.com\\\/es\\\/blog\\\/alineamiento-de-la-funcion-de-rrhh-con-la-cultura-organizativa\\\/#primaryimage\",\"url\":\"https:\\\/\\\/auren.com\\\/es\\\/wp-content\\\/uploads\\\/2017\\\/02\\\/170228-alineamiento-de-la-funcion-de-rrhh.jpg\",\"contentUrl\":\"https:\\\/\\\/auren.com\\\/es\\\/wp-content\\\/uploads\\\/2017\\\/02\\\/170228-alineamiento-de-la-funcion-de-rrhh.jpg\",\"width\":900,\"height\":675},{\"@type\":\"BreadcrumbList\",\"@id\":\"https:\\\/\\\/auren.com\\\/es\\\/blog\\\/alineamiento-de-la-funcion-de-rrhh-con-la-cultura-organizativa\\\/#breadcrumb\",\"itemListElement\":[{\"@type\":\"ListItem\",\"position\":1,\"name\":\"Portada\",\"item\":\"https:\\\/\\\/auren.com\\\/es\\\/\"},{\"@type\":\"ListItem\",\"position\":2,\"name\":\"Alineamiento de la funci\u00f3n de RRHH con la cultura organizativa\"}]},{\"@type\":\"WebSite\",\"@id\":\"https:\\\/\\\/auren.com\\\/es\\\/#website\",\"url\":\"https:\\\/\\\/auren.com\\\/es\\\/\",\"name\":\"Auren\",\"description\":\"\",\"publisher\":{\"@id\":\"https:\\\/\\\/auren.com\\\/es\\\/#organization\"},\"alternateName\":\"Auren\",\"potentialAction\":[{\"@type\":\"SearchAction\",\"target\":{\"@type\":\"EntryPoint\",\"urlTemplate\":\"https:\\\/\\\/auren.com\\\/es\\\/?s={search_term_string}\"},\"query-input\":{\"@type\":\"PropertyValueSpecification\",\"valueRequired\":true,\"valueName\":\"search_term_string\"}}],\"inLanguage\":\"es\"},{\"@type\":\"Organization\",\"@id\":\"https:\\\/\\\/auren.com\\\/es\\\/#organization\",\"name\":\"Auren\",\"alternateName\":\"Auren\",\"url\":\"https:\\\/\\\/auren.com\\\/es\\\/\",\"logo\":{\"@type\":\"ImageObject\",\"inLanguage\":\"es\",\"@id\":\"https:\\\/\\\/auren.com\\\/es\\\/#\\\/schema\\\/logo\\\/image\\\/\",\"url\":\"https:\\\/\\\/auren.com\\\/es\\\/wp-content\\\/uploads\\\/2025\\\/01\\\/cropped-cropped-favicon-Auren.png\",\"contentUrl\":\"https:\\\/\\\/auren.com\\\/es\\\/wp-content\\\/uploads\\\/2025\\\/01\\\/cropped-cropped-favicon-Auren.png\",\"width\":512,\"height\":512,\"caption\":\"Auren\"},\"image\":{\"@id\":\"https:\\\/\\\/auren.com\\\/es\\\/#\\\/schema\\\/logo\\\/image\\\/\"},\"sameAs\":[\"https:\\\/\\\/x.com\\\/auren_spain\",\"https:\\\/\\\/www.linkedin.com\\\/company\\\/aurenspainserviciosprofesionales\",\"https:\\\/\\\/www.youtube.com\\\/@AurenEsp\",\"https:\\\/\\\/www.instagram.com\\\/auren_spain\"]}]}<\/script>\n<!-- \/ Yoast SEO plugin. -->","yoast_head_json":{"title":"Alineamiento de la funci\u00f3n de RRHH con la cultura organizativa - Auren Espa\u00f1a","robots":{"index":"index","follow":"follow","max-snippet":"max-snippet:-1","max-image-preview":"max-image-preview:large","max-video-preview":"max-video-preview:-1"},"canonical":"https:\/\/auren.com\/es\/blog\/alineamiento-de-la-funcion-de-rrhh-con-la-cultura-organizativa\/","og_locale":"es_ES","og_type":"article","og_title":"Alineamiento de la funci\u00f3n de RRHH con la cultura organizativa - Auren Espa\u00f1a","og_description":"La funci\u00f3n de recursos humanos impacta en la organizaci\u00f3n, a trav\u00e9s de diferentes \u201cpalancas\u00bb. Como primera palanca podr\u00edamos considerar la Arquitectura organizativa que con la definici\u00f3n de los puestos, procesos de trabajo, organigramas y estructura funcional, permite definir la Organizaci\u00f3n, con clarificaci\u00f3n de responsabilidades, ajust\u00e1ndola a las necesidades de negocio.","og_url":"https:\/\/auren.com\/es\/blog\/alineamiento-de-la-funcion-de-rrhh-con-la-cultura-organizativa\/","og_site_name":"Auren","og_image":[{"width":900,"height":675,"url":"https:\/\/auren.com\/es\/wp-content\/uploads\/2017\/02\/170228-alineamiento-de-la-funcion-de-rrhh.jpg","type":"image\/jpeg"}],"twitter_card":"summary_large_image","twitter_site":"@auren_spain","twitter_misc":{"Tiempo de lectura":"2 minutos"},"schema":{"@context":"https:\/\/schema.org","@graph":[{"@type":"WebPage","@id":"https:\/\/auren.com\/es\/blog\/alineamiento-de-la-funcion-de-rrhh-con-la-cultura-organizativa\/","url":"https:\/\/auren.com\/es\/blog\/alineamiento-de-la-funcion-de-rrhh-con-la-cultura-organizativa\/","name":"Alineamiento de la funci\u00f3n de RRHH con la cultura organizativa - Auren Espa\u00f1a","isPartOf":{"@id":"https:\/\/auren.com\/es\/#website"},"primaryImageOfPage":{"@id":"https:\/\/auren.com\/es\/blog\/alineamiento-de-la-funcion-de-rrhh-con-la-cultura-organizativa\/#primaryimage"},"image":{"@id":"https:\/\/auren.com\/es\/blog\/alineamiento-de-la-funcion-de-rrhh-con-la-cultura-organizativa\/#primaryimage"},"thumbnailUrl":"https:\/\/auren.com\/es\/wp-content\/uploads\/2017\/02\/170228-alineamiento-de-la-funcion-de-rrhh.jpg","datePublished":"2017-02-28T08:32:07+00:00","breadcrumb":{"@id":"https:\/\/auren.com\/es\/blog\/alineamiento-de-la-funcion-de-rrhh-con-la-cultura-organizativa\/#breadcrumb"},"inLanguage":"es","potentialAction":[{"@type":"ReadAction","target":["https:\/\/auren.com\/es\/blog\/alineamiento-de-la-funcion-de-rrhh-con-la-cultura-organizativa\/"]}]},{"@type":"ImageObject","inLanguage":"es","@id":"https:\/\/auren.com\/es\/blog\/alineamiento-de-la-funcion-de-rrhh-con-la-cultura-organizativa\/#primaryimage","url":"https:\/\/auren.com\/es\/wp-content\/uploads\/2017\/02\/170228-alineamiento-de-la-funcion-de-rrhh.jpg","contentUrl":"https:\/\/auren.com\/es\/wp-content\/uploads\/2017\/02\/170228-alineamiento-de-la-funcion-de-rrhh.jpg","width":900,"height":675},{"@type":"BreadcrumbList","@id":"https:\/\/auren.com\/es\/blog\/alineamiento-de-la-funcion-de-rrhh-con-la-cultura-organizativa\/#breadcrumb","itemListElement":[{"@type":"ListItem","position":1,"name":"Portada","item":"https:\/\/auren.com\/es\/"},{"@type":"ListItem","position":2,"name":"Alineamiento de la funci\u00f3n de RRHH con la cultura organizativa"}]},{"@type":"WebSite","@id":"https:\/\/auren.com\/es\/#website","url":"https:\/\/auren.com\/es\/","name":"Auren","description":"","publisher":{"@id":"https:\/\/auren.com\/es\/#organization"},"alternateName":"Auren","potentialAction":[{"@type":"SearchAction","target":{"@type":"EntryPoint","urlTemplate":"https:\/\/auren.com\/es\/?s={search_term_string}"},"query-input":{"@type":"PropertyValueSpecification","valueRequired":true,"valueName":"search_term_string"}}],"inLanguage":"es"},{"@type":"Organization","@id":"https:\/\/auren.com\/es\/#organization","name":"Auren","alternateName":"Auren","url":"https:\/\/auren.com\/es\/","logo":{"@type":"ImageObject","inLanguage":"es","@id":"https:\/\/auren.com\/es\/#\/schema\/logo\/image\/","url":"https:\/\/auren.com\/es\/wp-content\/uploads\/2025\/01\/cropped-cropped-favicon-Auren.png","contentUrl":"https:\/\/auren.com\/es\/wp-content\/uploads\/2025\/01\/cropped-cropped-favicon-Auren.png","width":512,"height":512,"caption":"Auren"},"image":{"@id":"https:\/\/auren.com\/es\/#\/schema\/logo\/image\/"},"sameAs":["https:\/\/x.com\/auren_spain","https:\/\/www.linkedin.com\/company\/aurenspainserviciosprofesionales","https:\/\/www.youtube.com\/@AurenEsp","https:\/\/www.instagram.com\/auren_spain"]}]}},"_links":{"self":[{"href":"https:\/\/auren.com\/es\/wp-json\/wp\/v2\/blog\/7779","targetHints":{"allow":["GET"]}}],"collection":[{"href":"https:\/\/auren.com\/es\/wp-json\/wp\/v2\/blog"}],"about":[{"href":"https:\/\/auren.com\/es\/wp-json\/wp\/v2\/types\/blog"}],"version-history":[{"count":0,"href":"https:\/\/auren.com\/es\/wp-json\/wp\/v2\/blog\/7779\/revisions"}],"wp:featuredmedia":[{"embeddable":true,"href":"https:\/\/auren.com\/es\/wp-json\/wp\/v2\/media\/7780"}],"wp:attachment":[{"href":"https:\/\/auren.com\/es\/wp-json\/wp\/v2\/media?parent=7779"}],"wp:term":[{"taxonomy":"blog-category","embeddable":true,"href":"https:\/\/auren.com\/es\/wp-json\/wp\/v2\/blog-category?post=7779"}],"curies":[{"name":"wp","href":"https:\/\/api.w.org\/{rel}","templated":true}]}}