{"id":7788,"date":"2017-02-17T11:46:23","date_gmt":"2017-02-17T10:46:23","guid":{"rendered":"https:\/\/auren.com\/es\/blog\/los-17-objetivos-de-desarrollo-sostenible-es-necesario-que-me-implique\/"},"modified":"2017-02-17T11:46:23","modified_gmt":"2017-02-17T10:46:23","slug":"los-17-objetivos-de-desarrollo-sostenible-es-necesario-que-me-implique","status":"publish","type":"blog","link":"https:\/\/auren.com\/es\/blog\/los-17-objetivos-de-desarrollo-sostenible-es-necesario-que-me-implique\/","title":{"rendered":"Los 17 Objetivos de Desarrollo Sostenible, \u00bfes necesario que me implique?"},"content":{"rendered":"<p style=\"text-align: justify;\">La respuesta a la pregunta, desde nuestro punto de vista, es muy breve y tiene que ser taxativa, SI y en may\u00fascula. Las razones son muchas pero principalmente si queremos que nuestra casa\/planeta acoja a nuestros descendientes pr\u00f3ximos de la misma forma que ha permitido que nosotros disfrut\u00e1ramos de ella. <\/p>\n<p style=\"text-align: justify;\">El 25 de septiembre de 2015, los m\u00e1ximos dirigentes mundiales aprobaron en una cumbre hist\u00f3rica de las Naciones Unidas los 17 Objetivos de Desarrollo Sostenible, en adelante los ODS. Estos objetivos marcar\u00e1n el peso de la agenda internacional en los pr\u00f3ximos 15 a\u00f1os.<\/p>\n<p style=\"text-align: justify;\"> Los ODS hacen una llamada a movilizar el mundo entero a trav\u00e9s de las empresas yla sociedad civil para terminar con la pobreza y crear una vida digna y con oportunidades para todas las personas con los recursos que nos ofrece el planeta. A diferencia de sus predecesores, los Objetivos de desarrollo del Milenio, los ODS llaman la atenci\u00f3n a las empresas para aplicar su creatividad e innovaci\u00f3n en la consecuci\u00f3n de las metas espec\u00edficas de cada uno de los objetivos de desarrollo marcados por la ONU. La aplicaci\u00f3n de soluciones tecnol\u00f3gicas se presenta como una oportunidad para el desarrollo sostenible. <\/p>\n<p style=\"text-align: justify;\">Nos preguntamos \u00bf<b>C\u00f3mo las empresas<\/b> pueden colaborar a alcanzar dichos objetivos? Evidentemente, hay diferentes caminos dependiendo de cada uno de los objetivos y de la actividad de las empresas, no obstante, bastar\u00eda con el respeto de todas y cada una de ellas a los derechos humanos para conseguir una sociedad m\u00e1s justa y desarrollada. <\/p>\n<p style=\"text-align: justify;\">\u00bfCu\u00e1l es el plan para que estas empresas contribuyan a lograr los ODS en 15 a\u00f1os? Primero toca organizar charlas y encuentros informativos para dar a conocer la agenda y las materias en las que les compete: educaci\u00f3n, creaci\u00f3n de empleo joven, transparencia y medio ambiente. Por este motivo AUREN ha querido convertirse en ALTAVOZ para presentar los ODS a la comunidad que tenemos m\u00e1s cercana, personal, clientes, amigos, proveedores etc. El conocimiento, es el primer paso para llegar a la acci\u00f3n. Posteriormente, la alineaci\u00f3n de la responsabilidad social de la entidad con los ODS es el paso definitivo. A lo largo del desarrollo de nuestro proyecto os iremos presentando cada objetivo y posibles actuaciones. <\/p>\n<p style=\"text-align: justify;\">Pero, \u00bfsolamente son las empresas las que est\u00e1n llamadas a la consecuci\u00f3n de dichos objetivos? La llamada tambi\u00e9n se realiza a la sociedad civil y por tanto a entidades p\u00fablicas. Los Ayuntamientos, como entidad p\u00fablica m\u00e1s cercana al ciudadano, tiene mucho que decir y en qu\u00e9 colaborar, por lo que la responsabilidad que se le exigir\u00e1 tambi\u00e9n es muy grande, tanto en la educaci\u00f3n de la ciudadan\u00eda como en la implantaci\u00f3n de estrategias con el resto de organismos p\u00fablicos nacionales e internacionales en aspectos econ\u00f3micos, sociales y medioambientales.<\/p>\n<p style=\"text-align: justify;\">Y yo como persona individual, \u00bfmis h\u00e1bitos o comportamientos pueden influir de forma positiva en la consecuci\u00f3n de estos objetivos? <\/p>\n<p style=\"text-align: justify;\">Las Naciones Unidas est\u00e1n muy preparadas y nos conocen bien, y dando respuesta a esta pregunta han preparado una <b>GUIA PARA VAGOS<\/b> donde se relacionan aquellas cosas que podemos hacer desde el sof\u00e1, en casa o fuera de casa que repercutir\u00e1n directamente en dichos objetivos, vamos a ver algunas de ellas:<\/p>\n<p><b>Nivel 1, desde el sof\u00e1:<\/b><\/p>\n<ul>\n<li>Comparte, no te limites a hacer clic en \u201cme gusta\u00bb. Si ves una publicaci\u00f3n interesante en las redes sociales sobre los derechos de la mujer o el cambio clim\u00e1tico, comp\u00e1rtela para que las personas de tu red tambi\u00e9n la vean.<\/li>\n<li>Ahorra electricidad enchufando los electrodom\u00e9sticos en una regleta y desconect\u00e1ndolos por completo cuando no los utilices, incluso su ordenador.<\/li>\n<li>Investiga un poco por la red y compra solo en empresas que sepas que aplican pr\u00e1cticas sostenibles y no da\u00f1an el medio ambiente<\/li>\n<\/ul>\n<p><b>Nivel 2, en casa: <\/b><\/p>\n<ul>\n<li>Toma duchas cortas. Las ba\u00f1eras necesitan muchos m\u00e1s litros de agua que una ducha de entre 5 y 10 minutos.<\/li>\n<li>El reciclado de papel, pl\u00e1stico, vidrio y aluminio impide que los vertederos sigan creciendo.<\/li>\n<li>Compra productos que est\u00e9n m\u00ednimamente empaquetados<\/li>\n<\/ul>\n<p><b>Nivel 3, fuera de casa:<\/b><\/p>\n<ul>\n<li>Compra productos locales. Apoyar los negocios de la zona ayuda a la gente a conservar su empleo y contribuye a impedir que los camiones tengan que desplazarse grandes distancias.<\/li>\n<li>Utiliza una botella de agua y una taza de caf\u00e9 reutilizables. De este modo, reducir\u00e1s los desechos y quiz\u00e1s hasta pueda ahorrar dinero en la cafeter\u00eda.<\/li>\n<li>Mant\u00e9n el coche en buen estado. Un coche a punto emitir\u00e1 menos gases t\u00f3xicos<\/li>\n<\/ul>\n<p style=\"text-align: justify;\">Hay muchas m\u00e1s propuestas que las compartiremos en pr\u00f3ximas ocasiones, pero si os hemos despertado la curiosidad y quer\u00e9is saber m\u00e1s, solamente ten\u00e9is que entrar en esta gu\u00eda. <\/p>\n<p><strong>M. Eug\u00e8nia Bailach, Socia de Auditoria de Auren<\/strong><\/p>\n<p><!-- AddThis Advanced Settings generic via filter on the_content --><!-- AddThis Share Buttons generic via filter on the_content --><\/p>\n","protected":false},"excerpt":{"rendered":"<p>La respuesta a la pregunta, desde nuestro punto de vista, es muy breve y tiene que ser taxativa, SI y en may\u00fascula. Las razones son muchas pero principalmente si queremos que nuestra casa\/planeta acoja a nuestros descendientes pr\u00f3ximos de la misma forma que ha permitido que nosotros disfrut\u00e1ramos de ella.<\/p>\n","protected":false},"featured_media":7789,"template":"","meta":{"_acf_changed":false,"footnotes":""},"blog-category":[],"class_list":["post-7788","blog","type-blog","status-publish","has-post-thumbnail","hentry"],"acf":[],"yoast_head":"<!-- This site is optimized with the Yoast SEO plugin v27.4 - https:\/\/yoast.com\/product\/yoast-seo-wordpress\/ -->\n<title>Los 17 Objetivos de Desarrollo Sostenible, \u00bfes necesario que me implique? - Auren Espa\u00f1a<\/title>\n<meta name=\"robots\" content=\"index, follow, max-snippet:-1, max-image-preview:large, max-video-preview:-1\" \/>\n<link rel=\"canonical\" href=\"https:\/\/auren.com\/es\/blog\/los-17-objetivos-de-desarrollo-sostenible-es-necesario-que-me-implique\/\" \/>\n<meta property=\"og:locale\" content=\"es_ES\" \/>\n<meta property=\"og:type\" content=\"article\" \/>\n<meta property=\"og:title\" content=\"Los 17 Objetivos de Desarrollo Sostenible, \u00bfes necesario que me implique? - Auren Espa\u00f1a\" \/>\n<meta property=\"og:description\" content=\"La respuesta a la pregunta, desde nuestro punto de vista, es muy breve y tiene que ser taxativa, SI y en may\u00fascula. Las razones son muchas pero principalmente si queremos que nuestra casa\/planeta acoja a nuestros descendientes pr\u00f3ximos de la misma forma que ha permitido que nosotros disfrut\u00e1ramos de ella.\" \/>\n<meta property=\"og:url\" content=\"https:\/\/auren.com\/es\/blog\/los-17-objetivos-de-desarrollo-sostenible-es-necesario-que-me-implique\/\" \/>\n<meta property=\"og:site_name\" content=\"Auren\" \/>\n<meta property=\"og:image\" content=\"https:\/\/auren.com\/es\/wp-content\/uploads\/2017\/02\/shutterstock-64124008.jpg\" \/>\n\t<meta property=\"og:image:width\" content=\"1920\" \/>\n\t<meta property=\"og:image:height\" content=\"655\" \/>\n\t<meta property=\"og:image:type\" content=\"image\/jpeg\" \/>\n<meta name=\"twitter:card\" content=\"summary_large_image\" \/>\n<meta name=\"twitter:site\" content=\"@auren_spain\" \/>\n<meta name=\"twitter:label1\" content=\"Tiempo de lectura\" \/>\n\t<meta name=\"twitter:data1\" content=\"4 minutos\" \/>\n<script type=\"application\/ld+json\" class=\"yoast-schema-graph\">{\"@context\":\"https:\\\/\\\/schema.org\",\"@graph\":[{\"@type\":\"WebPage\",\"@id\":\"https:\\\/\\\/auren.com\\\/es\\\/blog\\\/los-17-objetivos-de-desarrollo-sostenible-es-necesario-que-me-implique\\\/\",\"url\":\"https:\\\/\\\/auren.com\\\/es\\\/blog\\\/los-17-objetivos-de-desarrollo-sostenible-es-necesario-que-me-implique\\\/\",\"name\":\"Los 17 Objetivos de Desarrollo Sostenible, \u00bfes necesario que me implique? - Auren Espa\u00f1a\",\"isPartOf\":{\"@id\":\"https:\\\/\\\/auren.com\\\/es\\\/#website\"},\"primaryImageOfPage\":{\"@id\":\"https:\\\/\\\/auren.com\\\/es\\\/blog\\\/los-17-objetivos-de-desarrollo-sostenible-es-necesario-que-me-implique\\\/#primaryimage\"},\"image\":{\"@id\":\"https:\\\/\\\/auren.com\\\/es\\\/blog\\\/los-17-objetivos-de-desarrollo-sostenible-es-necesario-que-me-implique\\\/#primaryimage\"},\"thumbnailUrl\":\"https:\\\/\\\/auren.com\\\/es\\\/wp-content\\\/uploads\\\/2017\\\/02\\\/shutterstock-64124008.jpg\",\"datePublished\":\"2017-02-17T10:46:23+00:00\",\"breadcrumb\":{\"@id\":\"https:\\\/\\\/auren.com\\\/es\\\/blog\\\/los-17-objetivos-de-desarrollo-sostenible-es-necesario-que-me-implique\\\/#breadcrumb\"},\"inLanguage\":\"es\",\"potentialAction\":[{\"@type\":\"ReadAction\",\"target\":[\"https:\\\/\\\/auren.com\\\/es\\\/blog\\\/los-17-objetivos-de-desarrollo-sostenible-es-necesario-que-me-implique\\\/\"]}]},{\"@type\":\"ImageObject\",\"inLanguage\":\"es\",\"@id\":\"https:\\\/\\\/auren.com\\\/es\\\/blog\\\/los-17-objetivos-de-desarrollo-sostenible-es-necesario-que-me-implique\\\/#primaryimage\",\"url\":\"https:\\\/\\\/auren.com\\\/es\\\/wp-content\\\/uploads\\\/2017\\\/02\\\/shutterstock-64124008.jpg\",\"contentUrl\":\"https:\\\/\\\/auren.com\\\/es\\\/wp-content\\\/uploads\\\/2017\\\/02\\\/shutterstock-64124008.jpg\",\"width\":1920,\"height\":655},{\"@type\":\"BreadcrumbList\",\"@id\":\"https:\\\/\\\/auren.com\\\/es\\\/blog\\\/los-17-objetivos-de-desarrollo-sostenible-es-necesario-que-me-implique\\\/#breadcrumb\",\"itemListElement\":[{\"@type\":\"ListItem\",\"position\":1,\"name\":\"Portada\",\"item\":\"https:\\\/\\\/auren.com\\\/es\\\/\"},{\"@type\":\"ListItem\",\"position\":2,\"name\":\"Los 17 Objetivos de Desarrollo Sostenible, \u00bfes necesario que me implique?\"}]},{\"@type\":\"WebSite\",\"@id\":\"https:\\\/\\\/auren.com\\\/es\\\/#website\",\"url\":\"https:\\\/\\\/auren.com\\\/es\\\/\",\"name\":\"Auren\",\"description\":\"\",\"publisher\":{\"@id\":\"https:\\\/\\\/auren.com\\\/es\\\/#organization\"},\"alternateName\":\"Auren\",\"potentialAction\":[{\"@type\":\"SearchAction\",\"target\":{\"@type\":\"EntryPoint\",\"urlTemplate\":\"https:\\\/\\\/auren.com\\\/es\\\/?s={search_term_string}\"},\"query-input\":{\"@type\":\"PropertyValueSpecification\",\"valueRequired\":true,\"valueName\":\"search_term_string\"}}],\"inLanguage\":\"es\"},{\"@type\":\"Organization\",\"@id\":\"https:\\\/\\\/auren.com\\\/es\\\/#organization\",\"name\":\"Auren\",\"alternateName\":\"Auren\",\"url\":\"https:\\\/\\\/auren.com\\\/es\\\/\",\"logo\":{\"@type\":\"ImageObject\",\"inLanguage\":\"es\",\"@id\":\"https:\\\/\\\/auren.com\\\/es\\\/#\\\/schema\\\/logo\\\/image\\\/\",\"url\":\"https:\\\/\\\/auren.com\\\/es\\\/wp-content\\\/uploads\\\/2025\\\/01\\\/cropped-cropped-favicon-Auren.png\",\"contentUrl\":\"https:\\\/\\\/auren.com\\\/es\\\/wp-content\\\/uploads\\\/2025\\\/01\\\/cropped-cropped-favicon-Auren.png\",\"width\":512,\"height\":512,\"caption\":\"Auren\"},\"image\":{\"@id\":\"https:\\\/\\\/auren.com\\\/es\\\/#\\\/schema\\\/logo\\\/image\\\/\"},\"sameAs\":[\"https:\\\/\\\/x.com\\\/auren_spain\",\"https:\\\/\\\/www.linkedin.com\\\/company\\\/aurenspainserviciosprofesionales\",\"https:\\\/\\\/www.youtube.com\\\/@AurenEsp\",\"https:\\\/\\\/www.instagram.com\\\/auren_spain\"]}]}<\/script>\n<!-- \/ Yoast SEO plugin. -->","yoast_head_json":{"title":"Los 17 Objetivos de Desarrollo Sostenible, \u00bfes necesario que me implique? - Auren Espa\u00f1a","robots":{"index":"index","follow":"follow","max-snippet":"max-snippet:-1","max-image-preview":"max-image-preview:large","max-video-preview":"max-video-preview:-1"},"canonical":"https:\/\/auren.com\/es\/blog\/los-17-objetivos-de-desarrollo-sostenible-es-necesario-que-me-implique\/","og_locale":"es_ES","og_type":"article","og_title":"Los 17 Objetivos de Desarrollo Sostenible, \u00bfes necesario que me implique? - Auren Espa\u00f1a","og_description":"La respuesta a la pregunta, desde nuestro punto de vista, es muy breve y tiene que ser taxativa, SI y en may\u00fascula. Las razones son muchas pero principalmente si queremos que nuestra casa\/planeta acoja a nuestros descendientes pr\u00f3ximos de la misma forma que ha permitido que nosotros disfrut\u00e1ramos de ella.","og_url":"https:\/\/auren.com\/es\/blog\/los-17-objetivos-de-desarrollo-sostenible-es-necesario-que-me-implique\/","og_site_name":"Auren","og_image":[{"width":1920,"height":655,"url":"https:\/\/auren.com\/es\/wp-content\/uploads\/2017\/02\/shutterstock-64124008.jpg","type":"image\/jpeg"}],"twitter_card":"summary_large_image","twitter_site":"@auren_spain","twitter_misc":{"Tiempo de lectura":"4 minutos"},"schema":{"@context":"https:\/\/schema.org","@graph":[{"@type":"WebPage","@id":"https:\/\/auren.com\/es\/blog\/los-17-objetivos-de-desarrollo-sostenible-es-necesario-que-me-implique\/","url":"https:\/\/auren.com\/es\/blog\/los-17-objetivos-de-desarrollo-sostenible-es-necesario-que-me-implique\/","name":"Los 17 Objetivos de Desarrollo Sostenible, \u00bfes necesario que me implique? - Auren Espa\u00f1a","isPartOf":{"@id":"https:\/\/auren.com\/es\/#website"},"primaryImageOfPage":{"@id":"https:\/\/auren.com\/es\/blog\/los-17-objetivos-de-desarrollo-sostenible-es-necesario-que-me-implique\/#primaryimage"},"image":{"@id":"https:\/\/auren.com\/es\/blog\/los-17-objetivos-de-desarrollo-sostenible-es-necesario-que-me-implique\/#primaryimage"},"thumbnailUrl":"https:\/\/auren.com\/es\/wp-content\/uploads\/2017\/02\/shutterstock-64124008.jpg","datePublished":"2017-02-17T10:46:23+00:00","breadcrumb":{"@id":"https:\/\/auren.com\/es\/blog\/los-17-objetivos-de-desarrollo-sostenible-es-necesario-que-me-implique\/#breadcrumb"},"inLanguage":"es","potentialAction":[{"@type":"ReadAction","target":["https:\/\/auren.com\/es\/blog\/los-17-objetivos-de-desarrollo-sostenible-es-necesario-que-me-implique\/"]}]},{"@type":"ImageObject","inLanguage":"es","@id":"https:\/\/auren.com\/es\/blog\/los-17-objetivos-de-desarrollo-sostenible-es-necesario-que-me-implique\/#primaryimage","url":"https:\/\/auren.com\/es\/wp-content\/uploads\/2017\/02\/shutterstock-64124008.jpg","contentUrl":"https:\/\/auren.com\/es\/wp-content\/uploads\/2017\/02\/shutterstock-64124008.jpg","width":1920,"height":655},{"@type":"BreadcrumbList","@id":"https:\/\/auren.com\/es\/blog\/los-17-objetivos-de-desarrollo-sostenible-es-necesario-que-me-implique\/#breadcrumb","itemListElement":[{"@type":"ListItem","position":1,"name":"Portada","item":"https:\/\/auren.com\/es\/"},{"@type":"ListItem","position":2,"name":"Los 17 Objetivos de Desarrollo Sostenible, \u00bfes necesario que me implique?"}]},{"@type":"WebSite","@id":"https:\/\/auren.com\/es\/#website","url":"https:\/\/auren.com\/es\/","name":"Auren","description":"","publisher":{"@id":"https:\/\/auren.com\/es\/#organization"},"alternateName":"Auren","potentialAction":[{"@type":"SearchAction","target":{"@type":"EntryPoint","urlTemplate":"https:\/\/auren.com\/es\/?s={search_term_string}"},"query-input":{"@type":"PropertyValueSpecification","valueRequired":true,"valueName":"search_term_string"}}],"inLanguage":"es"},{"@type":"Organization","@id":"https:\/\/auren.com\/es\/#organization","name":"Auren","alternateName":"Auren","url":"https:\/\/auren.com\/es\/","logo":{"@type":"ImageObject","inLanguage":"es","@id":"https:\/\/auren.com\/es\/#\/schema\/logo\/image\/","url":"https:\/\/auren.com\/es\/wp-content\/uploads\/2025\/01\/cropped-cropped-favicon-Auren.png","contentUrl":"https:\/\/auren.com\/es\/wp-content\/uploads\/2025\/01\/cropped-cropped-favicon-Auren.png","width":512,"height":512,"caption":"Auren"},"image":{"@id":"https:\/\/auren.com\/es\/#\/schema\/logo\/image\/"},"sameAs":["https:\/\/x.com\/auren_spain","https:\/\/www.linkedin.com\/company\/aurenspainserviciosprofesionales","https:\/\/www.youtube.com\/@AurenEsp","https:\/\/www.instagram.com\/auren_spain"]}]}},"_links":{"self":[{"href":"https:\/\/auren.com\/es\/wp-json\/wp\/v2\/blog\/7788","targetHints":{"allow":["GET"]}}],"collection":[{"href":"https:\/\/auren.com\/es\/wp-json\/wp\/v2\/blog"}],"about":[{"href":"https:\/\/auren.com\/es\/wp-json\/wp\/v2\/types\/blog"}],"version-history":[{"count":0,"href":"https:\/\/auren.com\/es\/wp-json\/wp\/v2\/blog\/7788\/revisions"}],"wp:featuredmedia":[{"embeddable":true,"href":"https:\/\/auren.com\/es\/wp-json\/wp\/v2\/media\/7789"}],"wp:attachment":[{"href":"https:\/\/auren.com\/es\/wp-json\/wp\/v2\/media?parent=7788"}],"wp:term":[{"taxonomy":"blog-category","embeddable":true,"href":"https:\/\/auren.com\/es\/wp-json\/wp\/v2\/blog-category?post=7788"}],"curies":[{"name":"wp","href":"https:\/\/api.w.org\/{rel}","templated":true}]}}