{"id":7815,"date":"2017-01-20T11:29:30","date_gmt":"2017-01-20T10:29:30","guid":{"rendered":"https:\/\/auren.com\/es\/blog\/novedades-en-materia-contable\/"},"modified":"2017-01-20T11:29:30","modified_gmt":"2017-01-20T10:29:30","slug":"novedades-en-materia-contable","status":"publish","type":"blog","link":"https:\/\/auren.com\/es\/blog\/novedades-en-materia-contable\/","title":{"rendered":"Novedades en materia contable"},"content":{"rendered":"<p style=\"text-align: justify;\">El Real Decreto 602\/2016 de 2 de diciembre, tiene por objeto el desarrollo reglamentario de las modificaciones introducidas por la Ley 22\/2015, de 20 de julio, de Auditor\u00eda de Cuentas en aplicaci\u00f3n de la transposici\u00f3n de la Directiva 2013\/34 de la Uni\u00f3n Europea.<\/p>\n<p style=\"text-align: justify;\">Este Real Decreto modifica determinados apartados del Plan General de Contabilidad y del P.G.C. de Peque\u00f1as y Medianas Empresas aprobados en 2007 as\u00ed como de las Normas para la Formulaci\u00f3n de las Cuentas Anuales Consolidadas aprobadas en 2010 y de las Normas de Adaptaci\u00f3n del PGC a las entidades sin fines lucrativos aprobadas en 2011 y ser\u00e1 de aplicaci\u00f3n para los ejercicios que se inicien a partir del 1 de enero de 2016.<\/p>\n<p style=\"text-align: justify;\">Las grandes novedades que introduce se centran por una parte en la simplificaci\u00f3n de las obligaciones contables de las peque\u00f1as y medianas empresas y del contenido a incluir en la memoria de las cuentas anuales y por otro lado en el tratamiento establecido para todo tipo de empresas en lo que se refiere a normas de registro y valoraci\u00f3n de los activos intangibles, en especial del fondo de comercio.<\/p>\n<p style=\"text-align: justify;\">En relaci\u00f3n a la simplificaci\u00f3n de las obligaciones contables hay que destacar la supresi\u00f3n del car\u00e1cter obligatorio del Estado de Cambios en el Patrimonio Neto (ECPN) que pasa a considerarse como un documento voluntario de las cuentas anuales, tanto para las empresas que apliquen el modelo de Balance y Memoria abreviados del PGC como para aquellas que opten por utilizar el modelo de PGC de Pymes. As\u00ed, se ampl\u00eda el \u00e1mbito de aplicaci\u00f3n del PGC de Pymes estableciendo que para los ejercicios que se inicien a partir del 1 de enero de 2016 los l\u00edmites de total activo, importe neto de la cifra de negocios y n\u00famero de trabajadores se igualan con los previstos para poder elaborar modelo abreviado de balance y memoria del PGC.<\/p>\n<p style=\"text-align: justify;\">Es momento de recordar que deben cumplirse para ello durante dos ejercicios consecutivos a fecha de cierre del ejercicio, al menos dos de las circunstancias siguientes:<\/p>\n<p style=\"text-align: center;\"><img decoding=\"async\" src=\"data:image\/png;base64,iVBORw0KGgoAAAANSUhEUgAAAbQAAABPCAIAAAAMdKd\/AAALaUlEQVR4nO2dy5mjMBCEyYU89upYFApnB0EgjsOxaA\/9TX\/lfgh5eAw29Z\/YWRASkoqWmOkaKiGEEMfw1xUghJAzQnEkhJAAiiMhhAS8iONACCGXZFkc95ViQs7K\/X7\/6yqQP4PiSAghARRHQlIYOV4ZiiMhKRTHK0NxJCSF4nhlziWO0zTdbrf9yi+lhOWP4zhN0ya3uN1upZRNigp5Pp\/DMDwej\/1uQU6IjqvH46FT8q9GwjAM8zwff9+DWSWO4cfvTGXmeV7U2c3F0UjJh4ojVpvieCTbRo6llF+HGhTH49kmcux5WGcQx4wPEkdyJP3iOI5je6SVUuSclVWiOB7GXuIoL8lhGGRWi0gpz+dT+hjPqbk4juOoBWJ9\/K9rSrHTNMkPZTgK8zyb8n3AG9aq\/gx9c3dTQz1BxRFLez6f\/ipsFD7A2+2mdZCXijan\/kwJeaRaLM4ZbH5YW9LJojjqwA77V5mmqZSCfeQLwSmjna5jqZTSjhx9p5u5gO\/scISYYZa11AzXxcGGF0ptTciiock0TTrTZfbh4NcCcdbs+m4IO2utOGKQqJGUiRzneZbxJE9KLm+Ioz56LfD5fOpN5ZnWnwGh48B0A5aPIZ52T1grHZdSgp8GGNlh9fTW0uu+XRquygjzpUlRJnLUYm+3m5ZQSkF9l0oy5NwPec49rx8ddYviqMcYUkhft8Ux7HScC\/gqDaenGUu+kri60qkRFmXwJzfEEZUknEHzPKP67xrA7iKO+KC1LxvLaj2\/IY5aID4dxYw\/1a9MHE3YFS6rtVaLEoO30CGCbTG38+AJ\/n2YiSM+Cpwb5t3QDmpIg0bkKON5URzNZG6Io3Z6eNwWx7DTzVwI36lavfZ2kKm5zvewqKz59XXRk0WOerJf54ka9ijSJuwijuM46j+1h3yrcCnaL47YTxhgvyWOprOxfF+rCisOXz0jQDrIsG7ZEgDX3VJIKGeZOFYYMRi6arX59WYl65fVfhj4k7046vQZ3PIlFMew0704SlE4woX6uvj1Kuk1rlEUootuRRZnQ4c4ouLXV0XObrctYflHRI63283P57ciR1yKbhU5hrVqtFR\/2I4cQ3Dl\/rvIsf4MoFKK1oqR44Zs+EGmvhM5viuOnZGjD\/cWKxPWvLOomoST9XUMvxU5YiF7\/9rcLuIY7kSYrsLHOrwTOeKjRCELxdHUDS\/RcmQ0qDj6WrV7qL520vC6y4MqFsYLuA3kNwpVZ\/3aRI419tT\/5Z7jadlPHBt7jl4cfZhSYZBnL1S9XIptFJVdWGudpkkqrItL\/WpU3TgP9xy1hNohzSvZRRyr+1otaDzsv1YviqOebCJtLSETRw3szddqrYB87Qm\/VuM+sRB2Bi5JUCizb9\/hUxpeI1lzlVa1OoHWj1G+yfxavZJG5OgXjMPfRY416vRMHGs0pLNfnFD0w7GM1UZRYetM3bC0LHKs0dfqxTm1IWFnne7PBzf8PURC+uGfD14ZiiMhKRTHK\/MZ4kgIIQdDcSQkhZHjlaE4EpJCcbwyFEdCUiiOV4biSAghAcvieL\/f5f15\/4HHPOYxj7\/+mJEjISl3LqsvDMWRkBSK45WhOBJCSADFkZAURo5XhuK4AT7bRQOTpe5dMLGF\/ln+ynzIRyYQ7ecMySjPI4402DqeVeKIGTIO6KRd53DmZNDDX4njVo+d4pixlTiuTyRDcTyetZHjkelUKY6IPPn15dSziuNn0Uh2G2Yj\/TUUx8PYWBwHMFEbx1FDS5NFUc9BmdBsj+hmpW5k\/\/79GwC5YztxYcN9zaSbNHYFco4mVWw7cZsqhQ1BUBwxT+Vinn1po1yOFdYkj9rSx+OxmGWvuoyE+vN2wyWXqrbRZJb0F2JSe78hMAx2sGEJw2u2YOwyX\/geb+jFyLHHfXBwmdvDQgrdB7\/MfdCLI+ZnRfsnn\/g38+fL3Mi8f6H+M0yYnrmvZfcy\/hXYEP+exMpnybfDC3F6qIigPQOCtRLjQzNJ8MmbFPP4lPzUxcvDJ5mtamVoaq+1bRfLO76MGFXJmXpaWEO8+zzPe8yThjg+3nEf1JEQ9gXdB7\/TfdCLI9ql+uPMLAFPRpcYHHw+J3vb+SxzX8N76QRrWBGE+cl9UnHvABOGCeEPM6sNrKq5vJHn2ZBpnInjamQW5oNH1DutdnYh3jpz1xnADSqreehKtGYnpJOGOHa6D1aQ0SHZc6T74He6D7bF0W+1mA7TTsWHpe1vi+Oi81kmH+YqL8SmUeEkxOGoNzJLj3AymMjRVMPgda1THE1NQt8bE11Wt70wRDsDRhwbFzZ8GbFYqXk4tYbofYYN1zHwV4YQnctqfAiZgeUamwS6D+5BWP5x4rhV5BjSGBw+yNojcgzRLscF7+aR4\/DqK\/u7yDGrvxfHhivTfpEjslOu+P6v1dkHGVPb8EVL98HvdB9cI4543LMPaDp70fksGxymWNz61R8ubh2ayusxXihbhOZCFEetRiklHENv7TkaccTdKD9psb2yjahPAyPixWV1+8JFX8Y1e44FDB3DF956NvlVHnxReTe0SvfBr3QfxMWU1LhTHM1VQva1Gu+I\/oV1yfmsIR8l8lrTNYL5Z9YBJfEOxLC\/HbKhy2C2MNTS8Gt1u3X4ZOTyMJjVkuVAf97+hp6JY3ih8WU0C3l82ubknq\/VWMhOEURDHPvdB9sr1rqFOGJ96D64FcPKyPFdTIeR65BpByHnhOJIdqTn1y3PzHn+fJAcz9HiSMgHQXG8MhRHQlIojleG4kgIIQEUR0JSGDleGYojISkUxytDcSQkheJ4ZZbF8TxOiTzmMY95fNgxI0dCUu6MHC8MxZGQFIrjlaE4EpJCcbwyFEdCCAk4QhzHcdw7f8Z+aAKSLFvJIntnnWuwPpHXr1v9HTByvDJrxdHk+PS5Ladp+itp2ASKI8VxJSa5mcmRLDAVywnZQBwx83uW+PdzWa8OFMfPpV8cG9asYSb5+prK98tmzXewgThK1\/puxnmlAiHZKzWzpsSVPsWmz2xawBFUs+2bDJq+baXpE1uTt3foQmmMHPR\/G09GzzFuM+1gwSfZVb9KvdA0XH3mzO0W6xzmtc1MOH2nmBKyR\/HF9HjIhOIYOk\/tVUvyK7YRx3me1WygRxwxx7pIAOaUDlPnF3AErbkbqql52ye2J1+\/F8fsKqS8Y0mKhCeP44h10wdl8qt7w9vQ9BHrFnrD9ptwGrOw71sbNiJH9RRcLASX1fjkzTvmyhH6OdlGHOVAjBN7xFF+iAnf8Ti0TjUKGDoK+bahBYI\/xgFqbIl8IeFVNXnn4w9DY6mwzpnBKaoVmg3o8aJtGT6u0KBKO67HSknPyV5LX0NDHOdua1ZkAFsCI46fmAz4u9lMHCV4\/IU4erOt4RX1TsHBFHpR+ra1DW1wrSoYfa+ROGaOkUrDktTfDi\/MnFGNOOrd9TgzvNU6o62N4E14RmeaHjY\/66yvVMnFPceeZTWCPumMHE\/OZuJYf7bGcAH4O3EMB8r6yNGLY7gZdEzkGJI15F1xbEeOSugN+1bkaJp85end+CCD6BjgnuP52VIczUJDp5PM+X5xDK1TjTh27jm2xdGEnGr1qReiC+Vbe46LlqR4u+xCNTh9SxzD14xXz5p7w4bND\/ccF18Sn84mv8pj9lLQWZBfq8\/MluJYXz8d6CJRft2nXxxrZBTpFbDna3VbHOvrStZ7fqIL5Vtfq40lafi1Oosi\/RfkTnFU0C49rHPbGzYz4fRfqz\/dP2uRhjj2W7PingY+Jf6e48lZK47kDNDTcSf4FzJXhuL4DVAcCdkciiMhKYwcrwzFkZAUiuOVoTgSkkJxvDIUR0IICaA4EpLCyPHKdIkjIYRckAVxJIQQIlAcCSEkgOJICCEBFEdCCAmgOBJCSADFkRBCAv4DMrrLangdcIQAAAAASUVORK5CYIIA\" alt=\"\" style=\"\"><\/p>\n<p style=\"text-align: justify;\">Y por cierto se habilita igualmente para la aplicaci\u00f3n del PGC de Pymes a todas las entidades sin fines lucrativos cualquiera que sea su forma jur\u00eddica, siempre que cumplan los mencionados requisitos.<\/p>\n<p style=\"text-align: justify;\">Resulta importante se\u00f1alar que si la empresa o entidad formase parte de un grupo, en los t\u00e9rminos establecidos en la correspondiente norma de elaboraci\u00f3n de las cuentas anuales, por cuantificar estos importes se tendr\u00e1 en cuenta la suma del activo, de importe de la cifra de negocios y del n\u00famero de trabajadores del conjunto de todas las entidades que formen dicho grupo. Por tanto, si el grupo no cumple con estos requisitos en conjunto ninguna de las sociedades del grupo puede presentar balance y memoria abreviada ni aplicar el PGC de Pymes, aunque individualmente cumplieran estos l\u00edmites. Esta regla no ser\u00e1 de aplicaci\u00f3n cuando la informaci\u00f3n financiera de la sociedad se integre en las cuentas anuales consolidadas de la dominante.<\/p>\n<p style=\"text-align: justify;\">Asimismo, hay que destacar que las Entidades de Inter\u00e9s P\u00fablico, calificadas como tales en el art\u00edculo 3.5 de la Ley 22\/2015 de Auditor\u00eda de Cuentas, no podr\u00e1n formular cuentas anuales abreviadas ni aplicar el PGC de Pymes.<\/p>\n<p style=\"text-align: justify;\">En relaci\u00f3n al tratamiento de los activos intangibles indicar que se califican como activos de vida \u00fatil definida y se establece como regla general un periodo de amortizaci\u00f3n de diez a\u00f1os, que debe aplicarse en ausencia de fiabilidad en la determinaci\u00f3n de la vida \u00fatil o de otra disposici\u00f3n contable tal como ser\u00eda en el caso previsto en el PGC para los gastos de investigaci\u00f3n y desarrollo.<\/p>\n<p style=\"text-align: justify;\">Y en concreto en el caso del fondo de comercio se introduce id\u00e9ntica presunci\u00f3n, que admite prueba en contrario, de su recuperaci\u00f3n de forma lineal en el plazo de diez a\u00f1os. Y ello, como se expresa en la exposici\u00f3n de motivos del Real Decreto, con el \u00e1nimo de evitar la tarea compleja de justificar su vida \u00fatil y en definitiva para facilitar en la pr\u00e1ctica el tratamiento contable del fondo de comercio. Adem\u00e1s, al menos al cierre del ejercicio se evaluar\u00e1n posibles indicios de deterioro y se efectuar\u00e1n en su caso las correcciones valorativas oportunas, correcciones que no ser\u00e1n objeto de reversi\u00f3n en ejercicios posteriores en lo que se refiere al fondo de comercio.<\/p>\n<p style=\"text-align: justify;\">Respecto a la amortizaci\u00f3n de aquellos activos intangibles que hasta la fecha no se ven\u00edan amortizando, se comenzar\u00e1 a registrar desde el primer ejercicio que se inicie a partir de 1 de enero de 2016 y se efectuar\u00e1 de forma prospectiva con cargo a la cuenta de p\u00e9rdidas y ganancias pero se introduce tambi\u00e9n la opci\u00f3n de amortizar estos activos de forma retrospectiva con cargo a Reservas siguiendo el criterio lineal de diez a\u00f1os contados desde la fecha de adquisici\u00f3n o desde la fecha de aplicaci\u00f3n del vigente PGC (ejercicios iniciados desde el 1 de enero de 2008), en caso de que la fecha de adquisici\u00f3n fuese anterior. Esta opci\u00f3n permite no penalizar la futura cuenta de resultados, cargando directamente a Reservas el importe correspondiente en el primer ejercicio de aplicaci\u00f3n de esta regla.<\/p>\n<p> En resumen, en esta ocasi\u00f3n deber\u00edamos concluir que el legislador s\u00ed parece haber pretendido, y con acierto, simplificar los requisitos de informaci\u00f3n exigibles a las peque\u00f1as y medianas empresas, facilitando as\u00ed su cumplimiento<\/p>\n<\/p>\n<p><strong>Juan Jos\u00e9 Jaramillo Mellado, Socio Auditor\u00eda <\/strong><\/p>\n<p><!-- AddThis Advanced Settings generic via filter on the_content --><!-- AddThis Share Buttons generic via filter on the_content --><\/p>\n","protected":false},"excerpt":{"rendered":"<p>El Real Decreto 602\/2016 de 2 de diciembre, tiene por objeto el desarrollo reglamentario de las modificaciones introducidas por la Ley 22\/2015, de 20 de julio, de Auditor\u00eda de Cuentas en aplicaci\u00f3n de la transposici\u00f3n de la Directiva 2013\/34 de la Uni\u00f3n Europea.<\/p>\n","protected":false},"featured_media":7816,"template":"","meta":{"_acf_changed":false,"footnotes":""},"blog-category":[],"class_list":["post-7815","blog","type-blog","status-publish","has-post-thumbnail","hentry"],"acf":[],"yoast_head":"<!-- This site is optimized with the Yoast SEO plugin v27.4 - https:\/\/yoast.com\/product\/yoast-seo-wordpress\/ -->\n<title>Novedades en materia contable - Auren Espa\u00f1a<\/title>\n<meta name=\"robots\" content=\"index, follow, max-snippet:-1, max-image-preview:large, max-video-preview:-1\" \/>\n<link rel=\"canonical\" href=\"https:\/\/auren.com\/es\/blog\/novedades-en-materia-contable\/\" \/>\n<meta property=\"og:locale\" content=\"es_ES\" \/>\n<meta property=\"og:type\" content=\"article\" \/>\n<meta property=\"og:title\" content=\"Novedades en materia contable - Auren Espa\u00f1a\" \/>\n<meta property=\"og:description\" content=\"El Real Decreto 602\/2016 de 2 de diciembre, tiene por objeto el desarrollo reglamentario de las modificaciones introducidas por la Ley 22\/2015, de 20 de julio, de Auditor\u00eda de Cuentas en aplicaci\u00f3n de la transposici\u00f3n de la Directiva 2013\/34 de la Uni\u00f3n Europea.\" \/>\n<meta property=\"og:url\" content=\"https:\/\/auren.com\/es\/blog\/novedades-en-materia-contable\/\" \/>\n<meta property=\"og:site_name\" content=\"Auren\" \/>\n<meta property=\"og:image\" content=\"https:\/\/auren.com\/es\/wp-content\/uploads\/2017\/01\/imagen-blog-200117.jpg\" \/>\n\t<meta property=\"og:image:width\" content=\"1920\" \/>\n\t<meta property=\"og:image:height\" content=\"655\" \/>\n\t<meta property=\"og:image:type\" content=\"image\/jpeg\" \/>\n<meta name=\"twitter:card\" content=\"summary_large_image\" \/>\n<meta name=\"twitter:site\" content=\"@auren_spain\" \/>\n<meta name=\"twitter:label1\" content=\"Tiempo de lectura\" \/>\n\t<meta name=\"twitter:data1\" content=\"5 minutos\" \/>\n<script type=\"application\/ld+json\" class=\"yoast-schema-graph\">{\"@context\":\"https:\\\/\\\/schema.org\",\"@graph\":[{\"@type\":\"WebPage\",\"@id\":\"https:\\\/\\\/auren.com\\\/es\\\/blog\\\/novedades-en-materia-contable\\\/\",\"url\":\"https:\\\/\\\/auren.com\\\/es\\\/blog\\\/novedades-en-materia-contable\\\/\",\"name\":\"Novedades en materia contable - Auren Espa\u00f1a\",\"isPartOf\":{\"@id\":\"https:\\\/\\\/auren.com\\\/es\\\/#website\"},\"primaryImageOfPage\":{\"@id\":\"https:\\\/\\\/auren.com\\\/es\\\/blog\\\/novedades-en-materia-contable\\\/#primaryimage\"},\"image\":{\"@id\":\"https:\\\/\\\/auren.com\\\/es\\\/blog\\\/novedades-en-materia-contable\\\/#primaryimage\"},\"thumbnailUrl\":\"https:\\\/\\\/auren.com\\\/es\\\/wp-content\\\/uploads\\\/2017\\\/01\\\/imagen-blog-200117.jpg\",\"datePublished\":\"2017-01-20T10:29:30+00:00\",\"breadcrumb\":{\"@id\":\"https:\\\/\\\/auren.com\\\/es\\\/blog\\\/novedades-en-materia-contable\\\/#breadcrumb\"},\"inLanguage\":\"es\",\"potentialAction\":[{\"@type\":\"ReadAction\",\"target\":[\"https:\\\/\\\/auren.com\\\/es\\\/blog\\\/novedades-en-materia-contable\\\/\"]}]},{\"@type\":\"ImageObject\",\"inLanguage\":\"es\",\"@id\":\"https:\\\/\\\/auren.com\\\/es\\\/blog\\\/novedades-en-materia-contable\\\/#primaryimage\",\"url\":\"https:\\\/\\\/auren.com\\\/es\\\/wp-content\\\/uploads\\\/2017\\\/01\\\/imagen-blog-200117.jpg\",\"contentUrl\":\"https:\\\/\\\/auren.com\\\/es\\\/wp-content\\\/uploads\\\/2017\\\/01\\\/imagen-blog-200117.jpg\",\"width\":1920,\"height\":655},{\"@type\":\"BreadcrumbList\",\"@id\":\"https:\\\/\\\/auren.com\\\/es\\\/blog\\\/novedades-en-materia-contable\\\/#breadcrumb\",\"itemListElement\":[{\"@type\":\"ListItem\",\"position\":1,\"name\":\"Portada\",\"item\":\"https:\\\/\\\/auren.com\\\/es\\\/\"},{\"@type\":\"ListItem\",\"position\":2,\"name\":\"Novedades en materia contable\"}]},{\"@type\":\"WebSite\",\"@id\":\"https:\\\/\\\/auren.com\\\/es\\\/#website\",\"url\":\"https:\\\/\\\/auren.com\\\/es\\\/\",\"name\":\"Auren\",\"description\":\"\",\"publisher\":{\"@id\":\"https:\\\/\\\/auren.com\\\/es\\\/#organization\"},\"alternateName\":\"Auren\",\"potentialAction\":[{\"@type\":\"SearchAction\",\"target\":{\"@type\":\"EntryPoint\",\"urlTemplate\":\"https:\\\/\\\/auren.com\\\/es\\\/?s={search_term_string}\"},\"query-input\":{\"@type\":\"PropertyValueSpecification\",\"valueRequired\":true,\"valueName\":\"search_term_string\"}}],\"inLanguage\":\"es\"},{\"@type\":\"Organization\",\"@id\":\"https:\\\/\\\/auren.com\\\/es\\\/#organization\",\"name\":\"Auren\",\"alternateName\":\"Auren\",\"url\":\"https:\\\/\\\/auren.com\\\/es\\\/\",\"logo\":{\"@type\":\"ImageObject\",\"inLanguage\":\"es\",\"@id\":\"https:\\\/\\\/auren.com\\\/es\\\/#\\\/schema\\\/logo\\\/image\\\/\",\"url\":\"https:\\\/\\\/auren.com\\\/es\\\/wp-content\\\/uploads\\\/2025\\\/01\\\/cropped-cropped-favicon-Auren.png\",\"contentUrl\":\"https:\\\/\\\/auren.com\\\/es\\\/wp-content\\\/uploads\\\/2025\\\/01\\\/cropped-cropped-favicon-Auren.png\",\"width\":512,\"height\":512,\"caption\":\"Auren\"},\"image\":{\"@id\":\"https:\\\/\\\/auren.com\\\/es\\\/#\\\/schema\\\/logo\\\/image\\\/\"},\"sameAs\":[\"https:\\\/\\\/x.com\\\/auren_spain\",\"https:\\\/\\\/www.linkedin.com\\\/company\\\/aurenspainserviciosprofesionales\",\"https:\\\/\\\/www.youtube.com\\\/@AurenEsp\",\"https:\\\/\\\/www.instagram.com\\\/auren_spain\"]}]}<\/script>\n<!-- \/ Yoast SEO plugin. -->","yoast_head_json":{"title":"Novedades en materia contable - Auren Espa\u00f1a","robots":{"index":"index","follow":"follow","max-snippet":"max-snippet:-1","max-image-preview":"max-image-preview:large","max-video-preview":"max-video-preview:-1"},"canonical":"https:\/\/auren.com\/es\/blog\/novedades-en-materia-contable\/","og_locale":"es_ES","og_type":"article","og_title":"Novedades en materia contable - Auren Espa\u00f1a","og_description":"El Real Decreto 602\/2016 de 2 de diciembre, tiene por objeto el desarrollo reglamentario de las modificaciones introducidas por la Ley 22\/2015, de 20 de julio, de Auditor\u00eda de Cuentas en aplicaci\u00f3n de la transposici\u00f3n de la Directiva 2013\/34 de la Uni\u00f3n Europea.","og_url":"https:\/\/auren.com\/es\/blog\/novedades-en-materia-contable\/","og_site_name":"Auren","og_image":[{"width":1920,"height":655,"url":"https:\/\/auren.com\/es\/wp-content\/uploads\/2017\/01\/imagen-blog-200117.jpg","type":"image\/jpeg"}],"twitter_card":"summary_large_image","twitter_site":"@auren_spain","twitter_misc":{"Tiempo de lectura":"5 minutos"},"schema":{"@context":"https:\/\/schema.org","@graph":[{"@type":"WebPage","@id":"https:\/\/auren.com\/es\/blog\/novedades-en-materia-contable\/","url":"https:\/\/auren.com\/es\/blog\/novedades-en-materia-contable\/","name":"Novedades en materia contable - Auren Espa\u00f1a","isPartOf":{"@id":"https:\/\/auren.com\/es\/#website"},"primaryImageOfPage":{"@id":"https:\/\/auren.com\/es\/blog\/novedades-en-materia-contable\/#primaryimage"},"image":{"@id":"https:\/\/auren.com\/es\/blog\/novedades-en-materia-contable\/#primaryimage"},"thumbnailUrl":"https:\/\/auren.com\/es\/wp-content\/uploads\/2017\/01\/imagen-blog-200117.jpg","datePublished":"2017-01-20T10:29:30+00:00","breadcrumb":{"@id":"https:\/\/auren.com\/es\/blog\/novedades-en-materia-contable\/#breadcrumb"},"inLanguage":"es","potentialAction":[{"@type":"ReadAction","target":["https:\/\/auren.com\/es\/blog\/novedades-en-materia-contable\/"]}]},{"@type":"ImageObject","inLanguage":"es","@id":"https:\/\/auren.com\/es\/blog\/novedades-en-materia-contable\/#primaryimage","url":"https:\/\/auren.com\/es\/wp-content\/uploads\/2017\/01\/imagen-blog-200117.jpg","contentUrl":"https:\/\/auren.com\/es\/wp-content\/uploads\/2017\/01\/imagen-blog-200117.jpg","width":1920,"height":655},{"@type":"BreadcrumbList","@id":"https:\/\/auren.com\/es\/blog\/novedades-en-materia-contable\/#breadcrumb","itemListElement":[{"@type":"ListItem","position":1,"name":"Portada","item":"https:\/\/auren.com\/es\/"},{"@type":"ListItem","position":2,"name":"Novedades en materia contable"}]},{"@type":"WebSite","@id":"https:\/\/auren.com\/es\/#website","url":"https:\/\/auren.com\/es\/","name":"Auren","description":"","publisher":{"@id":"https:\/\/auren.com\/es\/#organization"},"alternateName":"Auren","potentialAction":[{"@type":"SearchAction","target":{"@type":"EntryPoint","urlTemplate":"https:\/\/auren.com\/es\/?s={search_term_string}"},"query-input":{"@type":"PropertyValueSpecification","valueRequired":true,"valueName":"search_term_string"}}],"inLanguage":"es"},{"@type":"Organization","@id":"https:\/\/auren.com\/es\/#organization","name":"Auren","alternateName":"Auren","url":"https:\/\/auren.com\/es\/","logo":{"@type":"ImageObject","inLanguage":"es","@id":"https:\/\/auren.com\/es\/#\/schema\/logo\/image\/","url":"https:\/\/auren.com\/es\/wp-content\/uploads\/2025\/01\/cropped-cropped-favicon-Auren.png","contentUrl":"https:\/\/auren.com\/es\/wp-content\/uploads\/2025\/01\/cropped-cropped-favicon-Auren.png","width":512,"height":512,"caption":"Auren"},"image":{"@id":"https:\/\/auren.com\/es\/#\/schema\/logo\/image\/"},"sameAs":["https:\/\/x.com\/auren_spain","https:\/\/www.linkedin.com\/company\/aurenspainserviciosprofesionales","https:\/\/www.youtube.com\/@AurenEsp","https:\/\/www.instagram.com\/auren_spain"]}]}},"_links":{"self":[{"href":"https:\/\/auren.com\/es\/wp-json\/wp\/v2\/blog\/7815","targetHints":{"allow":["GET"]}}],"collection":[{"href":"https:\/\/auren.com\/es\/wp-json\/wp\/v2\/blog"}],"about":[{"href":"https:\/\/auren.com\/es\/wp-json\/wp\/v2\/types\/blog"}],"version-history":[{"count":0,"href":"https:\/\/auren.com\/es\/wp-json\/wp\/v2\/blog\/7815\/revisions"}],"wp:featuredmedia":[{"embeddable":true,"href":"https:\/\/auren.com\/es\/wp-json\/wp\/v2\/media\/7816"}],"wp:attachment":[{"href":"https:\/\/auren.com\/es\/wp-json\/wp\/v2\/media?parent=7815"}],"wp:term":[{"taxonomy":"blog-category","embeddable":true,"href":"https:\/\/auren.com\/es\/wp-json\/wp\/v2\/blog-category?post=7815"}],"curies":[{"name":"wp","href":"https:\/\/api.w.org\/{rel}","templated":true}]}}