{"id":41999,"date":"2026-09-01T10:59:22","date_gmt":"2026-09-01T08:59:22","guid":{"rendered":"https:\/\/auren.com\/es\/?post_type=press-release&#038;p=41999"},"modified":"2026-09-01T10:59:28","modified_gmt":"2026-09-01T08:59:28","slug":"auren-refuerza-su-area-de-derecho-publico-en-barcelona-con-la-incorporacion-de-elena-michelena-como-socia-y-jordi-bonet-como-of-counsel","status":"publish","type":"press-release","link":"https:\/\/auren.com\/es\/conoce-auren\/sala-de-prensa\/auren-refuerza-su-area-de-derecho-publico-en-barcelona-con-la-incorporacion-de-elena-michelena-como-socia-y-jordi-bonet-como-of-counsel\/","title":{"rendered":"Auren refuerza su \u00e1rea de Derecho P\u00fablico en Barcelona con la incorporaci\u00f3n de Elena Michelena como socia y Jordi Bonet como Of Counsel"},"content":{"rendered":"\n<ul class=\"wp-block-list\">\n<li><strong>Los dos profesionales proceden de \u00c9cija, donde han trabajado conjuntamente en la creaci\u00f3n y consolidaci\u00f3n de la pr\u00e1ctica de Derecho P\u00fablico. Ambos cuentan con una destacada trayectoria profesional asesorando en proyectos de elevada complejidad regulatoria para empresas, inversores y frente a administraciones p\u00fablicas.<\/strong><\/li>\n<\/ul>\n\n\n\n<ul class=\"wp-block-list\">\n<li><strong>Se integran en el \u00e1rea de Derecho P\u00fablico de Auren Legal, reforzando un equipo ya consolidado y reforzando una pr\u00e1ctica cada vez m\u00e1s demandada.<\/strong><\/li>\n<\/ul>\n\n\n\n<ul class=\"wp-block-list\">\n<li><strong>Para Mario Alonso, presidente de Auren, \u201cla incorporaci\u00f3n de Elena Michelena y Jordi Bonet consolida nuestra apuesta por seguir reforzando \u00e1reas estrat\u00e9gicas para la firma. Su reconocida trayectoria y su enfoque multidisciplinar enriquecer\u00e1n una pr\u00e1ctica cada vez m\u00e1s relevante en un entorno regulatorio en constante evoluci\u00f3n\u201d.<\/strong><\/li>\n<\/ul>\n\n\n\n<p class=\"wp-block-paragraph\"><strong>Barcelona, 1 de septiembre de 2026. &#8211;<\/strong> Auren, firma de origen espa\u00f1ol l\u00edder en prestaci\u00f3n de servicios profesionales a nivel global de auditor\u00eda, legal, consultor\u00eda y&nbsp;<em>corporate<\/em>, contin\u00faa reforzando su equipo con la incorporaci\u00f3n de <strong>Elena Michelena<\/strong> como nueva socia de Auren Legal y <strong>Jordi Bonet como Of Counsel<\/strong>, ambos en la oficina de Barcelona, donde liderar\u00e1n el desarrollo del \u00e1rea de <strong>Derecho P\u00fablico y Regulatorio.<\/strong><\/p>\n\n\n\n<p class=\"wp-block-paragraph\">Los dos profesionales proceden de \u00c9cija, donde han trabajado conjuntamente en la creaci\u00f3n y consolidaci\u00f3n de la pr\u00e1ctica de Derecho P\u00fablico, teniendo ambos una dilatada trayectoria profesional asesorando en proyectos de elevada complejidad regulatoria para empresas, inversores y frente a administraciones p\u00fablicas.<\/p>\n\n\n\n<p class=\"wp-block-paragraph\"><strong>Elena Michelena<\/strong> cuenta con m\u00e1s de 25 a\u00f1os de experiencia en Derecho P\u00fablico, regulaci\u00f3n y contrataci\u00f3n p\u00fablica. A lo largo de su trayectoria ha asesorado a administraciones p\u00fablicas, entidades participadas y compa\u00f1\u00edas en sectores altamente regulados en procesos de licitaci\u00f3n, adaptaci\u00f3n normativa y compliance. Est\u00e1 especializada en contrataci\u00f3n p\u00fablica, urbanismo, medio ambiente y regulaci\u00f3n sectorial, combinando un profundo conocimiento t\u00e9cnico con una visi\u00f3n avanzada sobre innovaci\u00f3n y transformaci\u00f3n tecnol\u00f3gica aplicada al \u00e1mbito jur\u00eddico.<\/p>\n\n\n\n<p class=\"wp-block-paragraph\">Licenciada en Derecho por la Universidad de Barcelona, a lo largo de su carrera, Elena ha ocupado posiciones de liderazgo en firmas como Garrigues y Ur\u00eda Men\u00e9ndez, adem\u00e1s de fundar su propia firma especializada. Antes de incorporarse a Auren, ha sido socia del \u00e1rea de Derecho P\u00fablico y Regulatorio en \u00c9cija.<\/p>\n\n\n\n<p class=\"wp-block-paragraph\">Por su parte, <strong>Jordi Bonet<\/strong>, que se incorpora como Of Counsel, cuenta con una amplia trayectoria en Derecho P\u00fablico y Administrativo, con especial foco en urbanismo, infraestructuras, medio ambiente y ordenaci\u00f3n del territorio. Ha desarrollado su carrera asesorando a entidades p\u00fablicas y privadas en proyectos de gran impacto territorial, especialmente en Catalu\u00f1a y Baleares, con una s\u00f3lida experiencia en planeamiento urban\u00edstico, gesti\u00f3n de licencias y procedimientos administrativos, as\u00ed como en litigaci\u00f3n contencioso-administrativa.<\/p>\n\n\n\n<p class=\"wp-block-paragraph\">A lo largo de su carrera ha combinado el ejercicio profesional con responsabilidades institucionales, adem\u00e1s de participar en diferentes \u00f3rganos de gobierno en instituciones p\u00fablicas y privadas. Bonet adem\u00e1s ha formado parte de la Comisi\u00f3n de Expertos para la definici\u00f3n del modelo de organizaci\u00f3n territorial y administrativa de Catalu\u00f1a.<\/p>\n\n\n\n<p class=\"wp-block-paragraph\">Ambos profesionales se integran en el \u00e1rea de Derecho P\u00fablico de Auren Legal, reforzando un equipo ya consolidado y ampliando las capacidades de la firma en este \u00e1mbito. Esta doble incorporaci\u00f3n fortalece, adem\u00e1s, la experiencia de Auren en protecci\u00f3n de datos, <em>compliance<\/em> y regulaci\u00f3n de las nuevas tecnolog\u00edas y la inteligencia artificial aplicadas al sector p\u00fablico. Todo ello desde un modelo de trabajo multidisciplinar, en el que los distintos equipos colaboran de forma coordinada para ofrecer soluciones integrales ante los retos que plantea un entorno normativo cada vez m\u00e1s complejo y digitalizado.<\/p>\n\n\n\n<p class=\"wp-block-paragraph\">Para <strong>Mario Alonso, presidente de Auren<\/strong>, \u201cla incorporaci\u00f3n de Elena Michelena y Jordi Bonet consolida nuestra apuesta por seguir reforzando \u00e1reas estrat\u00e9gicas para la firma. Su reconocida trayectoria y su enfoque multidisciplinar enriquecer\u00e1n una pr\u00e1ctica cada vez m\u00e1s relevante en un entorno regulatorio en constante evoluci\u00f3n\u201d.<\/p>\n\n\n\n<p class=\"wp-block-paragraph\">En palabras de <strong>Elena Michelena,<\/strong> ha se\u00f1alado que \u201cnuestra incorporaci\u00f3n a Auren supone una oportunidad para desarrollar un proyecto integral en Derecho P\u00fablico, potenciando \u00e1reas vinculadas a la regulaci\u00f3n tecnol\u00f3gica y al cumplimiento normativo\u201d.<\/p>\n\n\n\n<p class=\"wp-block-paragraph\">Por su parte, <strong>Jordi Bonet<\/strong> ha indicado \u201ces un privilegio incorporarme a Auren para contribuir al refuerzo de una pr\u00e1ctica ya existente, con una visi\u00f3n transversal del Derecho P\u00fablico capaz de conectar la pr\u00e1ctica jur\u00eddica con la realidad institucional y territorial\u201d.<\/p>\n\n\n\n<p class=\"wp-block-paragraph\">Auren cuenta con <strong>oficina en Barcelona con un equipo de 150 profesionales<\/strong> que prestan servicios en las divisiones de legal, auditor\u00eda, consultor\u00eda y corporate, ofreciendo una cobertura integral a nivel global.<\/p>\n\n\n\n<p class=\"wp-block-paragraph\">Tras esta integraci\u00f3n, la divisi\u00f3n de Auren Legal en la Ciudad Condal alcanza los <strong>diez socios<\/strong>: Alfons Companys, Jos\u00e9 Luis de la Cruz y Carles R\u00e0mirez, en el \u00e1rea econ\u00f3mico-financiero, Daniel Aroca, Llu\u00eds Basart y Alex Massaguer, en el \u00e1rea fiscal, Jos\u00e9 Mar\u00eda Bargallo, Fina Huelmo y Felicitas Ric, en el \u00e1rea legal, a los que se suma ahora Elena Michelena.<\/p>\n","protected":false},"excerpt":{"rendered":"<p>Auren contin\u00faa reforzando su equipo con la incorporaci\u00f3n de Elena Michelena como nueva socia de Auren Legal y Jordi Bonet como Of Counsel, ambos en la oficina de Barcelona, donde liderar\u00e1n el desarrollo del \u00e1rea de Derecho P\u00fablico y Regulatorio.<\/p>\n","protected":false},"featured_media":42000,"template":"","meta":{"_acf_changed":false,"footnotes":""},"press-release-category":[],"class_list":["post-41999","press-release","type-press-release","status-publish","has-post-thumbnail","hentry"],"acf":[],"yoast_head":"<!-- This site is optimized with the Yoast SEO plugin v28.3 - https:\/\/yoast.com\/product\/yoast-seo-wordpress\/ -->\n<title>Auren refuerza su \u00e1rea de Derecho P\u00fablico en Barcelona con la incorporaci\u00f3n de Elena Michelena como socia y Jordi Bonet como Of Counsel - Auren<\/title>\n<meta name=\"robots\" content=\"index, follow, max-snippet:-1, max-image-preview:large, max-video-preview:-1\" \/>\n<link rel=\"canonical\" href=\"https:\/\/auren.com\/es\/conoce-auren\/sala-de-prensa\/auren-refuerza-su-area-de-derecho-publico-en-barcelona-con-la-incorporacion-de-elena-michelena-como-socia-y-jordi-bonet-como-of-counsel\/\" \/>\n<meta property=\"og:locale\" content=\"es_ES\" \/>\n<meta property=\"og:type\" content=\"article\" \/>\n<meta property=\"og:title\" content=\"Auren refuerza su \u00e1rea de Derecho P\u00fablico en Barcelona con la incorporaci\u00f3n de Elena Michelena como socia y Jordi Bonet como Of Counsel - Auren\" \/>\n<meta property=\"og:description\" content=\"Auren contin\u00faa reforzando su equipo con la incorporaci\u00f3n de Elena Michelena como nueva socia de Auren Legal y Jordi Bonet como Of Counsel, ambos en la oficina de Barcelona, donde liderar\u00e1n el desarrollo del \u00e1rea de Derecho P\u00fablico y Regulatorio.\" \/>\n<meta property=\"og:url\" content=\"https:\/\/auren.com\/es\/conoce-auren\/sala-de-prensa\/auren-refuerza-su-area-de-derecho-publico-en-barcelona-con-la-incorporacion-de-elena-michelena-como-socia-y-jordi-bonet-como-of-counsel\/\" \/>\n<meta property=\"og:site_name\" content=\"Auren\" \/>\n<meta property=\"article:modified_time\" content=\"2026-09-01T08:59:28+00:00\" \/>\n<meta property=\"og:image\" content=\"https:\/\/auren.com\/es\/wp-content\/uploads\/2026\/09\/Elena-Michelena-y-Jordi-Bonet-1024x768.png\" \/>\n\t<meta property=\"og:image:width\" content=\"1024\" \/>\n\t<meta property=\"og:image:height\" content=\"768\" \/>\n\t<meta property=\"og:image:type\" content=\"image\/png\" \/>\n<meta name=\"twitter:card\" content=\"summary_large_image\" \/>\n<meta name=\"twitter:site\" content=\"@auren_spain\" \/>\n<meta name=\"twitter:label1\" content=\"Tiempo de lectura\" \/>\n\t<meta name=\"twitter:data1\" content=\"4 minutos\" \/>\n<script type=\"application\/ld+json\" class=\"yoast-schema-graph\">{\"@context\":\"https:\\\/\\\/schema.org\",\"@graph\":[{\"@type\":\"WebPage\",\"@id\":\"https:\\\/\\\/auren.com\\\/es\\\/conoce-auren\\\/sala-de-prensa\\\/auren-refuerza-su-area-de-derecho-publico-en-barcelona-con-la-incorporacion-de-elena-michelena-como-socia-y-jordi-bonet-como-of-counsel\\\/\",\"url\":\"https:\\\/\\\/auren.com\\\/es\\\/conoce-auren\\\/sala-de-prensa\\\/auren-refuerza-su-area-de-derecho-publico-en-barcelona-con-la-incorporacion-de-elena-michelena-como-socia-y-jordi-bonet-como-of-counsel\\\/\",\"name\":\"Auren refuerza su \u00e1rea de Derecho P\u00fablico en Barcelona con la incorporaci\u00f3n de Elena Michelena como socia y Jordi Bonet como Of Counsel - Auren\",\"isPartOf\":{\"@id\":\"https:\\\/\\\/auren.com\\\/es\\\/#website\"},\"primaryImageOfPage\":{\"@id\":\"https:\\\/\\\/auren.com\\\/es\\\/conoce-auren\\\/sala-de-prensa\\\/auren-refuerza-su-area-de-derecho-publico-en-barcelona-con-la-incorporacion-de-elena-michelena-como-socia-y-jordi-bonet-como-of-counsel\\\/#primaryimage\"},\"image\":{\"@id\":\"https:\\\/\\\/auren.com\\\/es\\\/conoce-auren\\\/sala-de-prensa\\\/auren-refuerza-su-area-de-derecho-publico-en-barcelona-con-la-incorporacion-de-elena-michelena-como-socia-y-jordi-bonet-como-of-counsel\\\/#primaryimage\"},\"thumbnailUrl\":\"https:\\\/\\\/auren.com\\\/es\\\/wp-content\\\/uploads\\\/2026\\\/09\\\/Elena-Michelena-y-Jordi-Bonet.png\",\"datePublished\":\"2026-09-01T08:59:22+00:00\",\"dateModified\":\"2026-09-01T08:59:28+00:00\",\"breadcrumb\":{\"@id\":\"https:\\\/\\\/auren.com\\\/es\\\/conoce-auren\\\/sala-de-prensa\\\/auren-refuerza-su-area-de-derecho-publico-en-barcelona-con-la-incorporacion-de-elena-michelena-como-socia-y-jordi-bonet-como-of-counsel\\\/#breadcrumb\"},\"inLanguage\":\"es\",\"potentialAction\":[{\"@type\":\"ReadAction\",\"target\":[\"https:\\\/\\\/auren.com\\\/es\\\/conoce-auren\\\/sala-de-prensa\\\/auren-refuerza-su-area-de-derecho-publico-en-barcelona-con-la-incorporacion-de-elena-michelena-como-socia-y-jordi-bonet-como-of-counsel\\\/\"]}]},{\"@type\":\"ImageObject\",\"inLanguage\":\"es\",\"@id\":\"https:\\\/\\\/auren.com\\\/es\\\/conoce-auren\\\/sala-de-prensa\\\/auren-refuerza-su-area-de-derecho-publico-en-barcelona-con-la-incorporacion-de-elena-michelena-como-socia-y-jordi-bonet-como-of-counsel\\\/#primaryimage\",\"url\":\"https:\\\/\\\/auren.com\\\/es\\\/wp-content\\\/uploads\\\/2026\\\/09\\\/Elena-Michelena-y-Jordi-Bonet.png\",\"contentUrl\":\"https:\\\/\\\/auren.com\\\/es\\\/wp-content\\\/uploads\\\/2026\\\/09\\\/Elena-Michelena-y-Jordi-Bonet.png\",\"width\":1448,\"height\":1086},{\"@type\":\"BreadcrumbList\",\"@id\":\"https:\\\/\\\/auren.com\\\/es\\\/conoce-auren\\\/sala-de-prensa\\\/auren-refuerza-su-area-de-derecho-publico-en-barcelona-con-la-incorporacion-de-elena-michelena-como-socia-y-jordi-bonet-como-of-counsel\\\/#breadcrumb\",\"itemListElement\":[{\"@type\":\"ListItem\",\"position\":1,\"name\":\"Portada\",\"item\":\"https:\\\/\\\/auren.com\\\/es\\\/\"},{\"@type\":\"ListItem\",\"position\":2,\"name\":\"Auren refuerza su \u00e1rea de Derecho P\u00fablico en Barcelona con la incorporaci\u00f3n de Elena Michelena como socia y Jordi Bonet como Of Counsel\"}]},{\"@type\":\"WebSite\",\"@id\":\"https:\\\/\\\/auren.com\\\/es\\\/#website\",\"url\":\"https:\\\/\\\/auren.com\\\/es\\\/\",\"name\":\"Auren\",\"description\":\"\",\"publisher\":{\"@id\":\"https:\\\/\\\/auren.com\\\/es\\\/#organization\"},\"alternateName\":\"Auren\",\"potentialAction\":[{\"@type\":\"SearchAction\",\"target\":{\"@type\":\"EntryPoint\",\"urlTemplate\":\"https:\\\/\\\/auren.com\\\/es\\\/?s={search_term_string}\"},\"query-input\":{\"@type\":\"PropertyValueSpecification\",\"valueRequired\":true,\"valueName\":\"search_term_string\"}}],\"inLanguage\":\"es\"},{\"@type\":\"Organization\",\"@id\":\"https:\\\/\\\/auren.com\\\/es\\\/#organization\",\"name\":\"Auren\",\"alternateName\":\"Auren\",\"url\":\"https:\\\/\\\/auren.com\\\/es\\\/\",\"logo\":{\"@type\":\"ImageObject\",\"inLanguage\":\"es\",\"@id\":\"https:\\\/\\\/auren.com\\\/es\\\/#\\\/schema\\\/logo\\\/image\\\/\",\"url\":\"https:\\\/\\\/auren.com\\\/es\\\/wp-content\\\/uploads\\\/2025\\\/01\\\/cropped-cropped-favicon-Auren.png\",\"contentUrl\":\"https:\\\/\\\/auren.com\\\/es\\\/wp-content\\\/uploads\\\/2025\\\/01\\\/cropped-cropped-favicon-Auren.png\",\"width\":512,\"height\":512,\"caption\":\"Auren\"},\"image\":{\"@id\":\"https:\\\/\\\/auren.com\\\/es\\\/#\\\/schema\\\/logo\\\/image\\\/\"},\"sameAs\":[\"https:\\\/\\\/x.com\\\/auren_spain\",\"https:\\\/\\\/www.linkedin.com\\\/company\\\/aurenspainserviciosprofesionales\",\"https:\\\/\\\/www.youtube.com\\\/@AurenEsp\",\"https:\\\/\\\/www.instagram.com\\\/auren_spain\"]}]}<\/script>\n<!-- \/ Yoast SEO plugin. -->","yoast_head_json":{"title":"Auren refuerza su \u00e1rea de Derecho P\u00fablico en Barcelona con la incorporaci\u00f3n de Elena Michelena como socia y Jordi Bonet como Of Counsel - Auren","robots":{"index":"index","follow":"follow","max-snippet":"max-snippet:-1","max-image-preview":"max-image-preview:large","max-video-preview":"max-video-preview:-1"},"canonical":"https:\/\/auren.com\/es\/conoce-auren\/sala-de-prensa\/auren-refuerza-su-area-de-derecho-publico-en-barcelona-con-la-incorporacion-de-elena-michelena-como-socia-y-jordi-bonet-como-of-counsel\/","og_locale":"es_ES","og_type":"article","og_title":"Auren refuerza su \u00e1rea de Derecho P\u00fablico en Barcelona con la incorporaci\u00f3n de Elena Michelena como socia y Jordi Bonet como Of Counsel - Auren","og_description":"Auren contin\u00faa reforzando su equipo con la incorporaci\u00f3n de Elena Michelena como nueva socia de Auren Legal y Jordi Bonet como Of Counsel, ambos en la oficina de Barcelona, donde liderar\u00e1n el desarrollo del \u00e1rea de Derecho P\u00fablico y Regulatorio.","og_url":"https:\/\/auren.com\/es\/conoce-auren\/sala-de-prensa\/auren-refuerza-su-area-de-derecho-publico-en-barcelona-con-la-incorporacion-de-elena-michelena-como-socia-y-jordi-bonet-como-of-counsel\/","og_site_name":"Auren","article_modified_time":"2026-09-01T08:59:28+00:00","og_image":[{"width":1024,"height":768,"url":"https:\/\/auren.com\/es\/wp-content\/uploads\/2026\/09\/Elena-Michelena-y-Jordi-Bonet-1024x768.png","type":"image\/png"}],"twitter_card":"summary_large_image","twitter_site":"@auren_spain","twitter_misc":{"Tiempo de lectura":"4 minutos"},"schema":{"@context":"https:\/\/schema.org","@graph":[{"@type":"WebPage","@id":"https:\/\/auren.com\/es\/conoce-auren\/sala-de-prensa\/auren-refuerza-su-area-de-derecho-publico-en-barcelona-con-la-incorporacion-de-elena-michelena-como-socia-y-jordi-bonet-como-of-counsel\/","url":"https:\/\/auren.com\/es\/conoce-auren\/sala-de-prensa\/auren-refuerza-su-area-de-derecho-publico-en-barcelona-con-la-incorporacion-de-elena-michelena-como-socia-y-jordi-bonet-como-of-counsel\/","name":"Auren refuerza su \u00e1rea de Derecho P\u00fablico en Barcelona con la incorporaci\u00f3n de Elena Michelena como socia y Jordi Bonet como Of Counsel - Auren","isPartOf":{"@id":"https:\/\/auren.com\/es\/#website"},"primaryImageOfPage":{"@id":"https:\/\/auren.com\/es\/conoce-auren\/sala-de-prensa\/auren-refuerza-su-area-de-derecho-publico-en-barcelona-con-la-incorporacion-de-elena-michelena-como-socia-y-jordi-bonet-como-of-counsel\/#primaryimage"},"image":{"@id":"https:\/\/auren.com\/es\/conoce-auren\/sala-de-prensa\/auren-refuerza-su-area-de-derecho-publico-en-barcelona-con-la-incorporacion-de-elena-michelena-como-socia-y-jordi-bonet-como-of-counsel\/#primaryimage"},"thumbnailUrl":"https:\/\/auren.com\/es\/wp-content\/uploads\/2026\/09\/Elena-Michelena-y-Jordi-Bonet.png","datePublished":"2026-09-01T08:59:22+00:00","dateModified":"2026-09-01T08:59:28+00:00","breadcrumb":{"@id":"https:\/\/auren.com\/es\/conoce-auren\/sala-de-prensa\/auren-refuerza-su-area-de-derecho-publico-en-barcelona-con-la-incorporacion-de-elena-michelena-como-socia-y-jordi-bonet-como-of-counsel\/#breadcrumb"},"inLanguage":"es","potentialAction":[{"@type":"ReadAction","target":["https:\/\/auren.com\/es\/conoce-auren\/sala-de-prensa\/auren-refuerza-su-area-de-derecho-publico-en-barcelona-con-la-incorporacion-de-elena-michelena-como-socia-y-jordi-bonet-como-of-counsel\/"]}]},{"@type":"ImageObject","inLanguage":"es","@id":"https:\/\/auren.com\/es\/conoce-auren\/sala-de-prensa\/auren-refuerza-su-area-de-derecho-publico-en-barcelona-con-la-incorporacion-de-elena-michelena-como-socia-y-jordi-bonet-como-of-counsel\/#primaryimage","url":"https:\/\/auren.com\/es\/wp-content\/uploads\/2026\/09\/Elena-Michelena-y-Jordi-Bonet.png","contentUrl":"https:\/\/auren.com\/es\/wp-content\/uploads\/2026\/09\/Elena-Michelena-y-Jordi-Bonet.png","width":1448,"height":1086},{"@type":"BreadcrumbList","@id":"https:\/\/auren.com\/es\/conoce-auren\/sala-de-prensa\/auren-refuerza-su-area-de-derecho-publico-en-barcelona-con-la-incorporacion-de-elena-michelena-como-socia-y-jordi-bonet-como-of-counsel\/#breadcrumb","itemListElement":[{"@type":"ListItem","position":1,"name":"Portada","item":"https:\/\/auren.com\/es\/"},{"@type":"ListItem","position":2,"name":"Auren refuerza su \u00e1rea de Derecho P\u00fablico en Barcelona con la incorporaci\u00f3n de Elena Michelena como socia y Jordi Bonet como Of Counsel"}]},{"@type":"WebSite","@id":"https:\/\/auren.com\/es\/#website","url":"https:\/\/auren.com\/es\/","name":"Auren","description":"","publisher":{"@id":"https:\/\/auren.com\/es\/#organization"},"alternateName":"Auren","potentialAction":[{"@type":"SearchAction","target":{"@type":"EntryPoint","urlTemplate":"https:\/\/auren.com\/es\/?s={search_term_string}"},"query-input":{"@type":"PropertyValueSpecification","valueRequired":true,"valueName":"search_term_string"}}],"inLanguage":"es"},{"@type":"Organization","@id":"https:\/\/auren.com\/es\/#organization","name":"Auren","alternateName":"Auren","url":"https:\/\/auren.com\/es\/","logo":{"@type":"ImageObject","inLanguage":"es","@id":"https:\/\/auren.com\/es\/#\/schema\/logo\/image\/","url":"https:\/\/auren.com\/es\/wp-content\/uploads\/2025\/01\/cropped-cropped-favicon-Auren.png","contentUrl":"https:\/\/auren.com\/es\/wp-content\/uploads\/2025\/01\/cropped-cropped-favicon-Auren.png","width":512,"height":512,"caption":"Auren"},"image":{"@id":"https:\/\/auren.com\/es\/#\/schema\/logo\/image\/"},"sameAs":["https:\/\/x.com\/auren_spain","https:\/\/www.linkedin.com\/company\/aurenspainserviciosprofesionales","https:\/\/www.youtube.com\/@AurenEsp","https:\/\/www.instagram.com\/auren_spain"]}]}},"_links":{"self":[{"href":"https:\/\/auren.com\/es\/wp-json\/wp\/v2\/press-release\/41999","targetHints":{"allow":["GET"]}}],"collection":[{"href":"https:\/\/auren.com\/es\/wp-json\/wp\/v2\/press-release"}],"about":[{"href":"https:\/\/auren.com\/es\/wp-json\/wp\/v2\/types\/press-release"}],"version-history":[{"count":0,"href":"https:\/\/auren.com\/es\/wp-json\/wp\/v2\/press-release\/41999\/revisions"}],"wp:featuredmedia":[{"embeddable":true,"href":"https:\/\/auren.com\/es\/wp-json\/wp\/v2\/media\/42000"}],"wp:attachment":[{"href":"https:\/\/auren.com\/es\/wp-json\/wp\/v2\/media?parent=41999"}],"wp:term":[{"taxonomy":"press-release-category","embeddable":true,"href":"https:\/\/auren.com\/es\/wp-json\/wp\/v2\/press-release-category?post=41999"}],"curies":[{"name":"wp","href":"https:\/\/api.w.org\/{rel}","templated":true}]}}