{"id":13150,"date":"2026-02-23T15:17:35","date_gmt":"2026-02-23T14:17:35","guid":{"rendered":"https:\/\/auren.com\/mx\/?post_type=blog&#038;p=13150"},"modified":"2026-02-23T15:18:44","modified_gmt":"2026-02-23T14:18:44","slug":"auditoria-laboral-integrada-una-herramienta-estrategica-para-la-gestion-del-riesgo-y-el-talento","status":"publish","type":"blog","link":"https:\/\/auren.com\/mx\/blog\/auditoria-laboral-integrada-una-herramienta-estrategica-para-la-gestion-del-riesgo-y-el-talento\/","title":{"rendered":"Auditor\u00eda laboral integrada: una herramienta estrat\u00e9gica para la gesti\u00f3n del riesgo y el talento"},"content":{"rendered":"\n<h3 class=\"wp-block-heading\"><strong>\u00bfQu\u00e9 es una auditor\u00eda laboral y c\u00f3mo se relaciona con la gesti\u00f3n del talento?<\/strong><\/h3>\n\n\n\n<p>Una auditor\u00eda laboral es un proceso sistem\u00e1tico, independiente y documentado para evaluar el grado en que una empresa cumple con la normativa laboral y de seguridad social aplicable a sus actividades. Su prop\u00f3sito va m\u00e1s all\u00e1 de verificar documentaci\u00f3n: sirve para <strong>evaluar la coherencia entre la pr\u00e1ctica operativa real, la gesti\u00f3n de personas y las obligaciones legales<\/strong>, aportando claridad sobre posibles brechas de cumplimiento y riesgos laborales.<\/p>\n\n\n\n<p>Esta evaluaci\u00f3n se construye con base en evidencia objetiva recopilada en la operaci\u00f3n diaria, desde contratos y pol\u00edticas internas hasta procesos de n\u00f3mina, cumplimiento de cargas sociales y pr\u00e1cticas de terminaci\u00f3n de personal.\u2002<\/p>\n\n\n\n<h4 class=\"wp-block-heading\"><strong>Lo que una auditor\u00eda laboral revela m\u00e1s all\u00e1 del cumplimiento<\/strong><\/h4>\n\n\n\n<p>Una auditor\u00eda laboral profunda no se limita a verificar contratos, expedientes o procesos de n\u00f3mina. Bien ejecutada, permite identificar c\u00f3mo funciona realmente la organizaci\u00f3n desde una perspectiva laboral.<\/p>\n\n\n\n<p>La forma en que se contrata, se remunera, se administra la seguridad social o se terminan las relaciones laborales revela decisiones estructurales que impactan costos, productividad y estabilidad. Tambi\u00e9n expone inconsistencias entre lo que la empresa documenta y lo que sucede en la pr\u00e1ctica diaria.<\/p>\n\n\n\n<p>Desde esta \u00f3ptica, la auditor\u00eda laboral se convierte en una fuente de informaci\u00f3n estrat\u00e9gica para entender riesgos ocultos, ineficiencias operativas y \u00e1reas de oportunidad en la gesti\u00f3n del capital humano.<\/p>\n\n\n\n<h4 class=\"wp-block-heading\"><strong>Auditor\u00eda laboral y toma de decisiones empresariales<\/strong><\/h4>\n\n\n\n<p>Cuando los resultados de una auditor\u00eda laboral se analizan de manera aislada, su impacto es limitado. Sin embargo, cuando se integran al proceso de toma de decisiones, permiten anticipar escenarios y dise\u00f1ar respuestas proporcionales al nivel de riesgo de la organizaci\u00f3n.<\/p>\n\n\n\n<p>La correcta lectura de los hallazgos laborales influye directamente en decisiones relacionadas con la estructura de costos, la viabilidad de ciertos esquemas operativos, la planeaci\u00f3n fiscal y la sostenibilidad del crecimiento. En este sentido, la auditor\u00eda laboral deja de ser un ejercicio correctivo para convertirse en un insumo clave de gesti\u00f3n empresarial.<\/p>\n\n\n\n<h3 class=\"wp-block-heading\"><strong>\u00bfC\u00f3mo se estructura una auditor\u00eda laboral eficaz?<\/strong><\/h3>\n\n\n\n<p>A diferencia de enfoques tradicionales que solo revisan documentaci\u00f3n, una auditor\u00eda laboral integrada implica varias etapas bien definidas:<\/p>\n\n\n\n<ul class=\"wp-block-list\">\n<li><strong>Definici\u00f3n del alcance y objetivos:<\/strong> establecer qu\u00e9 \u00e1reas, procesos y normas ser\u00e1n evaluados.<br><\/li>\n\n\n\n<li><strong>Evaluaci\u00f3n documental y operativa:<\/strong> recoger evidencia en el campo, incluyendo entrevistas y revisi\u00f3n de expedientes laborales.<br><\/li>\n\n\n\n<li><strong>An\u00e1lisis de brechas y riesgos:<\/strong> identificar discrepancias entre pr\u00e1ctica y cumplimiento normativo, con enfoque t\u00e9cnico y estrat\u00e9gico.<br><\/li>\n\n\n\n<li><strong>Desarrollo de informes y recomendaciones:<\/strong> comunicar resultados con claridad, priorizando acciones que impacten en la gesti\u00f3n de personas y operaci\u00f3n general.<br><\/li>\n\n\n\n<li><strong>Implementaci\u00f3n de acciones correctivas y seguimiento:<\/strong> dise\u00f1ar e implementar planes de mejora, con mecanismos de control continuo.<br><\/li>\n<\/ul>\n\n\n\n<p>Esta aproximaci\u00f3n permite convertir la auditor\u00eda laboral en un mecanismo de aprendizaje organizacional, no solamente en un \u201cchequeo de cumplimiento\u201d.<\/p>\n\n\n\n<h4 class=\"wp-block-heading\"><strong>Auditor\u00eda laboral como parte del gobierno corporativo<\/strong><\/h4>\n\n\n\n<p>En entornos laborales cada vez m\u00e1s regulados, la auditor\u00eda laboral debe entenderse como un componente del gobierno corporativo y del sistema de control interno de las organizaciones. Su funci\u00f3n no es \u00fanicamente proteger frente a sanciones, sino aportar visibilidad, previsibilidad y control sobre uno de los activos m\u00e1s sensibles del negocio: las personas.<\/p>\n\n\n\n<p>Desde la experiencia de Auren M\u00e9xico, las empresas que incorporan la auditor\u00eda laboral a su estructura de gesti\u00f3n logran una mejor lectura de sus riesgos, mayor capacidad de anticipaci\u00f3n y una operaci\u00f3n m\u00e1s s\u00f3lida. En este enfoque, la auditor\u00eda laboral deja de ser un tr\u00e1mite recurrente y se consolida como una herramienta estrat\u00e9gica para la toma de decisiones y la sostenibilidad empresarial.<\/p>\n\n\n\n<h3 class=\"wp-block-heading\"><strong>\u00bfPor qu\u00e9 realizar una auditor\u00eda laboral en tu empresa?<\/strong><\/h3>\n\n\n\n<p>La necesidad de una auditor\u00eda laboral ya no se limita a responder a inspecciones o contingencias legales. En un entorno de mayor fiscalizaci\u00f3n laboral, reformas normativas constantes y expectativas crecientes en materia de empleo, este tipo de auditor\u00eda se ha convertido en una herramienta fundamental para alinear la gesti\u00f3n del talento con los objetivos estrat\u00e9gicos del negocio.<\/p>\n","protected":false},"excerpt":{"rendered":"<p>La auditor\u00eda laboral asegura cumplimiento normativo y reduce riesgos legales.<\/p>\n<p>Auren M\u00e9xico revisa desde contrataci\u00f3n hasta previsi\u00f3n social.<\/p>\n<p>Beneficios: procesos eficientes, seguridad jur\u00eddica, menor riesgo de inspecciones y demandas.<\/p>\n<p>Recomendado para cualquier empresa que busque orden, cumplimiento y transparencia.<\/p>\n<p>Conoce m\u00e1s en https:\/\/auren.com\/mx<\/p>\n","protected":false},"featured_media":13153,"template":"","meta":{"_acf_changed":false,"footnotes":""},"blog-category":[276],"class_list":["post-13150","blog","type-blog","status-publish","has-post-thumbnail","hentry","blog-category-auditoria"],"acf":[],"yoast_head":"<!-- This site is optimized with the Yoast SEO plugin v27.5 - https:\/\/yoast.com\/product\/yoast-seo-wordpress\/ -->\n<title>Auditor\u00eda laboral integrada: una herramienta estrat\u00e9gica para la gesti\u00f3n del riesgo y el talento - Auren Mexico<\/title>\n<meta name=\"robots\" content=\"index, follow, max-snippet:-1, max-image-preview:large, max-video-preview:-1\" \/>\n<link rel=\"canonical\" href=\"https:\/\/auren.com\/mx\/blog\/auditoria-laboral-integrada-una-herramienta-estrategica-para-la-gestion-del-riesgo-y-el-talento\/\" \/>\n<meta property=\"og:locale\" content=\"es_ES\" \/>\n<meta property=\"og:type\" content=\"article\" \/>\n<meta property=\"og:title\" content=\"Auditor\u00eda laboral integrada: una herramienta estrat\u00e9gica para la gesti\u00f3n del riesgo y el talento - Auren Mexico\" \/>\n<meta property=\"og:description\" content=\"La auditor\u00eda laboral asegura cumplimiento normativo y reduce riesgos legales. Auren M\u00e9xico revisa desde contrataci\u00f3n hasta previsi\u00f3n social. Beneficios: procesos eficientes, seguridad jur\u00eddica, menor riesgo de inspecciones y demandas. Recomendado para cualquier empresa que busque orden, cumplimiento y transparencia. Conoce m\u00e1s en https:\/\/auren.com\/mx\" \/>\n<meta property=\"og:url\" content=\"https:\/\/auren.com\/mx\/blog\/auditoria-laboral-integrada-una-herramienta-estrategica-para-la-gestion-del-riesgo-y-el-talento\/\" \/>\n<meta property=\"og:site_name\" content=\"Auren Mexico\" \/>\n<meta property=\"article:publisher\" content=\"https:\/\/www.facebook.com\/AurenMexico\/\" \/>\n<meta property=\"article:modified_time\" content=\"2026-02-23T14:18:44+00:00\" \/>\n<meta property=\"og:image\" content=\"https:\/\/auren.com\/mx\/wp-content\/uploads\/2026\/02\/Untitled-design.png\" \/>\n\t<meta property=\"og:image:width\" content=\"1000\" \/>\n\t<meta property=\"og:image:height\" content=\"600\" \/>\n\t<meta property=\"og:image:type\" content=\"image\/png\" \/>\n<meta name=\"twitter:card\" content=\"summary_large_image\" \/>\n<meta name=\"twitter:site\" content=\"@Auren_Mexico\" \/>\n<meta name=\"twitter:label1\" content=\"Tiempo de lectura\" \/>\n\t<meta name=\"twitter:data1\" content=\"4 minutos\" \/>\n<script type=\"application\/ld+json\" class=\"yoast-schema-graph\">{\"@context\":\"https:\\\/\\\/schema.org\",\"@graph\":[{\"@type\":\"WebPage\",\"@id\":\"https:\\\/\\\/auren.com\\\/mx\\\/blog\\\/auditoria-laboral-integrada-una-herramienta-estrategica-para-la-gestion-del-riesgo-y-el-talento\\\/\",\"url\":\"https:\\\/\\\/auren.com\\\/mx\\\/blog\\\/auditoria-laboral-integrada-una-herramienta-estrategica-para-la-gestion-del-riesgo-y-el-talento\\\/\",\"name\":\"Auditor\u00eda laboral integrada: una herramienta estrat\u00e9gica para la gesti\u00f3n del riesgo y el talento - Auren Mexico\",\"isPartOf\":{\"@id\":\"https:\\\/\\\/auren.com\\\/mx\\\/#website\"},\"primaryImageOfPage\":{\"@id\":\"https:\\\/\\\/auren.com\\\/mx\\\/blog\\\/auditoria-laboral-integrada-una-herramienta-estrategica-para-la-gestion-del-riesgo-y-el-talento\\\/#primaryimage\"},\"image\":{\"@id\":\"https:\\\/\\\/auren.com\\\/mx\\\/blog\\\/auditoria-laboral-integrada-una-herramienta-estrategica-para-la-gestion-del-riesgo-y-el-talento\\\/#primaryimage\"},\"thumbnailUrl\":\"https:\\\/\\\/auren.com\\\/mx\\\/wp-content\\\/uploads\\\/2026\\\/02\\\/Untitled-design.png\",\"datePublished\":\"2026-02-23T14:17:35+00:00\",\"dateModified\":\"2026-02-23T14:18:44+00:00\",\"breadcrumb\":{\"@id\":\"https:\\\/\\\/auren.com\\\/mx\\\/blog\\\/auditoria-laboral-integrada-una-herramienta-estrategica-para-la-gestion-del-riesgo-y-el-talento\\\/#breadcrumb\"},\"inLanguage\":\"es\",\"potentialAction\":[{\"@type\":\"ReadAction\",\"target\":[\"https:\\\/\\\/auren.com\\\/mx\\\/blog\\\/auditoria-laboral-integrada-una-herramienta-estrategica-para-la-gestion-del-riesgo-y-el-talento\\\/\"]}]},{\"@type\":\"ImageObject\",\"inLanguage\":\"es\",\"@id\":\"https:\\\/\\\/auren.com\\\/mx\\\/blog\\\/auditoria-laboral-integrada-una-herramienta-estrategica-para-la-gestion-del-riesgo-y-el-talento\\\/#primaryimage\",\"url\":\"https:\\\/\\\/auren.com\\\/mx\\\/wp-content\\\/uploads\\\/2026\\\/02\\\/Untitled-design.png\",\"contentUrl\":\"https:\\\/\\\/auren.com\\\/mx\\\/wp-content\\\/uploads\\\/2026\\\/02\\\/Untitled-design.png\",\"width\":1000,\"height\":600},{\"@type\":\"BreadcrumbList\",\"@id\":\"https:\\\/\\\/auren.com\\\/mx\\\/blog\\\/auditoria-laboral-integrada-una-herramienta-estrategica-para-la-gestion-del-riesgo-y-el-talento\\\/#breadcrumb\",\"itemListElement\":[{\"@type\":\"ListItem\",\"position\":1,\"name\":\"Portada\",\"item\":\"https:\\\/\\\/auren.com\\\/mx\\\/\"},{\"@type\":\"ListItem\",\"position\":2,\"name\":\"Auditor\u00eda laboral integrada: una herramienta estrat\u00e9gica para la gesti\u00f3n del riesgo y el talento\"}]},{\"@type\":\"WebSite\",\"@id\":\"https:\\\/\\\/auren.com\\\/mx\\\/#website\",\"url\":\"https:\\\/\\\/auren.com\\\/mx\\\/\",\"name\":\"Auren Mexico\",\"description\":\"\",\"publisher\":{\"@id\":\"https:\\\/\\\/auren.com\\\/mx\\\/#organization\"},\"potentialAction\":[{\"@type\":\"SearchAction\",\"target\":{\"@type\":\"EntryPoint\",\"urlTemplate\":\"https:\\\/\\\/auren.com\\\/mx\\\/?s={search_term_string}\"},\"query-input\":{\"@type\":\"PropertyValueSpecification\",\"valueRequired\":true,\"valueName\":\"search_term_string\"}}],\"inLanguage\":\"es\"},{\"@type\":\"Organization\",\"@id\":\"https:\\\/\\\/auren.com\\\/mx\\\/#organization\",\"name\":\"Auren Mexico\",\"url\":\"https:\\\/\\\/auren.com\\\/mx\\\/\",\"logo\":{\"@type\":\"ImageObject\",\"inLanguage\":\"es\",\"@id\":\"https:\\\/\\\/auren.com\\\/mx\\\/#\\\/schema\\\/logo\\\/image\\\/\",\"url\":\"https:\\\/\\\/auren.com\\\/mx\\\/wp-content\\\/uploads\\\/2025\\\/01\\\/cropped-cropped-favicon-Auren.png\",\"contentUrl\":\"https:\\\/\\\/auren.com\\\/mx\\\/wp-content\\\/uploads\\\/2025\\\/01\\\/cropped-cropped-favicon-Auren.png\",\"width\":512,\"height\":512,\"caption\":\"Auren Mexico\"},\"image\":{\"@id\":\"https:\\\/\\\/auren.com\\\/mx\\\/#\\\/schema\\\/logo\\\/image\\\/\"},\"sameAs\":[\"https:\\\/\\\/www.facebook.com\\\/AurenMexico\\\/\",\"https:\\\/\\\/x.com\\\/Auren_Mexico\",\"https:\\\/\\\/www.youtube.com\\\/channel\\\/UCcXaG4Mj_-dazS7WAz2qvKQ\",\"https:\\\/\\\/www.linkedin.com\\\/company\\\/auren-mxico\"]}]}<\/script>\n<!-- \/ Yoast SEO plugin. -->","yoast_head_json":{"title":"Auditor\u00eda laboral integrada: una herramienta estrat\u00e9gica para la gesti\u00f3n del riesgo y el talento - Auren Mexico","robots":{"index":"index","follow":"follow","max-snippet":"max-snippet:-1","max-image-preview":"max-image-preview:large","max-video-preview":"max-video-preview:-1"},"canonical":"https:\/\/auren.com\/mx\/blog\/auditoria-laboral-integrada-una-herramienta-estrategica-para-la-gestion-del-riesgo-y-el-talento\/","og_locale":"es_ES","og_type":"article","og_title":"Auditor\u00eda laboral integrada: una herramienta estrat\u00e9gica para la gesti\u00f3n del riesgo y el talento - Auren Mexico","og_description":"La auditor\u00eda laboral asegura cumplimiento normativo y reduce riesgos legales. Auren M\u00e9xico revisa desde contrataci\u00f3n hasta previsi\u00f3n social. Beneficios: procesos eficientes, seguridad jur\u00eddica, menor riesgo de inspecciones y demandas. Recomendado para cualquier empresa que busque orden, cumplimiento y transparencia. Conoce m\u00e1s en https:\/\/auren.com\/mx","og_url":"https:\/\/auren.com\/mx\/blog\/auditoria-laboral-integrada-una-herramienta-estrategica-para-la-gestion-del-riesgo-y-el-talento\/","og_site_name":"Auren Mexico","article_publisher":"https:\/\/www.facebook.com\/AurenMexico\/","article_modified_time":"2026-02-23T14:18:44+00:00","og_image":[{"width":1000,"height":600,"url":"https:\/\/auren.com\/mx\/wp-content\/uploads\/2026\/02\/Untitled-design.png","type":"image\/png"}],"twitter_card":"summary_large_image","twitter_site":"@Auren_Mexico","twitter_misc":{"Tiempo de lectura":"4 minutos"},"schema":{"@context":"https:\/\/schema.org","@graph":[{"@type":"WebPage","@id":"https:\/\/auren.com\/mx\/blog\/auditoria-laboral-integrada-una-herramienta-estrategica-para-la-gestion-del-riesgo-y-el-talento\/","url":"https:\/\/auren.com\/mx\/blog\/auditoria-laboral-integrada-una-herramienta-estrategica-para-la-gestion-del-riesgo-y-el-talento\/","name":"Auditor\u00eda laboral integrada: una herramienta estrat\u00e9gica para la gesti\u00f3n del riesgo y el talento - Auren Mexico","isPartOf":{"@id":"https:\/\/auren.com\/mx\/#website"},"primaryImageOfPage":{"@id":"https:\/\/auren.com\/mx\/blog\/auditoria-laboral-integrada-una-herramienta-estrategica-para-la-gestion-del-riesgo-y-el-talento\/#primaryimage"},"image":{"@id":"https:\/\/auren.com\/mx\/blog\/auditoria-laboral-integrada-una-herramienta-estrategica-para-la-gestion-del-riesgo-y-el-talento\/#primaryimage"},"thumbnailUrl":"https:\/\/auren.com\/mx\/wp-content\/uploads\/2026\/02\/Untitled-design.png","datePublished":"2026-02-23T14:17:35+00:00","dateModified":"2026-02-23T14:18:44+00:00","breadcrumb":{"@id":"https:\/\/auren.com\/mx\/blog\/auditoria-laboral-integrada-una-herramienta-estrategica-para-la-gestion-del-riesgo-y-el-talento\/#breadcrumb"},"inLanguage":"es","potentialAction":[{"@type":"ReadAction","target":["https:\/\/auren.com\/mx\/blog\/auditoria-laboral-integrada-una-herramienta-estrategica-para-la-gestion-del-riesgo-y-el-talento\/"]}]},{"@type":"ImageObject","inLanguage":"es","@id":"https:\/\/auren.com\/mx\/blog\/auditoria-laboral-integrada-una-herramienta-estrategica-para-la-gestion-del-riesgo-y-el-talento\/#primaryimage","url":"https:\/\/auren.com\/mx\/wp-content\/uploads\/2026\/02\/Untitled-design.png","contentUrl":"https:\/\/auren.com\/mx\/wp-content\/uploads\/2026\/02\/Untitled-design.png","width":1000,"height":600},{"@type":"BreadcrumbList","@id":"https:\/\/auren.com\/mx\/blog\/auditoria-laboral-integrada-una-herramienta-estrategica-para-la-gestion-del-riesgo-y-el-talento\/#breadcrumb","itemListElement":[{"@type":"ListItem","position":1,"name":"Portada","item":"https:\/\/auren.com\/mx\/"},{"@type":"ListItem","position":2,"name":"Auditor\u00eda laboral integrada: una herramienta estrat\u00e9gica para la gesti\u00f3n del riesgo y el talento"}]},{"@type":"WebSite","@id":"https:\/\/auren.com\/mx\/#website","url":"https:\/\/auren.com\/mx\/","name":"Auren Mexico","description":"","publisher":{"@id":"https:\/\/auren.com\/mx\/#organization"},"potentialAction":[{"@type":"SearchAction","target":{"@type":"EntryPoint","urlTemplate":"https:\/\/auren.com\/mx\/?s={search_term_string}"},"query-input":{"@type":"PropertyValueSpecification","valueRequired":true,"valueName":"search_term_string"}}],"inLanguage":"es"},{"@type":"Organization","@id":"https:\/\/auren.com\/mx\/#organization","name":"Auren Mexico","url":"https:\/\/auren.com\/mx\/","logo":{"@type":"ImageObject","inLanguage":"es","@id":"https:\/\/auren.com\/mx\/#\/schema\/logo\/image\/","url":"https:\/\/auren.com\/mx\/wp-content\/uploads\/2025\/01\/cropped-cropped-favicon-Auren.png","contentUrl":"https:\/\/auren.com\/mx\/wp-content\/uploads\/2025\/01\/cropped-cropped-favicon-Auren.png","width":512,"height":512,"caption":"Auren Mexico"},"image":{"@id":"https:\/\/auren.com\/mx\/#\/schema\/logo\/image\/"},"sameAs":["https:\/\/www.facebook.com\/AurenMexico\/","https:\/\/x.com\/Auren_Mexico","https:\/\/www.youtube.com\/channel\/UCcXaG4Mj_-dazS7WAz2qvKQ","https:\/\/www.linkedin.com\/company\/auren-mxico"]}]}},"_links":{"self":[{"href":"https:\/\/auren.com\/mx\/wp-json\/wp\/v2\/blog\/13150","targetHints":{"allow":["GET"]}}],"collection":[{"href":"https:\/\/auren.com\/mx\/wp-json\/wp\/v2\/blog"}],"about":[{"href":"https:\/\/auren.com\/mx\/wp-json\/wp\/v2\/types\/blog"}],"version-history":[{"count":1,"href":"https:\/\/auren.com\/mx\/wp-json\/wp\/v2\/blog\/13150\/revisions"}],"predecessor-version":[{"id":13155,"href":"https:\/\/auren.com\/mx\/wp-json\/wp\/v2\/blog\/13150\/revisions\/13155"}],"wp:featuredmedia":[{"embeddable":true,"href":"https:\/\/auren.com\/mx\/wp-json\/wp\/v2\/media\/13153"}],"wp:attachment":[{"href":"https:\/\/auren.com\/mx\/wp-json\/wp\/v2\/media?parent=13150"}],"wp:term":[{"taxonomy":"blog-category","embeddable":true,"href":"https:\/\/auren.com\/mx\/wp-json\/wp\/v2\/blog-category?post=13150"}],"curies":[{"name":"wp","href":"https:\/\/api.w.org\/{rel}","templated":true}]}}