{"id":4482,"date":"2024-05-17T11:27:49","date_gmt":"2024-05-17T09:27:49","guid":{"rendered":"https:\/\/auren.com\/mx\/blog\/subsidio-al-empleo-por-decreto-del-1o-de-mayo-de-2024\/"},"modified":"2024-05-17T11:27:49","modified_gmt":"2024-05-17T09:27:49","slug":"subsidio-al-empleo-por-decreto-del-1o-de-mayo-de-2024","status":"publish","type":"blog","link":"https:\/\/auren.com\/mx\/blog\/subsidio-al-empleo-por-decreto-del-1o-de-mayo-de-2024\/","title":{"rendered":"Subsidio al Empleo por Decreto del 1\u00ba. de mayo de 2024"},"content":{"rendered":"<p class=\"has-text-align-justify\">El pasado 1 de mayo de 2024 se public\u00f3 en el Diario Oficial de la Federaci\u00f3n el decreto que otorga el subsidio para el empleo el cual tiene como principal objetivo apoyar a los trabajadores de menores ingresos en el pa\u00eds.<\/p>\n<p class=\"has-text-align-justify\">El beneficio por dicho decreto aplica a aquellas personas cuyos ingresos mensuales no excedan los $9,081 (Nueve mil ochenta y un pesos 00\/100 MN) y sus ingresos correspondan a los que incluye la fracci\u00f3n I del Art 94 de la Ley del Impuesto sobre la Renta, relativos a sueldos y salarios, as\u00ed como los considerados asimilados a salarios.<\/p>\n<p class=\"has-text-align-justify\">Para las personas que perciban ingresos provenientes de m\u00e1s de un empleador, el subsidio mencionado s\u00f3lo deber\u00e1 aplicarse por un solo patr\u00f3n, el que el contribuyente escoja.<\/p>\n<p class=\"has-text-align-justify\">No ser\u00e1 aplicable el subsidio a los ingresos por concepto de primas de antig\u00fcedad, retro o indemnizaciones.<\/p>\n<p class=\"has-text-align-justify\">Este nuevo subsidio sustituye al subsidio aplicable en el ejercicio 2023, el cual no aument\u00f3 a pesar de que las UMA (Unidad de Medica y Actualizaci\u00f3n) y los salarios m\u00ednimos si se vieron incrementados durante dicho ejercicio.<\/p>\n<p class=\"has-text-align-justify\">El nuevo subsidio referido consiste en aplicar la tasa de 11.82% a la UMA aplicable para tales efectos el d\u00eda de pago de la n\u00f3mina.<\/p>\n<p class=\"has-text-align-justify\">El subsidio es acreditable contra el ISR del contribuyente que resulte en el c\u00e1lculo de su n\u00f3mina, el subsidio se calcula de manera mensual, pero se debe calcular proporcionalmente al periodo en d\u00edas al que corresponda la n\u00f3mina ya sea un periodo mayor o menor a un mes.<\/p>\n<p class=\"has-text-align-justify\">Si el subsidio calculado llegara a resultar mayor que el ISR generado en el periodo de que se trate el saldo resultante no podr\u00e1 acreditarse contra per\u00edodos posteriores.<\/p>\n<p>El multicitado subsidio debe calcularse y ajustarse tambi\u00e9n de manera anual.<\/p>\n<p><strong>Otras Consideraciones. &#8211;<\/strong><\/p>\n<p class=\"has-text-align-justify\">Los empleadores deben solicitar por escrito al contribuyente que les indique si reciben salario de otro empleado y en su caso que indiquen que empleador desean sea quien les efect\u00faa el c\u00e1lculo del subsidio.<\/p>\n<p class=\"has-text-align-justify\">Por otra parte, el contribuyente adem\u00e1s tiene la obligaci\u00f3n de avisar por escrito al su empleador cu\u00e1l de todos ser\u00e1 el que desean sea quien les aplique el subsidio.<\/p>\n<p class=\"has-text-align-justify\">Estos escritos deber\u00e1n conservarse conjuntamente con la contabilidad del patr\u00f3n por el mismo tiempo que se exige para conservar la contabilidad a los contribuyentes.<\/p>\n<p class=\"has-text-align-justify\">Los contribuyentes que utilizan software para el c\u00e1lculo de sus n\u00f3minas deber\u00e1n programar y ajustar sus sistemas para que este subsidio est\u00e9 incluido en el c\u00e1lculo de la n\u00f3minas correspondiente en substituci\u00f3n del que se ven\u00eda aplicando con fecha anterior a la vigencia del presente decreto.<\/p>\n<div role=\"main\" id=\"formulario-hable-con-un-consultor-ae82d54ba278267d0e94\"><\/div>\n<p><script type=\"text\/javascript\" src=\"https:\/\/d335luupugsy2.cloudfront.net\/js\/rdstation-forms\/stable\/rdstation-forms.min.js\"><\/script><br \/>\n<script type=\"text\/javascript\"> new RDStationForms('formulario-hable-con-un-consultor-ae82d54ba278267d0e94', 'null').createForm();<\/script><\/p>\n<p class=\"has-text-align-justify\">Es importante mencionar que ya en la pr\u00e1ctica hemos notado que al aplicar el nuevo subsidio resulta inferior al que resulta de aplicar el subsidio conforme a las disposiciones de 2023, por lo que recomendamos estar al pendiente ya que el decreto al mencionar que los empleadores&nbsp; \u201cpodr\u00e1n\u201d hacer el c\u00e1lculo conforme a este decreto asumimos el car\u00e1cter optativo del mismo y se deber\u00e1 aplicar el c\u00e1lculo correspondiente que beneficie al trabajador. Es muy probable que esta circunstancia desaparezca en el tiempo debido a la constante actualizaci\u00f3n de la UMA pero en las primeras n\u00f3minas puede darse esta situaci\u00f3n.<\/p>\n<p><strong>AUREN M\u00c9XICO<\/strong><\/p>\n<p><!-- AddThis Advanced Settings generic via filter on the_content --><!-- AddThis Share Buttons generic via filter on the_content --><\/p>\n","protected":false},"excerpt":{"rendered":"<p>El pasado 1 de mayo de 2024 se public\u00f3 en el Diario Oficial de la Federaci\u00f3n el decreto que otorga el subsidio para el empleo el cual tiene como principal [&hellip;]<\/p>\n","protected":false},"featured_media":4483,"template":"","meta":{"_acf_changed":false,"footnotes":""},"blog-category":[],"class_list":["post-4482","blog","type-blog","status-publish","has-post-thumbnail","hentry"],"acf":[],"yoast_head":"<!-- This site is optimized with the Yoast SEO plugin v27.5 - https:\/\/yoast.com\/product\/yoast-seo-wordpress\/ -->\n<title>Subsidio al Empleo por Decreto del 1\u00ba. de mayo de 2024 - Auren M\u00e9xico<\/title>\n<meta name=\"description\" content=\"l pasado 1 de mayo de 2024 se public\u00f3 en el Diario Oficial de la Federaci\u00f3n el decreto que otorga el subsidio para el empleo el cual tiene como principal objetivo apoyar a los trabajadores de menores ingresos en el pa\u00eds.\" \/>\n<meta name=\"robots\" content=\"index, follow, max-snippet:-1, max-image-preview:large, max-video-preview:-1\" \/>\n<link rel=\"canonical\" href=\"https:\/\/auren.com\/mx\/blog\/subsidio-al-empleo-por-decreto-del-1o-de-mayo-de-2024\/\" \/>\n<meta property=\"og:locale\" content=\"es_ES\" \/>\n<meta property=\"og:type\" content=\"article\" \/>\n<meta property=\"og:title\" content=\"Subsidio al Empleo por Decreto del 1\u00ba. de mayo de 2024 - Auren M\u00e9xico\" \/>\n<meta property=\"og:description\" content=\"l pasado 1 de mayo de 2024 se public\u00f3 en el Diario Oficial de la Federaci\u00f3n el decreto que otorga el subsidio para el empleo el cual tiene como principal objetivo apoyar a los trabajadores de menores ingresos en el pa\u00eds.\" \/>\n<meta property=\"og:url\" content=\"https:\/\/auren.com\/mx\/blog\/subsidio-al-empleo-por-decreto-del-1o-de-mayo-de-2024\/\" \/>\n<meta property=\"og:site_name\" content=\"Auren Mexico\" \/>\n<meta property=\"article:publisher\" content=\"https:\/\/www.facebook.com\/AurenMexico\/\" \/>\n<meta property=\"og:image\" content=\"https:\/\/auren.com\/mx\/wp-content\/uploads\/2024\/05\/Diseno-sin-titulo-3.png\" \/>\n\t<meta property=\"og:image:width\" content=\"2240\" \/>\n\t<meta property=\"og:image:height\" content=\"1260\" \/>\n\t<meta property=\"og:image:type\" content=\"image\/png\" \/>\n<meta name=\"twitter:card\" content=\"summary_large_image\" \/>\n<meta name=\"twitter:site\" content=\"@Auren_Mexico\" \/>\n<meta name=\"twitter:label1\" content=\"Tiempo de lectura\" \/>\n\t<meta name=\"twitter:data1\" content=\"3 minutos\" \/>\n<script type=\"application\/ld+json\" class=\"yoast-schema-graph\">{\"@context\":\"https:\\\/\\\/schema.org\",\"@graph\":[{\"@type\":\"WebPage\",\"@id\":\"https:\\\/\\\/auren.com\\\/mx\\\/blog\\\/subsidio-al-empleo-por-decreto-del-1o-de-mayo-de-2024\\\/\",\"url\":\"https:\\\/\\\/auren.com\\\/mx\\\/blog\\\/subsidio-al-empleo-por-decreto-del-1o-de-mayo-de-2024\\\/\",\"name\":\"Subsidio al Empleo por Decreto del 1\u00ba. de mayo de 2024 - Auren M\u00e9xico\",\"isPartOf\":{\"@id\":\"https:\\\/\\\/auren.com\\\/mx\\\/#website\"},\"primaryImageOfPage\":{\"@id\":\"https:\\\/\\\/auren.com\\\/mx\\\/blog\\\/subsidio-al-empleo-por-decreto-del-1o-de-mayo-de-2024\\\/#primaryimage\"},\"image\":{\"@id\":\"https:\\\/\\\/auren.com\\\/mx\\\/blog\\\/subsidio-al-empleo-por-decreto-del-1o-de-mayo-de-2024\\\/#primaryimage\"},\"thumbnailUrl\":\"https:\\\/\\\/auren.com\\\/mx\\\/wp-content\\\/uploads\\\/2024\\\/05\\\/Diseno-sin-titulo-3.png\",\"datePublished\":\"2024-05-17T09:27:49+00:00\",\"description\":\"l pasado 1 de mayo de 2024 se public\u00f3 en el Diario Oficial de la Federaci\u00f3n el decreto que otorga el subsidio para el empleo el cual tiene como principal objetivo apoyar a los trabajadores de menores ingresos en el pa\u00eds.\",\"breadcrumb\":{\"@id\":\"https:\\\/\\\/auren.com\\\/mx\\\/blog\\\/subsidio-al-empleo-por-decreto-del-1o-de-mayo-de-2024\\\/#breadcrumb\"},\"inLanguage\":\"es\",\"potentialAction\":[{\"@type\":\"ReadAction\",\"target\":[\"https:\\\/\\\/auren.com\\\/mx\\\/blog\\\/subsidio-al-empleo-por-decreto-del-1o-de-mayo-de-2024\\\/\"]}]},{\"@type\":\"ImageObject\",\"inLanguage\":\"es\",\"@id\":\"https:\\\/\\\/auren.com\\\/mx\\\/blog\\\/subsidio-al-empleo-por-decreto-del-1o-de-mayo-de-2024\\\/#primaryimage\",\"url\":\"https:\\\/\\\/auren.com\\\/mx\\\/wp-content\\\/uploads\\\/2024\\\/05\\\/Diseno-sin-titulo-3.png\",\"contentUrl\":\"https:\\\/\\\/auren.com\\\/mx\\\/wp-content\\\/uploads\\\/2024\\\/05\\\/Diseno-sin-titulo-3.png\",\"width\":2240,\"height\":1260},{\"@type\":\"BreadcrumbList\",\"@id\":\"https:\\\/\\\/auren.com\\\/mx\\\/blog\\\/subsidio-al-empleo-por-decreto-del-1o-de-mayo-de-2024\\\/#breadcrumb\",\"itemListElement\":[{\"@type\":\"ListItem\",\"position\":1,\"name\":\"Portada\",\"item\":\"https:\\\/\\\/auren.com\\\/mx\\\/\"},{\"@type\":\"ListItem\",\"position\":2,\"name\":\"Subsidio al Empleo por Decreto del 1\u00ba. de mayo de 2024\"}]},{\"@type\":\"WebSite\",\"@id\":\"https:\\\/\\\/auren.com\\\/mx\\\/#website\",\"url\":\"https:\\\/\\\/auren.com\\\/mx\\\/\",\"name\":\"Auren Mexico\",\"description\":\"\",\"publisher\":{\"@id\":\"https:\\\/\\\/auren.com\\\/mx\\\/#organization\"},\"potentialAction\":[{\"@type\":\"SearchAction\",\"target\":{\"@type\":\"EntryPoint\",\"urlTemplate\":\"https:\\\/\\\/auren.com\\\/mx\\\/?s={search_term_string}\"},\"query-input\":{\"@type\":\"PropertyValueSpecification\",\"valueRequired\":true,\"valueName\":\"search_term_string\"}}],\"inLanguage\":\"es\"},{\"@type\":\"Organization\",\"@id\":\"https:\\\/\\\/auren.com\\\/mx\\\/#organization\",\"name\":\"Auren Mexico\",\"url\":\"https:\\\/\\\/auren.com\\\/mx\\\/\",\"logo\":{\"@type\":\"ImageObject\",\"inLanguage\":\"es\",\"@id\":\"https:\\\/\\\/auren.com\\\/mx\\\/#\\\/schema\\\/logo\\\/image\\\/\",\"url\":\"https:\\\/\\\/auren.com\\\/mx\\\/wp-content\\\/uploads\\\/2025\\\/01\\\/cropped-cropped-favicon-Auren.png\",\"contentUrl\":\"https:\\\/\\\/auren.com\\\/mx\\\/wp-content\\\/uploads\\\/2025\\\/01\\\/cropped-cropped-favicon-Auren.png\",\"width\":512,\"height\":512,\"caption\":\"Auren Mexico\"},\"image\":{\"@id\":\"https:\\\/\\\/auren.com\\\/mx\\\/#\\\/schema\\\/logo\\\/image\\\/\"},\"sameAs\":[\"https:\\\/\\\/www.facebook.com\\\/AurenMexico\\\/\",\"https:\\\/\\\/x.com\\\/Auren_Mexico\",\"https:\\\/\\\/www.youtube.com\\\/channel\\\/UCcXaG4Mj_-dazS7WAz2qvKQ\",\"https:\\\/\\\/www.linkedin.com\\\/company\\\/auren-mxico\"]}]}<\/script>\n<!-- \/ Yoast SEO plugin. -->","yoast_head_json":{"title":"Subsidio al Empleo por Decreto del 1\u00ba. de mayo de 2024 - Auren M\u00e9xico","description":"l pasado 1 de mayo de 2024 se public\u00f3 en el Diario Oficial de la Federaci\u00f3n el decreto que otorga el subsidio para el empleo el cual tiene como principal objetivo apoyar a los trabajadores de menores ingresos en el pa\u00eds.","robots":{"index":"index","follow":"follow","max-snippet":"max-snippet:-1","max-image-preview":"max-image-preview:large","max-video-preview":"max-video-preview:-1"},"canonical":"https:\/\/auren.com\/mx\/blog\/subsidio-al-empleo-por-decreto-del-1o-de-mayo-de-2024\/","og_locale":"es_ES","og_type":"article","og_title":"Subsidio al Empleo por Decreto del 1\u00ba. de mayo de 2024 - Auren M\u00e9xico","og_description":"l pasado 1 de mayo de 2024 se public\u00f3 en el Diario Oficial de la Federaci\u00f3n el decreto que otorga el subsidio para el empleo el cual tiene como principal objetivo apoyar a los trabajadores de menores ingresos en el pa\u00eds.","og_url":"https:\/\/auren.com\/mx\/blog\/subsidio-al-empleo-por-decreto-del-1o-de-mayo-de-2024\/","og_site_name":"Auren Mexico","article_publisher":"https:\/\/www.facebook.com\/AurenMexico\/","og_image":[{"width":2240,"height":1260,"url":"https:\/\/auren.com\/mx\/wp-content\/uploads\/2024\/05\/Diseno-sin-titulo-3.png","type":"image\/png"}],"twitter_card":"summary_large_image","twitter_site":"@Auren_Mexico","twitter_misc":{"Tiempo de lectura":"3 minutos"},"schema":{"@context":"https:\/\/schema.org","@graph":[{"@type":"WebPage","@id":"https:\/\/auren.com\/mx\/blog\/subsidio-al-empleo-por-decreto-del-1o-de-mayo-de-2024\/","url":"https:\/\/auren.com\/mx\/blog\/subsidio-al-empleo-por-decreto-del-1o-de-mayo-de-2024\/","name":"Subsidio al Empleo por Decreto del 1\u00ba. de mayo de 2024 - Auren M\u00e9xico","isPartOf":{"@id":"https:\/\/auren.com\/mx\/#website"},"primaryImageOfPage":{"@id":"https:\/\/auren.com\/mx\/blog\/subsidio-al-empleo-por-decreto-del-1o-de-mayo-de-2024\/#primaryimage"},"image":{"@id":"https:\/\/auren.com\/mx\/blog\/subsidio-al-empleo-por-decreto-del-1o-de-mayo-de-2024\/#primaryimage"},"thumbnailUrl":"https:\/\/auren.com\/mx\/wp-content\/uploads\/2024\/05\/Diseno-sin-titulo-3.png","datePublished":"2024-05-17T09:27:49+00:00","description":"l pasado 1 de mayo de 2024 se public\u00f3 en el Diario Oficial de la Federaci\u00f3n el decreto que otorga el subsidio para el empleo el cual tiene como principal objetivo apoyar a los trabajadores de menores ingresos en el pa\u00eds.","breadcrumb":{"@id":"https:\/\/auren.com\/mx\/blog\/subsidio-al-empleo-por-decreto-del-1o-de-mayo-de-2024\/#breadcrumb"},"inLanguage":"es","potentialAction":[{"@type":"ReadAction","target":["https:\/\/auren.com\/mx\/blog\/subsidio-al-empleo-por-decreto-del-1o-de-mayo-de-2024\/"]}]},{"@type":"ImageObject","inLanguage":"es","@id":"https:\/\/auren.com\/mx\/blog\/subsidio-al-empleo-por-decreto-del-1o-de-mayo-de-2024\/#primaryimage","url":"https:\/\/auren.com\/mx\/wp-content\/uploads\/2024\/05\/Diseno-sin-titulo-3.png","contentUrl":"https:\/\/auren.com\/mx\/wp-content\/uploads\/2024\/05\/Diseno-sin-titulo-3.png","width":2240,"height":1260},{"@type":"BreadcrumbList","@id":"https:\/\/auren.com\/mx\/blog\/subsidio-al-empleo-por-decreto-del-1o-de-mayo-de-2024\/#breadcrumb","itemListElement":[{"@type":"ListItem","position":1,"name":"Portada","item":"https:\/\/auren.com\/mx\/"},{"@type":"ListItem","position":2,"name":"Subsidio al Empleo por Decreto del 1\u00ba. de mayo de 2024"}]},{"@type":"WebSite","@id":"https:\/\/auren.com\/mx\/#website","url":"https:\/\/auren.com\/mx\/","name":"Auren Mexico","description":"","publisher":{"@id":"https:\/\/auren.com\/mx\/#organization"},"potentialAction":[{"@type":"SearchAction","target":{"@type":"EntryPoint","urlTemplate":"https:\/\/auren.com\/mx\/?s={search_term_string}"},"query-input":{"@type":"PropertyValueSpecification","valueRequired":true,"valueName":"search_term_string"}}],"inLanguage":"es"},{"@type":"Organization","@id":"https:\/\/auren.com\/mx\/#organization","name":"Auren Mexico","url":"https:\/\/auren.com\/mx\/","logo":{"@type":"ImageObject","inLanguage":"es","@id":"https:\/\/auren.com\/mx\/#\/schema\/logo\/image\/","url":"https:\/\/auren.com\/mx\/wp-content\/uploads\/2025\/01\/cropped-cropped-favicon-Auren.png","contentUrl":"https:\/\/auren.com\/mx\/wp-content\/uploads\/2025\/01\/cropped-cropped-favicon-Auren.png","width":512,"height":512,"caption":"Auren Mexico"},"image":{"@id":"https:\/\/auren.com\/mx\/#\/schema\/logo\/image\/"},"sameAs":["https:\/\/www.facebook.com\/AurenMexico\/","https:\/\/x.com\/Auren_Mexico","https:\/\/www.youtube.com\/channel\/UCcXaG4Mj_-dazS7WAz2qvKQ","https:\/\/www.linkedin.com\/company\/auren-mxico"]}]}},"_links":{"self":[{"href":"https:\/\/auren.com\/mx\/wp-json\/wp\/v2\/blog\/4482","targetHints":{"allow":["GET"]}}],"collection":[{"href":"https:\/\/auren.com\/mx\/wp-json\/wp\/v2\/blog"}],"about":[{"href":"https:\/\/auren.com\/mx\/wp-json\/wp\/v2\/types\/blog"}],"version-history":[{"count":0,"href":"https:\/\/auren.com\/mx\/wp-json\/wp\/v2\/blog\/4482\/revisions"}],"wp:featuredmedia":[{"embeddable":true,"href":"https:\/\/auren.com\/mx\/wp-json\/wp\/v2\/media\/4483"}],"wp:attachment":[{"href":"https:\/\/auren.com\/mx\/wp-json\/wp\/v2\/media?parent=4482"}],"wp:term":[{"taxonomy":"blog-category","embeddable":true,"href":"https:\/\/auren.com\/mx\/wp-json\/wp\/v2\/blog-category?post=4482"}],"curies":[{"name":"wp","href":"https:\/\/api.w.org\/{rel}","templated":true}]}}