{"id":4495,"date":"2024-05-09T11:15:01","date_gmt":"2024-05-09T09:15:01","guid":{"rendered":"https:\/\/auren.com\/mx\/blog\/inconstitucional-que-solo-se-pueda-cancelar-una-factura-en-el-ejercicio-fiscal-en-que-fue-emitida\/"},"modified":"2024-05-09T11:15:01","modified_gmt":"2024-05-09T09:15:01","slug":"inconstitucional-que-solo-se-pueda-cancelar-una-factura-en-el-ejercicio-fiscal-en-que-fue-emitida","status":"publish","type":"blog","link":"https:\/\/auren.com\/mx\/blog\/inconstitucional-que-solo-se-pueda-cancelar-una-factura-en-el-ejercicio-fiscal-en-que-fue-emitida\/","title":{"rendered":"Inconstitucional que solo se pueda cancelar una factura en el ejercicio fiscal en que fue emitida."},"content":{"rendered":"<p class=\"has-text-align-justify\">En la din\u00e1mica comercial y empresarial se cometen errores al momento de registrar alguna operaci\u00f3n con quienes adquieren nuestros productos o servicios, uno de esos errores puede suceder al momento de emitir una factura, el ya conocido CFDI. Ante esta circunstancia podemos recurrir a su cancelaci\u00f3n para emitir un nuevo comprobante fiscal con la informaci\u00f3n correcta.<\/p>\n<p class=\"has-text-align-justify\">Lo anterior es permitido porque el art\u00edculo 29-A del C\u00f3digo Fiscal de la Federaci\u00f3n, en su p\u00e1rrafo cuarto dispone que los comprobantes fiscales podr\u00e1n cancelarse \u00fanicamente en el ejercicio en que se expidan. Sin embargo, la limitante aqu\u00ed mencionada resulta perjudicial para los contribuyentes en atenci\u00f3n a c\u00f3mo funciona la realidad de las operaciones que se realizan en el \u00e1mbito empresarial.<\/p>\n<p class=\"has-text-align-justify\">En atenci\u00f3n a esto, la Segunda Sala de la Suprema Corte de Justicia de la Naci\u00f3n a trav\u00e9s de la sentencia reca\u00edda al procedimiento de amparo en revisi\u00f3n 647\/2023 se\u00f1ala que <em>\u201cconforme al sistema normativo de cumplimiento de obligaciones fiscales y tributarias, la emisi\u00f3n de los CFDI cobra relevancia hasta que las operaciones devengan sus efectos fiscales, precisamente, al presentar las declaraciones respectivas y liquidar las contribuciones a cargo de las personas f\u00edsicas y morales, lo que no necesariamente ocurre dentro del ejercicio fiscal en que se emiten.\u201d.<\/em><\/p>\n<p class=\"has-text-align-justify\">Puede ocurrir que se efect\u00faen operaciones comerciales los d\u00edas treinta y\/o treinta y uno de diciembre, sin embargo, conforme a la redacci\u00f3n del art\u00edculo 29-A del C\u00f3digo Fiscal de la Federaci\u00f3n no proceder\u00e1 la cancelaci\u00f3n correspondiente en caso de errores en la emisi\u00f3n del comprobante fiscal si no se efect\u00faa a la \u00faltima hora del \u00faltimo d\u00eda del ejercicio.<\/p>\n<p class=\"has-text-align-justify\">Como se mencion\u00f3 al inicio y acorde con el criterio adoptado por la Segunda Sala, la obligaci\u00f3n aqu\u00ed apuntada pasa por alto el dinamismo de las operaciones comerciales en la realidad, donde pueden ocurrir no solamente errores al momento de la emisi\u00f3n de una factura, sino tambi\u00e9n terminaci\u00f3n anticipada o incumplimiento de contratos, cancelaci\u00f3n de servicios, etc.<\/p>\n<div role=\"main\" id=\"formulario-hable-con-un-consultor-ae82d54ba278267d0e94\"><\/div>\n<p><script type=\"text\/javascript\" src=\"https:\/\/d335luupugsy2.cloudfront.net\/js\/rdstation-forms\/stable\/rdstation-forms.min.js\"><\/script><br \/>\n<script type=\"text\/javascript\"> new RDStationForms('formulario-hable-con-un-consultor-ae82d54ba278267d0e94', 'null').createForm();<\/script><\/p>\n<p class=\"has-text-align-justify\">Relevante es mencionar que el criterio tomado por el supremo tribunal de nuestro pa\u00eds, en la sentencia mencionada, ha razonado por considerar inconstitucional la limitante de cancelar los comprobantes fiscales \u00fanicamente en el ejercicio fiscal en el que fueron expedidos, porque <em>\u201ceste l\u00edmite fijado por el legislador no guarda congruencia con el sistema legal de temporalidad en el cumplimento de obligaciones fiscales y tributarias, m\u00e1xime si se toma en cuenta que incluso para el impuesto sobre la renta existe obligaci\u00f3n de reportar las operaciones amparadas precisamente por los CFDI hasta los meses de marzo o abril, seg\u00fan se trate de personas f\u00edsicas o morales.\u201d.&nbsp; <\/em>Por esto y las razones aqu\u00ed consideradas es inconstitucional que los CFDI puedan ser cancelados solo en el ejercicio en que estos se expidan.<\/p>\n<p><!-- AddThis Advanced Settings generic via filter on the_content --><!-- AddThis Share Buttons generic via filter on the_content --><\/p>\n","protected":false},"excerpt":{"rendered":"<p>En la din\u00e1mica comercial y empresarial se cometen errores al momento de registrar alguna operaci\u00f3n con quienes adquieren nuestros productos o servicios, uno de esos errores puede suceder al momento [&hellip;]<\/p>\n","protected":false},"featured_media":4496,"template":"","meta":{"_acf_changed":false,"footnotes":""},"blog-category":[],"class_list":["post-4495","blog","type-blog","status-publish","has-post-thumbnail","hentry"],"acf":[],"yoast_head":"<!-- This site is optimized with the Yoast SEO plugin v27.5 - https:\/\/yoast.com\/product\/yoast-seo-wordpress\/ -->\n<title>Inconstitucional que solo se pueda cancelar una factura en el ejercicio fiscal en que fue emitida. - Auren M\u00e9xico<\/title>\n<meta name=\"robots\" content=\"index, follow, max-snippet:-1, max-image-preview:large, max-video-preview:-1\" \/>\n<link rel=\"canonical\" href=\"https:\/\/auren.com\/mx\/blog\/inconstitucional-que-solo-se-pueda-cancelar-una-factura-en-el-ejercicio-fiscal-en-que-fue-emitida\/\" \/>\n<meta property=\"og:locale\" content=\"es_ES\" \/>\n<meta property=\"og:type\" content=\"article\" \/>\n<meta property=\"og:title\" content=\"Inconstitucional que solo se pueda cancelar una factura en el ejercicio fiscal en que fue emitida. - Auren M\u00e9xico\" \/>\n<meta property=\"og:description\" content=\"En la din\u00e1mica comercial y empresarial se cometen errores al momento de registrar alguna operaci\u00f3n con quienes adquieren nuestros productos o servicios, uno de esos errores puede suceder al momento [&hellip;]\" \/>\n<meta property=\"og:url\" content=\"https:\/\/auren.com\/mx\/blog\/inconstitucional-que-solo-se-pueda-cancelar-una-factura-en-el-ejercicio-fiscal-en-que-fue-emitida\/\" \/>\n<meta property=\"og:site_name\" content=\"Auren Mexico\" \/>\n<meta property=\"article:publisher\" content=\"https:\/\/www.facebook.com\/AurenMexico\/\" \/>\n<meta property=\"og:image\" content=\"https:\/\/auren.com\/mx\/wp-content\/uploads\/2024\/05\/FACTURA-1-1024x576.png\" \/>\n\t<meta property=\"og:image:width\" content=\"1024\" \/>\n\t<meta property=\"og:image:height\" content=\"576\" \/>\n\t<meta property=\"og:image:type\" content=\"image\/png\" \/>\n<meta name=\"twitter:card\" content=\"summary_large_image\" \/>\n<meta name=\"twitter:site\" content=\"@Auren_Mexico\" \/>\n<meta name=\"twitter:label1\" content=\"Tiempo de lectura\" \/>\n\t<meta name=\"twitter:data1\" content=\"2 minutos\" \/>\n<script type=\"application\/ld+json\" class=\"yoast-schema-graph\">{\"@context\":\"https:\\\/\\\/schema.org\",\"@graph\":[{\"@type\":\"WebPage\",\"@id\":\"https:\\\/\\\/auren.com\\\/mx\\\/blog\\\/inconstitucional-que-solo-se-pueda-cancelar-una-factura-en-el-ejercicio-fiscal-en-que-fue-emitida\\\/\",\"url\":\"https:\\\/\\\/auren.com\\\/mx\\\/blog\\\/inconstitucional-que-solo-se-pueda-cancelar-una-factura-en-el-ejercicio-fiscal-en-que-fue-emitida\\\/\",\"name\":\"Inconstitucional que solo se pueda cancelar una factura en el ejercicio fiscal en que fue emitida. - Auren M\u00e9xico\",\"isPartOf\":{\"@id\":\"https:\\\/\\\/auren.com\\\/mx\\\/#website\"},\"primaryImageOfPage\":{\"@id\":\"https:\\\/\\\/auren.com\\\/mx\\\/blog\\\/inconstitucional-que-solo-se-pueda-cancelar-una-factura-en-el-ejercicio-fiscal-en-que-fue-emitida\\\/#primaryimage\"},\"image\":{\"@id\":\"https:\\\/\\\/auren.com\\\/mx\\\/blog\\\/inconstitucional-que-solo-se-pueda-cancelar-una-factura-en-el-ejercicio-fiscal-en-que-fue-emitida\\\/#primaryimage\"},\"thumbnailUrl\":\"https:\\\/\\\/auren.com\\\/mx\\\/wp-content\\\/uploads\\\/2024\\\/05\\\/FACTURA-1.png\",\"datePublished\":\"2024-05-09T09:15:01+00:00\",\"breadcrumb\":{\"@id\":\"https:\\\/\\\/auren.com\\\/mx\\\/blog\\\/inconstitucional-que-solo-se-pueda-cancelar-una-factura-en-el-ejercicio-fiscal-en-que-fue-emitida\\\/#breadcrumb\"},\"inLanguage\":\"es\",\"potentialAction\":[{\"@type\":\"ReadAction\",\"target\":[\"https:\\\/\\\/auren.com\\\/mx\\\/blog\\\/inconstitucional-que-solo-se-pueda-cancelar-una-factura-en-el-ejercicio-fiscal-en-que-fue-emitida\\\/\"]}]},{\"@type\":\"ImageObject\",\"inLanguage\":\"es\",\"@id\":\"https:\\\/\\\/auren.com\\\/mx\\\/blog\\\/inconstitucional-que-solo-se-pueda-cancelar-una-factura-en-el-ejercicio-fiscal-en-que-fue-emitida\\\/#primaryimage\",\"url\":\"https:\\\/\\\/auren.com\\\/mx\\\/wp-content\\\/uploads\\\/2024\\\/05\\\/FACTURA-1.png\",\"contentUrl\":\"https:\\\/\\\/auren.com\\\/mx\\\/wp-content\\\/uploads\\\/2024\\\/05\\\/FACTURA-1.png\",\"width\":2240,\"height\":1260},{\"@type\":\"BreadcrumbList\",\"@id\":\"https:\\\/\\\/auren.com\\\/mx\\\/blog\\\/inconstitucional-que-solo-se-pueda-cancelar-una-factura-en-el-ejercicio-fiscal-en-que-fue-emitida\\\/#breadcrumb\",\"itemListElement\":[{\"@type\":\"ListItem\",\"position\":1,\"name\":\"Portada\",\"item\":\"https:\\\/\\\/auren.com\\\/mx\\\/\"},{\"@type\":\"ListItem\",\"position\":2,\"name\":\"Inconstitucional que solo se pueda cancelar una factura en el ejercicio fiscal en que fue emitida.\"}]},{\"@type\":\"WebSite\",\"@id\":\"https:\\\/\\\/auren.com\\\/mx\\\/#website\",\"url\":\"https:\\\/\\\/auren.com\\\/mx\\\/\",\"name\":\"Auren Mexico\",\"description\":\"\",\"publisher\":{\"@id\":\"https:\\\/\\\/auren.com\\\/mx\\\/#organization\"},\"potentialAction\":[{\"@type\":\"SearchAction\",\"target\":{\"@type\":\"EntryPoint\",\"urlTemplate\":\"https:\\\/\\\/auren.com\\\/mx\\\/?s={search_term_string}\"},\"query-input\":{\"@type\":\"PropertyValueSpecification\",\"valueRequired\":true,\"valueName\":\"search_term_string\"}}],\"inLanguage\":\"es\"},{\"@type\":\"Organization\",\"@id\":\"https:\\\/\\\/auren.com\\\/mx\\\/#organization\",\"name\":\"Auren Mexico\",\"url\":\"https:\\\/\\\/auren.com\\\/mx\\\/\",\"logo\":{\"@type\":\"ImageObject\",\"inLanguage\":\"es\",\"@id\":\"https:\\\/\\\/auren.com\\\/mx\\\/#\\\/schema\\\/logo\\\/image\\\/\",\"url\":\"https:\\\/\\\/auren.com\\\/mx\\\/wp-content\\\/uploads\\\/2025\\\/01\\\/cropped-cropped-favicon-Auren.png\",\"contentUrl\":\"https:\\\/\\\/auren.com\\\/mx\\\/wp-content\\\/uploads\\\/2025\\\/01\\\/cropped-cropped-favicon-Auren.png\",\"width\":512,\"height\":512,\"caption\":\"Auren Mexico\"},\"image\":{\"@id\":\"https:\\\/\\\/auren.com\\\/mx\\\/#\\\/schema\\\/logo\\\/image\\\/\"},\"sameAs\":[\"https:\\\/\\\/www.facebook.com\\\/AurenMexico\\\/\",\"https:\\\/\\\/x.com\\\/Auren_Mexico\",\"https:\\\/\\\/www.youtube.com\\\/channel\\\/UCcXaG4Mj_-dazS7WAz2qvKQ\",\"https:\\\/\\\/www.linkedin.com\\\/company\\\/auren-mxico\"]}]}<\/script>\n<!-- \/ Yoast SEO plugin. -->","yoast_head_json":{"title":"Inconstitucional que solo se pueda cancelar una factura en el ejercicio fiscal en que fue emitida. - Auren M\u00e9xico","robots":{"index":"index","follow":"follow","max-snippet":"max-snippet:-1","max-image-preview":"max-image-preview:large","max-video-preview":"max-video-preview:-1"},"canonical":"https:\/\/auren.com\/mx\/blog\/inconstitucional-que-solo-se-pueda-cancelar-una-factura-en-el-ejercicio-fiscal-en-que-fue-emitida\/","og_locale":"es_ES","og_type":"article","og_title":"Inconstitucional que solo se pueda cancelar una factura en el ejercicio fiscal en que fue emitida. - Auren M\u00e9xico","og_description":"En la din\u00e1mica comercial y empresarial se cometen errores al momento de registrar alguna operaci\u00f3n con quienes adquieren nuestros productos o servicios, uno de esos errores puede suceder al momento [&hellip;]","og_url":"https:\/\/auren.com\/mx\/blog\/inconstitucional-que-solo-se-pueda-cancelar-una-factura-en-el-ejercicio-fiscal-en-que-fue-emitida\/","og_site_name":"Auren Mexico","article_publisher":"https:\/\/www.facebook.com\/AurenMexico\/","og_image":[{"width":1024,"height":576,"url":"https:\/\/auren.com\/mx\/wp-content\/uploads\/2024\/05\/FACTURA-1-1024x576.png","type":"image\/png"}],"twitter_card":"summary_large_image","twitter_site":"@Auren_Mexico","twitter_misc":{"Tiempo de lectura":"2 minutos"},"schema":{"@context":"https:\/\/schema.org","@graph":[{"@type":"WebPage","@id":"https:\/\/auren.com\/mx\/blog\/inconstitucional-que-solo-se-pueda-cancelar-una-factura-en-el-ejercicio-fiscal-en-que-fue-emitida\/","url":"https:\/\/auren.com\/mx\/blog\/inconstitucional-que-solo-se-pueda-cancelar-una-factura-en-el-ejercicio-fiscal-en-que-fue-emitida\/","name":"Inconstitucional que solo se pueda cancelar una factura en el ejercicio fiscal en que fue emitida. - Auren M\u00e9xico","isPartOf":{"@id":"https:\/\/auren.com\/mx\/#website"},"primaryImageOfPage":{"@id":"https:\/\/auren.com\/mx\/blog\/inconstitucional-que-solo-se-pueda-cancelar-una-factura-en-el-ejercicio-fiscal-en-que-fue-emitida\/#primaryimage"},"image":{"@id":"https:\/\/auren.com\/mx\/blog\/inconstitucional-que-solo-se-pueda-cancelar-una-factura-en-el-ejercicio-fiscal-en-que-fue-emitida\/#primaryimage"},"thumbnailUrl":"https:\/\/auren.com\/mx\/wp-content\/uploads\/2024\/05\/FACTURA-1.png","datePublished":"2024-05-09T09:15:01+00:00","breadcrumb":{"@id":"https:\/\/auren.com\/mx\/blog\/inconstitucional-que-solo-se-pueda-cancelar-una-factura-en-el-ejercicio-fiscal-en-que-fue-emitida\/#breadcrumb"},"inLanguage":"es","potentialAction":[{"@type":"ReadAction","target":["https:\/\/auren.com\/mx\/blog\/inconstitucional-que-solo-se-pueda-cancelar-una-factura-en-el-ejercicio-fiscal-en-que-fue-emitida\/"]}]},{"@type":"ImageObject","inLanguage":"es","@id":"https:\/\/auren.com\/mx\/blog\/inconstitucional-que-solo-se-pueda-cancelar-una-factura-en-el-ejercicio-fiscal-en-que-fue-emitida\/#primaryimage","url":"https:\/\/auren.com\/mx\/wp-content\/uploads\/2024\/05\/FACTURA-1.png","contentUrl":"https:\/\/auren.com\/mx\/wp-content\/uploads\/2024\/05\/FACTURA-1.png","width":2240,"height":1260},{"@type":"BreadcrumbList","@id":"https:\/\/auren.com\/mx\/blog\/inconstitucional-que-solo-se-pueda-cancelar-una-factura-en-el-ejercicio-fiscal-en-que-fue-emitida\/#breadcrumb","itemListElement":[{"@type":"ListItem","position":1,"name":"Portada","item":"https:\/\/auren.com\/mx\/"},{"@type":"ListItem","position":2,"name":"Inconstitucional que solo se pueda cancelar una factura en el ejercicio fiscal en que fue emitida."}]},{"@type":"WebSite","@id":"https:\/\/auren.com\/mx\/#website","url":"https:\/\/auren.com\/mx\/","name":"Auren Mexico","description":"","publisher":{"@id":"https:\/\/auren.com\/mx\/#organization"},"potentialAction":[{"@type":"SearchAction","target":{"@type":"EntryPoint","urlTemplate":"https:\/\/auren.com\/mx\/?s={search_term_string}"},"query-input":{"@type":"PropertyValueSpecification","valueRequired":true,"valueName":"search_term_string"}}],"inLanguage":"es"},{"@type":"Organization","@id":"https:\/\/auren.com\/mx\/#organization","name":"Auren Mexico","url":"https:\/\/auren.com\/mx\/","logo":{"@type":"ImageObject","inLanguage":"es","@id":"https:\/\/auren.com\/mx\/#\/schema\/logo\/image\/","url":"https:\/\/auren.com\/mx\/wp-content\/uploads\/2025\/01\/cropped-cropped-favicon-Auren.png","contentUrl":"https:\/\/auren.com\/mx\/wp-content\/uploads\/2025\/01\/cropped-cropped-favicon-Auren.png","width":512,"height":512,"caption":"Auren Mexico"},"image":{"@id":"https:\/\/auren.com\/mx\/#\/schema\/logo\/image\/"},"sameAs":["https:\/\/www.facebook.com\/AurenMexico\/","https:\/\/x.com\/Auren_Mexico","https:\/\/www.youtube.com\/channel\/UCcXaG4Mj_-dazS7WAz2qvKQ","https:\/\/www.linkedin.com\/company\/auren-mxico"]}]}},"_links":{"self":[{"href":"https:\/\/auren.com\/mx\/wp-json\/wp\/v2\/blog\/4495","targetHints":{"allow":["GET"]}}],"collection":[{"href":"https:\/\/auren.com\/mx\/wp-json\/wp\/v2\/blog"}],"about":[{"href":"https:\/\/auren.com\/mx\/wp-json\/wp\/v2\/types\/blog"}],"version-history":[{"count":0,"href":"https:\/\/auren.com\/mx\/wp-json\/wp\/v2\/blog\/4495\/revisions"}],"wp:featuredmedia":[{"embeddable":true,"href":"https:\/\/auren.com\/mx\/wp-json\/wp\/v2\/media\/4496"}],"wp:attachment":[{"href":"https:\/\/auren.com\/mx\/wp-json\/wp\/v2\/media?parent=4495"}],"wp:term":[{"taxonomy":"blog-category","embeddable":true,"href":"https:\/\/auren.com\/mx\/wp-json\/wp\/v2\/blog-category?post=4495"}],"curies":[{"name":"wp","href":"https:\/\/api.w.org\/{rel}","templated":true}]}}