{"id":4561,"date":"2024-01-22T10:27:59","date_gmt":"2024-01-22T09:27:59","guid":{"rendered":"https:\/\/auren.com\/mx\/blog\/el-impacto-economico-y-fiscal-del-aumento-del-salario-minimo\/"},"modified":"2024-01-22T10:27:59","modified_gmt":"2024-01-22T09:27:59","slug":"el-impacto-economico-y-fiscal-del-aumento-del-salario-minimo","status":"publish","type":"blog","link":"https:\/\/auren.com\/mx\/blog\/el-impacto-economico-y-fiscal-del-aumento-del-salario-minimo\/","title":{"rendered":"El impacto econ\u00f3mico y fiscal del aumento del salario m\u00ednimo"},"content":{"rendered":"<p class=\"has-text-align-justify\">El aumento del salario m\u00ednimo es un tema que genera debates intensos en el \u00e1mbito econ\u00f3mico y pol\u00edtico. Al analizar sus efectos, es crucial considerar tanto las implicaciones econ\u00f3micas como las fiscales que esta medida puede tener en una sociedad.<\/p>\n<p>Efectos Econ\u00f3micos:<\/p>\n<p class=\"has-text-align-justify\">1. Mejora del Poder Adquisitivo: Un aumento en el salario m\u00ednimo impulsa el poder adquisitivo de los trabajadores de bajos ingresos, lo que puede llevar a un aumento en el consumo y estimular la demanda interna.<\/p>\n<p class=\"has-text-align-justify\">2. Incremento de Costos para Empresas: Sin embargo, las empresas, especialmente las peque\u00f1as, podr\u00edan enfrentar mayores costos laborales, no solo por el salario por si mismo, s\u00ed no tambi\u00e9n por las cuotas de seguridad social lo que puede afectar su rentabilidad y capacidad para contratar.<\/p>\n<p class=\"has-text-align-justify\">3. Posible Impacto en el Empleo: Existe un debate sobre si el aumento del salario m\u00ednimo podr\u00eda llevar a una reducci\u00f3n en la cantidad de empleos disponibles, ya que algunas empresas podr\u00edan optar por contratar menos personal para compensar los mayores costos laborales.<\/p>\n<p>Efectos Fiscales:<\/p>\n<p class=\"has-text-align-justify\">1. Aumento de Ingresos Fiscales: Un salario m\u00ednimo m\u00e1s alto puede traducirse en mayores ingresos fiscales para el gobierno, ya que los trabajadores ganan m\u00e1s y, por ende, pagan m\u00e1s impuestos sobre la renta y el consumo.<\/p>\n<p class=\"has-text-align-justify\">2. Reducci\u00f3n de Beneficios Sociales: Por otro lado, un aumento del salario m\u00ednimo podr\u00eda reducir la dependencia de algunos trabajadores de programas de asistencia social, lo que podr\u00eda resultar en ahorros para el gobierno en t\u00e9rminos de gastos en programas de bienestar.<\/p>\n<p class=\"has-text-align-justify\">3. Presi\u00f3n sobre el Presupuesto P\u00fablico: El aumento del salario m\u00ednimo tambi\u00e9n puede generar presi\u00f3n sobre el presupuesto p\u00fablico si el gobierno financia directamente ciertos sectores con salarios m\u00ednimos m\u00e1s altos, como el sector p\u00fablico o contratistas gubernamentales.<\/p>\n<p class=\"has-text-align-justify\">En conclusi\u00f3n, el aumento del salario m\u00ednimo conlleva una compleja interacci\u00f3n de efectos econ\u00f3micos y fiscales. Si bien puede mejorar la calidad de vida de los trabajadores de bajos ingresos, tambi\u00e9n plantea desaf\u00edos para las empresas,<\/p>\n<div role=\"main\" id=\"formulario-hable-con-un-consultor-ae82d54ba278267d0e94\"><\/div>\n<p><script type=\"text\/javascript\" src=\"https:\/\/d335luupugsy2.cloudfront.net\/js\/rdstation-forms\/stable\/rdstation-forms.min.js\"><\/script><br \/>\n<script type=\"text\/javascript\"> new RDStationForms('formulario-hable-con-un-consultor-ae82d54ba278267d0e94', 'null').createForm();<\/script><\/p>\n<p class=\"has-text-align-justify\">principalmente mayores costos, y puede tener implicaciones fiscales significativas para el gobierno. En \u00faltima instancia, el dise\u00f1o y la implementaci\u00f3n cuidadosa de estas pol\u00edticas son esenciales para equilibrar estos factores y lograr un impacto positivo sostenible en la sociedad.<\/p>\n<p class=\"has-text-align-justify\">Las empresas pueden crear estrategias que no desaparezcan estos efectos en sus estructuras de costos pero que puedan disminuir estos efectos.<\/p>\n<p>Comportamiento del Salario M\u00ednimo en los \u00faltimos 11 a\u00f1os \u2013 Incremento del 270%:<\/p>\n<figure class=\"wp-block-image size-large\"><img decoding=\"async\" width=\"1024\" height=\"629\" data-src=\"https:\/\/auren.com\/mx\/wp-content\/uploads\/2024\/01\/image-1024x629.png\" alt=\"\" class=\"wp-image-8877 lazyload\" data-srcset=\"https:\/\/auren.com\/mx\/wp-content\/uploads\/2024\/01\/image-1024x629.png 1024w, https:\/\/auren.com\/mx\/wp-content\/uploads\/2024\/01\/image-300x184.png 300w, https:\/\/auren.com\/mx\/wp-content\/uploads\/2024\/01\/image-768x472.png 768w, https:\/\/auren.com\/mx\/wp-content\/uploads\/2024\/01\/image.png 1276w\" data-sizes=\"auto, (max-width: 1024px) 100vw, 1024px\" src=\"data:image\/svg+xml;base64,PHN2ZyB3aWR0aD0iMSIgaGVpZ2h0PSIxIiB4bWxucz0iaHR0cDovL3d3dy53My5vcmcvMjAwMC9zdmciPjwvc3ZnPg==\" style=\"--smush-placeholder-width: 1024px; --smush-placeholder-aspect-ratio: 1024\/629;\" \/><\/figure>\n<p>AUREN M\u00c9XICO<\/p>\n<p><!-- AddThis Advanced Settings generic via filter on the_content --><!-- AddThis Share Buttons generic via filter on the_content --><\/p>\n","protected":false},"excerpt":{"rendered":"<p>El aumento del salario m\u00ednimo es un tema que genera debates intensos en el \u00e1mbito econ\u00f3mico y pol\u00edtico. Al analizar sus efectos, es crucial considerar tanto las implicaciones econ\u00f3micas como [&hellip;]<\/p>\n","protected":false},"featured_media":4562,"template":"","meta":{"_acf_changed":false,"footnotes":""},"blog-category":[],"class_list":["post-4561","blog","type-blog","status-publish","has-post-thumbnail","hentry"],"acf":[],"yoast_head":"<!-- This site is optimized with the Yoast SEO plugin v27.4 - https:\/\/yoast.com\/product\/yoast-seo-wordpress\/ -->\n<title>El impacto econ\u00f3mico y fiscal del aumento del salario m\u00ednimo - Auren M\u00e9xico<\/title>\n<meta name=\"description\" content=\"El aumento del salario m\u00ednimo es un tema que genera debates intensos en el \u00e1mbito econ\u00f3mico y pol\u00edtico. Al analizar sus efectos, es crucial considerar tanto las implicaciones econ\u00f3micas como las fiscales que esta medida puede tener en una sociedad.\" \/>\n<meta name=\"robots\" content=\"index, follow, max-snippet:-1, max-image-preview:large, max-video-preview:-1\" \/>\n<link rel=\"canonical\" href=\"https:\/\/auren.com\/mx\/blog\/el-impacto-economico-y-fiscal-del-aumento-del-salario-minimo\/\" \/>\n<meta property=\"og:locale\" content=\"es_ES\" \/>\n<meta property=\"og:type\" content=\"article\" \/>\n<meta property=\"og:title\" content=\"El impacto econ\u00f3mico y fiscal del aumento del salario m\u00ednimo - Auren M\u00e9xico\" \/>\n<meta property=\"og:description\" content=\"El aumento del salario m\u00ednimo es un tema que genera debates intensos en el \u00e1mbito econ\u00f3mico y pol\u00edtico. Al analizar sus efectos, es crucial considerar tanto las implicaciones econ\u00f3micas como las fiscales que esta medida puede tener en una sociedad.\" \/>\n<meta property=\"og:url\" content=\"https:\/\/auren.com\/mx\/blog\/el-impacto-economico-y-fiscal-del-aumento-del-salario-minimo\/\" \/>\n<meta property=\"og:site_name\" content=\"Auren Mexico\" \/>\n<meta property=\"article:publisher\" content=\"https:\/\/www.facebook.com\/AurenMexico\/\" \/>\n<meta property=\"og:image\" content=\"https:\/\/auren.com\/mx\/wp-content\/uploads\/2024\/01\/blog1aurenenero-1-1.png\" \/>\n\t<meta property=\"og:image:width\" content=\"2240\" \/>\n\t<meta property=\"og:image:height\" content=\"1260\" \/>\n\t<meta property=\"og:image:type\" content=\"image\/png\" \/>\n<meta name=\"twitter:card\" content=\"summary_large_image\" \/>\n<meta name=\"twitter:site\" content=\"@Auren_Mexico\" \/>\n<meta name=\"twitter:label1\" content=\"Tiempo de lectura\" \/>\n\t<meta name=\"twitter:data1\" content=\"2 minutos\" \/>\n<script type=\"application\/ld+json\" class=\"yoast-schema-graph\">{\"@context\":\"https:\\\/\\\/schema.org\",\"@graph\":[{\"@type\":\"WebPage\",\"@id\":\"https:\\\/\\\/auren.com\\\/mx\\\/blog\\\/el-impacto-economico-y-fiscal-del-aumento-del-salario-minimo\\\/\",\"url\":\"https:\\\/\\\/auren.com\\\/mx\\\/blog\\\/el-impacto-economico-y-fiscal-del-aumento-del-salario-minimo\\\/\",\"name\":\"El impacto econ\u00f3mico y fiscal del aumento del salario m\u00ednimo - Auren M\u00e9xico\",\"isPartOf\":{\"@id\":\"https:\\\/\\\/auren.com\\\/mx\\\/#website\"},\"primaryImageOfPage\":{\"@id\":\"https:\\\/\\\/auren.com\\\/mx\\\/blog\\\/el-impacto-economico-y-fiscal-del-aumento-del-salario-minimo\\\/#primaryimage\"},\"image\":{\"@id\":\"https:\\\/\\\/auren.com\\\/mx\\\/blog\\\/el-impacto-economico-y-fiscal-del-aumento-del-salario-minimo\\\/#primaryimage\"},\"thumbnailUrl\":\"https:\\\/\\\/auren.com\\\/mx\\\/wp-content\\\/uploads\\\/2024\\\/01\\\/blog1aurenenero-1-1.png\",\"datePublished\":\"2024-01-22T09:27:59+00:00\",\"description\":\"El aumento del salario m\u00ednimo es un tema que genera debates intensos en el \u00e1mbito econ\u00f3mico y pol\u00edtico. Al analizar sus efectos, es crucial considerar tanto las implicaciones econ\u00f3micas como las fiscales que esta medida puede tener en una sociedad.\",\"breadcrumb\":{\"@id\":\"https:\\\/\\\/auren.com\\\/mx\\\/blog\\\/el-impacto-economico-y-fiscal-del-aumento-del-salario-minimo\\\/#breadcrumb\"},\"inLanguage\":\"es\",\"potentialAction\":[{\"@type\":\"ReadAction\",\"target\":[\"https:\\\/\\\/auren.com\\\/mx\\\/blog\\\/el-impacto-economico-y-fiscal-del-aumento-del-salario-minimo\\\/\"]}]},{\"@type\":\"ImageObject\",\"inLanguage\":\"es\",\"@id\":\"https:\\\/\\\/auren.com\\\/mx\\\/blog\\\/el-impacto-economico-y-fiscal-del-aumento-del-salario-minimo\\\/#primaryimage\",\"url\":\"https:\\\/\\\/auren.com\\\/mx\\\/wp-content\\\/uploads\\\/2024\\\/01\\\/blog1aurenenero-1-1.png\",\"contentUrl\":\"https:\\\/\\\/auren.com\\\/mx\\\/wp-content\\\/uploads\\\/2024\\\/01\\\/blog1aurenenero-1-1.png\",\"width\":2240,\"height\":1260},{\"@type\":\"BreadcrumbList\",\"@id\":\"https:\\\/\\\/auren.com\\\/mx\\\/blog\\\/el-impacto-economico-y-fiscal-del-aumento-del-salario-minimo\\\/#breadcrumb\",\"itemListElement\":[{\"@type\":\"ListItem\",\"position\":1,\"name\":\"Portada\",\"item\":\"https:\\\/\\\/auren.com\\\/mx\\\/\"},{\"@type\":\"ListItem\",\"position\":2,\"name\":\"El impacto econ\u00f3mico y fiscal del aumento del salario m\u00ednimo\"}]},{\"@type\":\"WebSite\",\"@id\":\"https:\\\/\\\/auren.com\\\/mx\\\/#website\",\"url\":\"https:\\\/\\\/auren.com\\\/mx\\\/\",\"name\":\"Auren Mexico\",\"description\":\"\",\"publisher\":{\"@id\":\"https:\\\/\\\/auren.com\\\/mx\\\/#organization\"},\"potentialAction\":[{\"@type\":\"SearchAction\",\"target\":{\"@type\":\"EntryPoint\",\"urlTemplate\":\"https:\\\/\\\/auren.com\\\/mx\\\/?s={search_term_string}\"},\"query-input\":{\"@type\":\"PropertyValueSpecification\",\"valueRequired\":true,\"valueName\":\"search_term_string\"}}],\"inLanguage\":\"es\"},{\"@type\":\"Organization\",\"@id\":\"https:\\\/\\\/auren.com\\\/mx\\\/#organization\",\"name\":\"Auren Mexico\",\"url\":\"https:\\\/\\\/auren.com\\\/mx\\\/\",\"logo\":{\"@type\":\"ImageObject\",\"inLanguage\":\"es\",\"@id\":\"https:\\\/\\\/auren.com\\\/mx\\\/#\\\/schema\\\/logo\\\/image\\\/\",\"url\":\"https:\\\/\\\/auren.com\\\/mx\\\/wp-content\\\/uploads\\\/2025\\\/01\\\/cropped-cropped-favicon-Auren.png\",\"contentUrl\":\"https:\\\/\\\/auren.com\\\/mx\\\/wp-content\\\/uploads\\\/2025\\\/01\\\/cropped-cropped-favicon-Auren.png\",\"width\":512,\"height\":512,\"caption\":\"Auren Mexico\"},\"image\":{\"@id\":\"https:\\\/\\\/auren.com\\\/mx\\\/#\\\/schema\\\/logo\\\/image\\\/\"},\"sameAs\":[\"https:\\\/\\\/www.facebook.com\\\/AurenMexico\\\/\",\"https:\\\/\\\/x.com\\\/Auren_Mexico\",\"https:\\\/\\\/www.youtube.com\\\/channel\\\/UCcXaG4Mj_-dazS7WAz2qvKQ\",\"https:\\\/\\\/www.linkedin.com\\\/company\\\/auren-mxico\"]}]}<\/script>\n<!-- \/ Yoast SEO plugin. -->","yoast_head_json":{"title":"El impacto econ\u00f3mico y fiscal del aumento del salario m\u00ednimo - Auren M\u00e9xico","description":"El aumento del salario m\u00ednimo es un tema que genera debates intensos en el \u00e1mbito econ\u00f3mico y pol\u00edtico. Al analizar sus efectos, es crucial considerar tanto las implicaciones econ\u00f3micas como las fiscales que esta medida puede tener en una sociedad.","robots":{"index":"index","follow":"follow","max-snippet":"max-snippet:-1","max-image-preview":"max-image-preview:large","max-video-preview":"max-video-preview:-1"},"canonical":"https:\/\/auren.com\/mx\/blog\/el-impacto-economico-y-fiscal-del-aumento-del-salario-minimo\/","og_locale":"es_ES","og_type":"article","og_title":"El impacto econ\u00f3mico y fiscal del aumento del salario m\u00ednimo - Auren M\u00e9xico","og_description":"El aumento del salario m\u00ednimo es un tema que genera debates intensos en el \u00e1mbito econ\u00f3mico y pol\u00edtico. Al analizar sus efectos, es crucial considerar tanto las implicaciones econ\u00f3micas como las fiscales que esta medida puede tener en una sociedad.","og_url":"https:\/\/auren.com\/mx\/blog\/el-impacto-economico-y-fiscal-del-aumento-del-salario-minimo\/","og_site_name":"Auren Mexico","article_publisher":"https:\/\/www.facebook.com\/AurenMexico\/","og_image":[{"width":2240,"height":1260,"url":"https:\/\/auren.com\/mx\/wp-content\/uploads\/2024\/01\/blog1aurenenero-1-1.png","type":"image\/png"}],"twitter_card":"summary_large_image","twitter_site":"@Auren_Mexico","twitter_misc":{"Tiempo de lectura":"2 minutos"},"schema":{"@context":"https:\/\/schema.org","@graph":[{"@type":"WebPage","@id":"https:\/\/auren.com\/mx\/blog\/el-impacto-economico-y-fiscal-del-aumento-del-salario-minimo\/","url":"https:\/\/auren.com\/mx\/blog\/el-impacto-economico-y-fiscal-del-aumento-del-salario-minimo\/","name":"El impacto econ\u00f3mico y fiscal del aumento del salario m\u00ednimo - Auren M\u00e9xico","isPartOf":{"@id":"https:\/\/auren.com\/mx\/#website"},"primaryImageOfPage":{"@id":"https:\/\/auren.com\/mx\/blog\/el-impacto-economico-y-fiscal-del-aumento-del-salario-minimo\/#primaryimage"},"image":{"@id":"https:\/\/auren.com\/mx\/blog\/el-impacto-economico-y-fiscal-del-aumento-del-salario-minimo\/#primaryimage"},"thumbnailUrl":"https:\/\/auren.com\/mx\/wp-content\/uploads\/2024\/01\/blog1aurenenero-1-1.png","datePublished":"2024-01-22T09:27:59+00:00","description":"El aumento del salario m\u00ednimo es un tema que genera debates intensos en el \u00e1mbito econ\u00f3mico y pol\u00edtico. Al analizar sus efectos, es crucial considerar tanto las implicaciones econ\u00f3micas como las fiscales que esta medida puede tener en una sociedad.","breadcrumb":{"@id":"https:\/\/auren.com\/mx\/blog\/el-impacto-economico-y-fiscal-del-aumento-del-salario-minimo\/#breadcrumb"},"inLanguage":"es","potentialAction":[{"@type":"ReadAction","target":["https:\/\/auren.com\/mx\/blog\/el-impacto-economico-y-fiscal-del-aumento-del-salario-minimo\/"]}]},{"@type":"ImageObject","inLanguage":"es","@id":"https:\/\/auren.com\/mx\/blog\/el-impacto-economico-y-fiscal-del-aumento-del-salario-minimo\/#primaryimage","url":"https:\/\/auren.com\/mx\/wp-content\/uploads\/2024\/01\/blog1aurenenero-1-1.png","contentUrl":"https:\/\/auren.com\/mx\/wp-content\/uploads\/2024\/01\/blog1aurenenero-1-1.png","width":2240,"height":1260},{"@type":"BreadcrumbList","@id":"https:\/\/auren.com\/mx\/blog\/el-impacto-economico-y-fiscal-del-aumento-del-salario-minimo\/#breadcrumb","itemListElement":[{"@type":"ListItem","position":1,"name":"Portada","item":"https:\/\/auren.com\/mx\/"},{"@type":"ListItem","position":2,"name":"El impacto econ\u00f3mico y fiscal del aumento del salario m\u00ednimo"}]},{"@type":"WebSite","@id":"https:\/\/auren.com\/mx\/#website","url":"https:\/\/auren.com\/mx\/","name":"Auren Mexico","description":"","publisher":{"@id":"https:\/\/auren.com\/mx\/#organization"},"potentialAction":[{"@type":"SearchAction","target":{"@type":"EntryPoint","urlTemplate":"https:\/\/auren.com\/mx\/?s={search_term_string}"},"query-input":{"@type":"PropertyValueSpecification","valueRequired":true,"valueName":"search_term_string"}}],"inLanguage":"es"},{"@type":"Organization","@id":"https:\/\/auren.com\/mx\/#organization","name":"Auren Mexico","url":"https:\/\/auren.com\/mx\/","logo":{"@type":"ImageObject","inLanguage":"es","@id":"https:\/\/auren.com\/mx\/#\/schema\/logo\/image\/","url":"https:\/\/auren.com\/mx\/wp-content\/uploads\/2025\/01\/cropped-cropped-favicon-Auren.png","contentUrl":"https:\/\/auren.com\/mx\/wp-content\/uploads\/2025\/01\/cropped-cropped-favicon-Auren.png","width":512,"height":512,"caption":"Auren Mexico"},"image":{"@id":"https:\/\/auren.com\/mx\/#\/schema\/logo\/image\/"},"sameAs":["https:\/\/www.facebook.com\/AurenMexico\/","https:\/\/x.com\/Auren_Mexico","https:\/\/www.youtube.com\/channel\/UCcXaG4Mj_-dazS7WAz2qvKQ","https:\/\/www.linkedin.com\/company\/auren-mxico"]}]}},"_links":{"self":[{"href":"https:\/\/auren.com\/mx\/wp-json\/wp\/v2\/blog\/4561","targetHints":{"allow":["GET"]}}],"collection":[{"href":"https:\/\/auren.com\/mx\/wp-json\/wp\/v2\/blog"}],"about":[{"href":"https:\/\/auren.com\/mx\/wp-json\/wp\/v2\/types\/blog"}],"version-history":[{"count":0,"href":"https:\/\/auren.com\/mx\/wp-json\/wp\/v2\/blog\/4561\/revisions"}],"wp:featuredmedia":[{"embeddable":true,"href":"https:\/\/auren.com\/mx\/wp-json\/wp\/v2\/media\/4562"}],"wp:attachment":[{"href":"https:\/\/auren.com\/mx\/wp-json\/wp\/v2\/media?parent=4561"}],"wp:term":[{"taxonomy":"blog-category","embeddable":true,"href":"https:\/\/auren.com\/mx\/wp-json\/wp\/v2\/blog-category?post=4561"}],"curies":[{"name":"wp","href":"https:\/\/api.w.org\/{rel}","templated":true}]}}