{"id":4566,"date":"2024-01-16T13:41:30","date_gmt":"2024-01-16T12:41:30","guid":{"rendered":"https:\/\/auren.com\/mx\/blog\/certificacion-por-contador-publico-inscrito-por-la-capitalizacion-de-pasivos\/"},"modified":"2024-01-16T13:41:30","modified_gmt":"2024-01-16T12:41:30","slug":"certificacion-por-contador-publico-inscrito-por-la-capitalizacion-de-pasivos","status":"publish","type":"blog","link":"https:\/\/auren.com\/mx\/blog\/certificacion-por-contador-publico-inscrito-por-la-capitalizacion-de-pasivos\/","title":{"rendered":"Certificaci\u00f3n por Contador P\u00fablico Inscrito por la Capitalizaci\u00f3n de pasivos"},"content":{"rendered":"<p class=\"has-text-align-justify\">A partir del 1\u00ba de Enero del 2021, el art\u00edculo 30 del C\u00f3digo Fiscal de la Federaci\u00f3n (CFF), establece obligaciones adicionales para el caso de aumentos de capital social por capitalizaci\u00f3n de pasivos, dicha reforma adquiere relevancia por tratarse de operaciones mercantiles que involucran principalmente la celebraci\u00f3n de actas de asamblea y de documentaci\u00f3n que soporte la materialidad de dichas operaciones, a lo cual el presente art\u00edculo tiene como finalidad dar a conocer las obligaciones en relaci\u00f3n a la capitalizaci\u00f3n de pasivos, las obligaciones fiscales en materia de contabilidad y la Certificaci\u00f3n por Contador P\u00fablico Inscrito (CPI).<\/p>\n<p class=\"has-text-align-justify\">El art. 28 fracci\u00f3n 1 inciso A del CFF, menciona la siguiente informaci\u00f3n y documentaci\u00f3n que integra la contabilidad para efectos fiscales:<\/p>\n<p class=\"has-text-align-justify\">Los libros, sistemas y registros contables, papeles de trabajo, estados de cuenta, cuentas especiales, libros y registros sociales, control de inventarios y m\u00e9todo de valuaci\u00f3n, discos y cintas o cualquier otro medio procesable de almacenamiento de datos, los equipos o sistemas electr\u00f3nicos de registro fiscal y sus respectivos registros, adem\u00e1s de la documentaci\u00f3n comprobatoria de los asientos respectivos, documentaci\u00f3n e informaci\u00f3n relacionada con el cumplimiento de las disposiciones fiscales, la que acredite sus ingresos y deducciones.<\/p>\n<p class=\"has-text-align-justify\">M\u00e1s adelante en el art. 30, se establece que dicha contabilidad se debe conservar a disposici\u00f3n de la autoridad durante un plazo de 5 a\u00f1os a partir de presentada (o que debi\u00f3 presentarse) la declaraci\u00f3n del ejercicio correspondiente; en este mismo p\u00e1rrafo se indica inclusive que existen actos cuyos efectos fiscales se prolongan en el tiempo o son a largo plazo, como por ejemplo la depreciaci\u00f3n de los activos fijos, en este caso el periodo de conservaci\u00f3n de la documentaci\u00f3n se prolonga durante todo el periodo que duren dichos efectos.<\/p>\n<p class=\"has-text-align-justify\">Adicional a lo anterior el art. 30 establece que existe informaci\u00f3n que deber\u00e1 conservarse como parte de la contabilidad durante todo el tiempo en que subsista la sociedad, como lo es:<\/p>\n<p class=\"has-text-align-justify\">Las actas constitutivas de las personas morales, los contratos de asociaci\u00f3n en participaci\u00f3n, las actas de asamblea en las que se haga constar el aumento o la disminuci\u00f3n del capital social, las actas de fusi\u00f3n o la escisi\u00f3n de sociedades, las constancias que emitan o reciban las personas morales al distribuir dividendos o utilidades, la documentaci\u00f3n e informaci\u00f3n necesaria para determinar los ajustes a que se refieren los art\u00edculos 22 y 23 de la LISR (c\u00e1lculo del costo fiscal de acciones). La informaci\u00f3n y documentaci\u00f3n necesaria para implementar los acuerdos alcanzados como resultado de los procedimientos de resoluci\u00f3n de controversias contenidos en los tratados para evitar la doble tributaci\u00f3n, las declaraciones de pagos provisionales y del ejercicio, de las contribuciones federales.<\/p>\n<p class=\"has-text-align-justify\">El mismo art\u00edculo 30 del CFF, se\u00f1ala qu\u00e9 a partir del 2021, cuando las sociedades realicen aumentos de capital, deber\u00e1n conservar como parte de la contabilidad una mayor informaci\u00f3n y documentaci\u00f3n, como es el caso de estados de cuenta bancarios, aval\u00faos, actas de asambleas y particularmente en el caso de Capitalizaci\u00f3n de pasivos incluye una certificaci\u00f3n de la existencia contable del pasivo y del valor del mismo, dicha certificaci\u00f3n la deber\u00e1 realizar un Contador P\u00fablico Inscrito (CPI). La estructura y contenido de la certificaci\u00f3n se encuentra en la regla 2.8.1.19 de la Resoluci\u00f3n Miscel\u00e1nea Fiscal 2023, la cual nos indica que dicha certificaci\u00f3n deber\u00e1 contener al menos, la siguiente informaci\u00f3n:<\/p>\n<ul>\n<li>Nombre, clave en el RFC o n\u00famero de identificaci\u00f3n y pa\u00eds o jurisdicci\u00f3n de residencia para efectos fiscales de la persona, entidad o figura jur\u00eddica con la que se gener\u00f3 la obligaci\u00f3n de la que deriva el pasivo.<\/li>\n<\/ul>\n<ul>\n<li>&nbsp;Documento origen de la obligaci\u00f3n de la que deriva el pasivo capitalizado, es decir, en el que se constate la fecha de celebraci\u00f3n de dicha obligaci\u00f3n, la existencia y caracter\u00edsticas de la obligaci\u00f3n de dicho pasivo.<\/li>\n<\/ul>\n<ul>\n<li>Trat\u00e1ndose de pasivos derivados de operaciones con proveedores, manifestaci\u00f3n de que llev\u00f3 a cabo la verificaci\u00f3n del control interno de la persona moral, mediante la cual es razonable concluir que los bienes efectivamente se adquirieron y entregaron, o bien, en el caso de prestaci\u00f3n de servicios, que estos efectivamente se recibieron por parte del contribuyente.<\/li>\n<\/ul>\n<ul>\n<li>Indicar si el pasivo capitalizado cumple con las Normas de Informaci\u00f3n Financiera C-9, C-11 y C-19 y sus correlativas o con las Normas Internacionales de Informaci\u00f3n Financiera.<\/li>\n<\/ul>\n<ul>\n<li>Documentaci\u00f3n o estados de cuenta en los que se constate que efectivamente se entregaron los recursos objeto de la obligaci\u00f3n del pasivo capitalizado.<\/li>\n<\/ul>\n<ul>\n<li>Trat\u00e1ndose de pasivos que deriven de t\u00edtulos de cr\u00e9dito o instrumentos financieros, validar el c\u00e1lculo del devengo de intereses, para lo cual, deber\u00e1n incluir los c\u00e1lculos de tal validaci\u00f3n.<\/li>\n<\/ul>\n<ul>\n<li>Trat\u00e1ndose de pasivos que deriven de instrumentos financieros de deuda, en los que su valor se determine conforme al m\u00e9todo de valor razonable, la metodolog\u00eda conforme a la cual se calcul\u00f3 dicho valor y la validaci\u00f3n de que el c\u00e1lculo es correcto; para tal efecto, deber\u00e1n incluirse los c\u00e1lculos de tal validaci\u00f3n.<\/li>\n<\/ul>\n<ul>\n<li>Fecha y valor del reconocimiento inicial del pasivo y, en su caso, sus aumentos o disminuciones que respalden la deuda a la fecha de la capitalizaci\u00f3n, tipo de moneda y su equivalente a moneda nacional y, en su caso, la tasa de inter\u00e9s pactada del pasivo capitalizado.<\/li>\n<\/ul>\n<ul>\n<li>En caso de que la capitalizaci\u00f3n del pasivo sea en moneda extranjera, el tipo de cambio utilizado y la fecha de publicaci\u00f3n del mismo.<\/li>\n<\/ul>\n<ul>\n<li>Valor del pasivo a la fecha de la capitalizaci\u00f3n.<\/li>\n<\/ul>\n<ul>\n<li>N\u00famero y valor de las acciones o partes sociales que se otorgaron con motivo de la capitalizaci\u00f3n del pasivo, as\u00ed como el nombre, raz\u00f3n social o denominaci\u00f3n del socio o accionista.<\/li>\n<\/ul>\n<ul>\n<li>Indicar los registros contables y estados de situaci\u00f3n financiera o, en su caso, las balanzas generales, as\u00ed como las p\u00f3lizas en las que consten los registros del pasivo y la capitalizaci\u00f3n del mismo.<\/li>\n<\/ul>\n<ul>\n<li>Datos del acta de asamblea en la que consta la capitalizaci\u00f3n del pasivo, as\u00ed como todos los folios mercantiles en los que qued\u00f3 protocolizado.<\/li>\n<\/ul>\n<ul>\n<li>Manifestaci\u00f3n bajo protesta de decir verdad de que la certificaci\u00f3n se apeg\u00f3 a las normas de auditor\u00eda generalmente aceptadas vigentes o las normas de auditor\u00eda internacionales a la fecha de la expedici\u00f3n del certificado.<\/li>\n<\/ul>\n<ul>\n<li>Fecha en la que se expide la certificaci\u00f3n.<\/li>\n<\/ul>\n<ul>\n<li>Nombre, n\u00famero de c\u00e9dula profesional, n\u00famero de registro y firma del Contador P\u00fablico Inscrito.<\/li>\n<\/ul>\n<ul>\n<li>Aviso de actualizaci\u00f3n de socios o accionistas, presentado por el contribuyente que capitaliz\u00f3 el pasivo, de conformidad con lo establecido en el art\u00edculo 27, apartado B, fracci\u00f3n VI del CFF.<\/li>\n<\/ul>\n<p class=\"has-text-align-justify\">A este respecto el IMCP ya emiti\u00f3 en el 2021 el folio 73 con el Modelo sugerido de informe de atestiguamiento para capitalizaci\u00f3n de pasivo. Este folio incluye el modelo de informe de atestiguamiento, modelo de la carta de declaraciones de la Administraci\u00f3n y un ap\u00e9ndice con todos los datos del pasivo y de la documentaci\u00f3n soporte. En el comunicado se precisa que no se trata de un material de car\u00e1cter normativo o de aplicaci\u00f3n obligatoria, es solamente un modelo que puede usarse como una redacci\u00f3n sugerida.<\/p>\n<p class=\"has-text-align-justify\">El contribuyente deber\u00e1 mantener a disposici\u00f3n de la autoridad fiscal la certificaci\u00f3n correspondiente y la documentaci\u00f3n mencionada, as\u00ed como proporcionarla a requerimiento fiscal en el ejercicio de sus facultades.<\/p>\n<p><em><strong>Fecha de la certificaci\u00f3n<\/strong><\/em><\/p>\n<p class=\"has-text-align-justify\">El art. 30 CFF no especifica si la certificaci\u00f3n del pasivo deber\u00e1 realizarse antes o despu\u00e9s de realizada la capitalizaci\u00f3n, inclusive se identifica que no hay una fecha definida a partir de la cual se deba tener la certificaci\u00f3n tras la capitalizaci\u00f3n del pasivo, podemos concluir tomando en cuenta la fracci\u00f3n XIII de la regla 2.8.1.19. que la certificaci\u00f3n es posterior a la capitalizaci\u00f3n, pero no hay un plazo definido. Abona a lo anterior el hecho de que esta certificaci\u00f3n no tienen el prop\u00f3sito de demostrar fecha cierta del evento de capitalizaci\u00f3n, sino que los recursos, los c\u00e1lculos y el soporte documental tenga el atestiguamiento de un contador p\u00fablico.<\/p>\n<div role=\"main\" id=\"formulario-hable-con-un-consultor-ae82d54ba278267d0e94\"><\/div>\n<p><script type=\"text\/javascript\" src=\"https:\/\/d335luupugsy2.cloudfront.net\/js\/rdstation-forms\/stable\/rdstation-forms.min.js\"><\/script><br \/>\n<script type=\"text\/javascript\"> new RDStationForms('formulario-hable-con-un-consultor-ae82d54ba278267d0e94', 'null').createForm();<\/script><\/p>\n<p><em><strong>Plazo de conservaci\u00f3n de la certificaci\u00f3n<\/strong><\/em><\/p>\n<p class=\"has-text-align-justify\">Podemos concluir que no hay un plazo o fecha definida a partir de la cual se deba tener la certificaci\u00f3n tras la capitalizaci\u00f3n de un pasivo, sin embargo, debemos entender que la certificaci\u00f3n por CPI deber\u00e1 ser obtenida antes de que se ejerzan facultades de comprobaci\u00f3n y sea solicitada por la autoridad; adicional a que se debe de conservar como parte de la contabilidad durante todo el tiempo que subsista la sociedad.<\/p>\n<p><strong>AUREN M\u00c9XICO<\/strong><\/p>\n<p><!-- AddThis Advanced Settings generic via filter on the_content --><!-- AddThis Share Buttons generic via filter on the_content --><\/p>\n","protected":false},"excerpt":{"rendered":"<p>A partir del 1\u00ba de Enero del 2021, el art\u00edculo 30 del C\u00f3digo Fiscal de la Federaci\u00f3n (CFF), establece obligaciones adicionales para el caso de aumentos de capital social por [&hellip;]<\/p>\n","protected":false},"featured_media":4567,"template":"","meta":{"_acf_changed":false,"footnotes":""},"blog-category":[],"class_list":["post-4566","blog","type-blog","status-publish","has-post-thumbnail","hentry"],"acf":[],"yoast_head":"<!-- This site is optimized with the Yoast SEO plugin v27.4 - https:\/\/yoast.com\/product\/yoast-seo-wordpress\/ -->\n<title>Certificaci\u00f3n por Contador P\u00fablico Inscrito por la Capitalizaci\u00f3n de pasivos - Auren M\u00e9xico<\/title>\n<meta name=\"description\" content=\"A partir del 1\u00ba de Enero del 2021, el art\u00edculo 30 del C\u00f3digo Fiscal de la Federaci\u00f3n (CFF), establece obligaciones adicionales para el caso de aumentos de capital social por capitalizaci\u00f3n de pasivos, dicha reforma adquiere relevancia por tratarse de operaciones mercantiles que involucran princ...\" \/>\n<meta name=\"robots\" content=\"index, follow, max-snippet:-1, max-image-preview:large, max-video-preview:-1\" \/>\n<link rel=\"canonical\" href=\"https:\/\/auren.com\/mx\/blog\/certificacion-por-contador-publico-inscrito-por-la-capitalizacion-de-pasivos\/\" \/>\n<meta property=\"og:locale\" content=\"es_ES\" \/>\n<meta property=\"og:type\" content=\"article\" \/>\n<meta property=\"og:title\" content=\"Certificaci\u00f3n por Contador P\u00fablico Inscrito por la Capitalizaci\u00f3n de pasivos - Auren M\u00e9xico\" \/>\n<meta property=\"og:description\" content=\"A partir del 1\u00ba de Enero del 2021, el art\u00edculo 30 del C\u00f3digo Fiscal de la Federaci\u00f3n (CFF), establece obligaciones adicionales para el caso de aumentos de capital social por capitalizaci\u00f3n de pasivos, dicha reforma adquiere relevancia por tratarse de operaciones mercantiles que involucran princ...\" \/>\n<meta property=\"og:url\" content=\"https:\/\/auren.com\/mx\/blog\/certificacion-por-contador-publico-inscrito-por-la-capitalizacion-de-pasivos\/\" \/>\n<meta property=\"og:site_name\" content=\"Auren Mexico\" \/>\n<meta property=\"article:publisher\" content=\"https:\/\/www.facebook.com\/AurenMexico\/\" \/>\n<meta property=\"og:image\" content=\"https:\/\/auren.com\/mx\/wp-content\/uploads\/2024\/01\/blogs-auren-enero-2-1024x576.png\" \/>\n\t<meta property=\"og:image:width\" content=\"1024\" \/>\n\t<meta property=\"og:image:height\" content=\"576\" \/>\n\t<meta property=\"og:image:type\" content=\"image\/png\" \/>\n<meta name=\"twitter:card\" content=\"summary_large_image\" \/>\n<meta name=\"twitter:site\" content=\"@Auren_Mexico\" \/>\n<meta name=\"twitter:label1\" content=\"Tiempo de lectura\" \/>\n\t<meta name=\"twitter:data1\" content=\"8 minutos\" \/>\n<script type=\"application\/ld+json\" class=\"yoast-schema-graph\">{\"@context\":\"https:\\\/\\\/schema.org\",\"@graph\":[{\"@type\":\"WebPage\",\"@id\":\"https:\\\/\\\/auren.com\\\/mx\\\/blog\\\/certificacion-por-contador-publico-inscrito-por-la-capitalizacion-de-pasivos\\\/\",\"url\":\"https:\\\/\\\/auren.com\\\/mx\\\/blog\\\/certificacion-por-contador-publico-inscrito-por-la-capitalizacion-de-pasivos\\\/\",\"name\":\"Certificaci\u00f3n por Contador P\u00fablico Inscrito por la Capitalizaci\u00f3n de pasivos - Auren M\u00e9xico\",\"isPartOf\":{\"@id\":\"https:\\\/\\\/auren.com\\\/mx\\\/#website\"},\"primaryImageOfPage\":{\"@id\":\"https:\\\/\\\/auren.com\\\/mx\\\/blog\\\/certificacion-por-contador-publico-inscrito-por-la-capitalizacion-de-pasivos\\\/#primaryimage\"},\"image\":{\"@id\":\"https:\\\/\\\/auren.com\\\/mx\\\/blog\\\/certificacion-por-contador-publico-inscrito-por-la-capitalizacion-de-pasivos\\\/#primaryimage\"},\"thumbnailUrl\":\"https:\\\/\\\/auren.com\\\/mx\\\/wp-content\\\/uploads\\\/2024\\\/01\\\/blogs-auren-enero-2.png\",\"datePublished\":\"2024-01-16T12:41:30+00:00\",\"description\":\"A partir del 1\u00ba de Enero del 2021, el art\u00edculo 30 del C\u00f3digo Fiscal de la Federaci\u00f3n (CFF), establece obligaciones adicionales para el caso de aumentos de capital social por capitalizaci\u00f3n de pasivos, dicha reforma adquiere relevancia por tratarse de operaciones mercantiles que involucran princ...\",\"breadcrumb\":{\"@id\":\"https:\\\/\\\/auren.com\\\/mx\\\/blog\\\/certificacion-por-contador-publico-inscrito-por-la-capitalizacion-de-pasivos\\\/#breadcrumb\"},\"inLanguage\":\"es\",\"potentialAction\":[{\"@type\":\"ReadAction\",\"target\":[\"https:\\\/\\\/auren.com\\\/mx\\\/blog\\\/certificacion-por-contador-publico-inscrito-por-la-capitalizacion-de-pasivos\\\/\"]}]},{\"@type\":\"ImageObject\",\"inLanguage\":\"es\",\"@id\":\"https:\\\/\\\/auren.com\\\/mx\\\/blog\\\/certificacion-por-contador-publico-inscrito-por-la-capitalizacion-de-pasivos\\\/#primaryimage\",\"url\":\"https:\\\/\\\/auren.com\\\/mx\\\/wp-content\\\/uploads\\\/2024\\\/01\\\/blogs-auren-enero-2.png\",\"contentUrl\":\"https:\\\/\\\/auren.com\\\/mx\\\/wp-content\\\/uploads\\\/2024\\\/01\\\/blogs-auren-enero-2.png\",\"width\":2240,\"height\":1260},{\"@type\":\"BreadcrumbList\",\"@id\":\"https:\\\/\\\/auren.com\\\/mx\\\/blog\\\/certificacion-por-contador-publico-inscrito-por-la-capitalizacion-de-pasivos\\\/#breadcrumb\",\"itemListElement\":[{\"@type\":\"ListItem\",\"position\":1,\"name\":\"Portada\",\"item\":\"https:\\\/\\\/auren.com\\\/mx\\\/\"},{\"@type\":\"ListItem\",\"position\":2,\"name\":\"Certificaci\u00f3n por Contador P\u00fablico Inscrito por la Capitalizaci\u00f3n de pasivos\"}]},{\"@type\":\"WebSite\",\"@id\":\"https:\\\/\\\/auren.com\\\/mx\\\/#website\",\"url\":\"https:\\\/\\\/auren.com\\\/mx\\\/\",\"name\":\"Auren Mexico\",\"description\":\"\",\"publisher\":{\"@id\":\"https:\\\/\\\/auren.com\\\/mx\\\/#organization\"},\"potentialAction\":[{\"@type\":\"SearchAction\",\"target\":{\"@type\":\"EntryPoint\",\"urlTemplate\":\"https:\\\/\\\/auren.com\\\/mx\\\/?s={search_term_string}\"},\"query-input\":{\"@type\":\"PropertyValueSpecification\",\"valueRequired\":true,\"valueName\":\"search_term_string\"}}],\"inLanguage\":\"es\"},{\"@type\":\"Organization\",\"@id\":\"https:\\\/\\\/auren.com\\\/mx\\\/#organization\",\"name\":\"Auren Mexico\",\"url\":\"https:\\\/\\\/auren.com\\\/mx\\\/\",\"logo\":{\"@type\":\"ImageObject\",\"inLanguage\":\"es\",\"@id\":\"https:\\\/\\\/auren.com\\\/mx\\\/#\\\/schema\\\/logo\\\/image\\\/\",\"url\":\"https:\\\/\\\/auren.com\\\/mx\\\/wp-content\\\/uploads\\\/2025\\\/01\\\/cropped-cropped-favicon-Auren.png\",\"contentUrl\":\"https:\\\/\\\/auren.com\\\/mx\\\/wp-content\\\/uploads\\\/2025\\\/01\\\/cropped-cropped-favicon-Auren.png\",\"width\":512,\"height\":512,\"caption\":\"Auren Mexico\"},\"image\":{\"@id\":\"https:\\\/\\\/auren.com\\\/mx\\\/#\\\/schema\\\/logo\\\/image\\\/\"},\"sameAs\":[\"https:\\\/\\\/www.facebook.com\\\/AurenMexico\\\/\",\"https:\\\/\\\/x.com\\\/Auren_Mexico\",\"https:\\\/\\\/www.youtube.com\\\/channel\\\/UCcXaG4Mj_-dazS7WAz2qvKQ\",\"https:\\\/\\\/www.linkedin.com\\\/company\\\/auren-mxico\"]}]}<\/script>\n<!-- \/ Yoast SEO plugin. -->","yoast_head_json":{"title":"Certificaci\u00f3n por Contador P\u00fablico Inscrito por la Capitalizaci\u00f3n de pasivos - Auren M\u00e9xico","description":"A partir del 1\u00ba de Enero del 2021, el art\u00edculo 30 del C\u00f3digo Fiscal de la Federaci\u00f3n (CFF), establece obligaciones adicionales para el caso de aumentos de capital social por capitalizaci\u00f3n de pasivos, dicha reforma adquiere relevancia por tratarse de operaciones mercantiles que involucran princ...","robots":{"index":"index","follow":"follow","max-snippet":"max-snippet:-1","max-image-preview":"max-image-preview:large","max-video-preview":"max-video-preview:-1"},"canonical":"https:\/\/auren.com\/mx\/blog\/certificacion-por-contador-publico-inscrito-por-la-capitalizacion-de-pasivos\/","og_locale":"es_ES","og_type":"article","og_title":"Certificaci\u00f3n por Contador P\u00fablico Inscrito por la Capitalizaci\u00f3n de pasivos - Auren M\u00e9xico","og_description":"A partir del 1\u00ba de Enero del 2021, el art\u00edculo 30 del C\u00f3digo Fiscal de la Federaci\u00f3n (CFF), establece obligaciones adicionales para el caso de aumentos de capital social por capitalizaci\u00f3n de pasivos, dicha reforma adquiere relevancia por tratarse de operaciones mercantiles que involucran princ...","og_url":"https:\/\/auren.com\/mx\/blog\/certificacion-por-contador-publico-inscrito-por-la-capitalizacion-de-pasivos\/","og_site_name":"Auren Mexico","article_publisher":"https:\/\/www.facebook.com\/AurenMexico\/","og_image":[{"width":1024,"height":576,"url":"https:\/\/auren.com\/mx\/wp-content\/uploads\/2024\/01\/blogs-auren-enero-2-1024x576.png","type":"image\/png"}],"twitter_card":"summary_large_image","twitter_site":"@Auren_Mexico","twitter_misc":{"Tiempo de lectura":"8 minutos"},"schema":{"@context":"https:\/\/schema.org","@graph":[{"@type":"WebPage","@id":"https:\/\/auren.com\/mx\/blog\/certificacion-por-contador-publico-inscrito-por-la-capitalizacion-de-pasivos\/","url":"https:\/\/auren.com\/mx\/blog\/certificacion-por-contador-publico-inscrito-por-la-capitalizacion-de-pasivos\/","name":"Certificaci\u00f3n por Contador P\u00fablico Inscrito por la Capitalizaci\u00f3n de pasivos - Auren M\u00e9xico","isPartOf":{"@id":"https:\/\/auren.com\/mx\/#website"},"primaryImageOfPage":{"@id":"https:\/\/auren.com\/mx\/blog\/certificacion-por-contador-publico-inscrito-por-la-capitalizacion-de-pasivos\/#primaryimage"},"image":{"@id":"https:\/\/auren.com\/mx\/blog\/certificacion-por-contador-publico-inscrito-por-la-capitalizacion-de-pasivos\/#primaryimage"},"thumbnailUrl":"https:\/\/auren.com\/mx\/wp-content\/uploads\/2024\/01\/blogs-auren-enero-2.png","datePublished":"2024-01-16T12:41:30+00:00","description":"A partir del 1\u00ba de Enero del 2021, el art\u00edculo 30 del C\u00f3digo Fiscal de la Federaci\u00f3n (CFF), establece obligaciones adicionales para el caso de aumentos de capital social por capitalizaci\u00f3n de pasivos, dicha reforma adquiere relevancia por tratarse de operaciones mercantiles que involucran princ...","breadcrumb":{"@id":"https:\/\/auren.com\/mx\/blog\/certificacion-por-contador-publico-inscrito-por-la-capitalizacion-de-pasivos\/#breadcrumb"},"inLanguage":"es","potentialAction":[{"@type":"ReadAction","target":["https:\/\/auren.com\/mx\/blog\/certificacion-por-contador-publico-inscrito-por-la-capitalizacion-de-pasivos\/"]}]},{"@type":"ImageObject","inLanguage":"es","@id":"https:\/\/auren.com\/mx\/blog\/certificacion-por-contador-publico-inscrito-por-la-capitalizacion-de-pasivos\/#primaryimage","url":"https:\/\/auren.com\/mx\/wp-content\/uploads\/2024\/01\/blogs-auren-enero-2.png","contentUrl":"https:\/\/auren.com\/mx\/wp-content\/uploads\/2024\/01\/blogs-auren-enero-2.png","width":2240,"height":1260},{"@type":"BreadcrumbList","@id":"https:\/\/auren.com\/mx\/blog\/certificacion-por-contador-publico-inscrito-por-la-capitalizacion-de-pasivos\/#breadcrumb","itemListElement":[{"@type":"ListItem","position":1,"name":"Portada","item":"https:\/\/auren.com\/mx\/"},{"@type":"ListItem","position":2,"name":"Certificaci\u00f3n por Contador P\u00fablico Inscrito por la Capitalizaci\u00f3n de pasivos"}]},{"@type":"WebSite","@id":"https:\/\/auren.com\/mx\/#website","url":"https:\/\/auren.com\/mx\/","name":"Auren Mexico","description":"","publisher":{"@id":"https:\/\/auren.com\/mx\/#organization"},"potentialAction":[{"@type":"SearchAction","target":{"@type":"EntryPoint","urlTemplate":"https:\/\/auren.com\/mx\/?s={search_term_string}"},"query-input":{"@type":"PropertyValueSpecification","valueRequired":true,"valueName":"search_term_string"}}],"inLanguage":"es"},{"@type":"Organization","@id":"https:\/\/auren.com\/mx\/#organization","name":"Auren Mexico","url":"https:\/\/auren.com\/mx\/","logo":{"@type":"ImageObject","inLanguage":"es","@id":"https:\/\/auren.com\/mx\/#\/schema\/logo\/image\/","url":"https:\/\/auren.com\/mx\/wp-content\/uploads\/2025\/01\/cropped-cropped-favicon-Auren.png","contentUrl":"https:\/\/auren.com\/mx\/wp-content\/uploads\/2025\/01\/cropped-cropped-favicon-Auren.png","width":512,"height":512,"caption":"Auren Mexico"},"image":{"@id":"https:\/\/auren.com\/mx\/#\/schema\/logo\/image\/"},"sameAs":["https:\/\/www.facebook.com\/AurenMexico\/","https:\/\/x.com\/Auren_Mexico","https:\/\/www.youtube.com\/channel\/UCcXaG4Mj_-dazS7WAz2qvKQ","https:\/\/www.linkedin.com\/company\/auren-mxico"]}]}},"_links":{"self":[{"href":"https:\/\/auren.com\/mx\/wp-json\/wp\/v2\/blog\/4566","targetHints":{"allow":["GET"]}}],"collection":[{"href":"https:\/\/auren.com\/mx\/wp-json\/wp\/v2\/blog"}],"about":[{"href":"https:\/\/auren.com\/mx\/wp-json\/wp\/v2\/types\/blog"}],"version-history":[{"count":0,"href":"https:\/\/auren.com\/mx\/wp-json\/wp\/v2\/blog\/4566\/revisions"}],"wp:featuredmedia":[{"embeddable":true,"href":"https:\/\/auren.com\/mx\/wp-json\/wp\/v2\/media\/4567"}],"wp:attachment":[{"href":"https:\/\/auren.com\/mx\/wp-json\/wp\/v2\/media?parent=4566"}],"wp:term":[{"taxonomy":"blog-category","embeddable":true,"href":"https:\/\/auren.com\/mx\/wp-json\/wp\/v2\/blog-category?post=4566"}],"curies":[{"name":"wp","href":"https:\/\/api.w.org\/{rel}","templated":true}]}}