{"id":4569,"date":"2024-01-10T15:02:39","date_gmt":"2024-01-10T14:02:39","guid":{"rendered":"https:\/\/auren.com\/mx\/blog\/sat-implementa-mejoras-para-presentar-la-declaracion-anual-2023-de-personas-morales\/"},"modified":"2024-01-10T15:02:39","modified_gmt":"2024-01-10T14:02:39","slug":"sat-implementa-mejoras-para-presentar-la-declaracion-anual-2023-de-personas-morales","status":"publish","type":"blog","link":"https:\/\/auren.com\/mx\/blog\/sat-implementa-mejoras-para-presentar-la-declaracion-anual-2023-de-personas-morales\/","title":{"rendered":"SAT implementa mejoras para presentar la Declaraci\u00f3n Anual 2023 de personas morales"},"content":{"rendered":"<p class=\"has-text-align-justify\">Lo anterior ha sido dado a conocer por el SAT a trav\u00e9s de comunicado de prensa fechado el 4 de enero de 2024<\/p>\n<p class=\"has-text-align-justify\">Desde el 1 de enero hasta el 1 de abril de 2024, las personas morales tienen la oportunidad de presentar su Declaraci\u00f3n Anual correspondiente al ejercicio fiscal de 2023.<\/p>\n<p class=\"has-text-align-justify\">Con el prop\u00f3sito de simplificar y agilizar este proceso, el Servicio de Administraci\u00f3n Tributaria (SAT) ha implementado una serie de actualizaciones y mejoras significativas. Entre ellas, se destacan las siguientes:<\/p>\n<ul>\n<li><strong>Inclusi\u00f3n de P\u00e9rdidas Fiscales<\/strong>: Ahora es posible agregar manualmente las p\u00e9rdidas fiscales pendientes de amortizaci\u00f3n no reflejadas autom\u00e1ticamente en el formulario. Esto aplica especialmente a las p\u00e9rdidas generadas entre los a\u00f1os 2013 y 2021.<\/li>\n<li><strong>Actualizaci\u00f3n de P\u00e9rdidas Fiscales<\/strong>: Se ha incorporado la opci\u00f3n de incluir la primera y segunda actualizaci\u00f3n de la p\u00e9rdida fiscal por amortizar, particularmente si esta se origin\u00f3 en el ejercicio fiscal inmediatamente anterior.<\/li>\n<li><strong>Simplificaci\u00f3n de Estados Financieros<\/strong>: Se ha eliminado la necesidad de presentar el \u201cEstado de flujo de efectivo\u201d y el \u201cEstado de cambios en el capital contable\u201d, facilitando as\u00ed el proceso de declaraci\u00f3n.<\/li>\n<li><strong>Precarga de Informaci\u00f3n Financiera<\/strong>: Los estados financieros que se mantienen ser\u00e1n pre-cargados con la informaci\u00f3n correspondiente al ejercicio anterior, para mayor comodidad y eficiencia.<\/li>\n<li><strong>Incorporaci\u00f3n de Nuevas Deducciones<\/strong>: Se ha a\u00f1adido la posibilidad de deducir inmediatamente las inversiones contempladas en el Decreto de Relocalizaci\u00f3n (publicado el 11 de octubre de 2023), as\u00ed como los beneficios fiscales otorgados a los afectados por el Hurac\u00e1n Otis. Esto aplica tanto para el R\u00e9gimen General de Ley como para el R\u00e9gimen Simplificado de Confianza (RESICO).<\/li>\n<li><strong>Optimizaci\u00f3n del Formato de Impresi\u00f3n<\/strong>: Se ha reducido el formato de impresi\u00f3n para facilitar la identificaci\u00f3n y aplicaci\u00f3n de ciertas deducciones.<\/li>\n<li><strong>Renovaci\u00f3n en la Presentaci\u00f3n de Estados Financieros<\/strong>: El formato de los estados financieros ha sido actualizado para ofrecer una visualizaci\u00f3n m\u00e1s clara y precisa de la informaci\u00f3n del contribuyente.<\/li>\n<\/ul>\n<p class=\"has-text-align-justify\">Es esencial que los contribuyentes posean una firma electr\u00f3nica (e.firma) y est\u00e9n al d\u00eda con sus obligaciones tributarias previas, incluyendo declaraciones de pagos provisionales, declaraciones anuales de ISR, y otras retenciones pertinentes.<\/p>\n<p class=\"has-text-align-justify\">Adem\u00e1s, es crucial contar con un servicio de banca electr\u00f3nica, ya que cualquier saldo a pagar deber\u00e1 realizarse mediante transferencia electr\u00f3nica a trav\u00e9s del banco de preferencia del contribuyente. Estas actualizaciones buscan mejorar la experiencia del usuario y eficientar el cumplimiento de las obligaciones fiscales.<\/p>\n<div role=\"main\" id=\"formulario-hable-con-un-consultor-ae82d54ba278267d0e94\"><\/div>\n<p><script type=\"text\/javascript\" src=\"https:\/\/d335luupugsy2.cloudfront.net\/js\/rdstation-forms\/stable\/rdstation-forms.min.js\"><\/script><br \/>\n<script type=\"text\/javascript\"> new RDStationForms('formulario-hable-con-un-consultor-ae82d54ba278267d0e94', 'null').createForm();<\/script><\/p>\n<p class=\"has-text-align-justify\">Es importante destacar que a\u00fan y cuando el formato en cuesti\u00f3n presenta mejoras importantes en cuanto a la simplificaci\u00f3n en su llenado, los papeles de trabajo que son la fuente de la informaci\u00f3n deben contar con todos los amarres respecto ingresos y deducciones, cruces contra las bases de datos del SAT, an\u00e1lisis de deducciones espec\u00edficas y no perder de vista que se deben incluir las cuentas de utilidad fiscal neta y cuenta de capital de aportaci\u00f3n.<\/p>\n<p><strong>AUREN M\u00c9XICO<\/strong><\/p>\n<p><!-- AddThis Advanced Settings generic via filter on the_content --><!-- AddThis Share Buttons generic via filter on the_content --><\/p>\n","protected":false},"excerpt":{"rendered":"<p>Lo anterior ha sido dado a conocer por el SAT a trav\u00e9s de comunicado de prensa fechado el 4 de enero de 2024 Desde el 1 de enero hasta el [&hellip;]<\/p>\n","protected":false},"featured_media":4570,"template":"","meta":{"_acf_changed":false,"footnotes":""},"blog-category":[],"class_list":["post-4569","blog","type-blog","status-publish","has-post-thumbnail","hentry"],"acf":[],"yoast_head":"<!-- This site is optimized with the Yoast SEO plugin v27.4 - https:\/\/yoast.com\/product\/yoast-seo-wordpress\/ -->\n<title>SAT implementa mejoras para presentar la Declaraci\u00f3n Anual 2023 de personas morales - Auren M\u00e9xico<\/title>\n<meta name=\"description\" content=\"Desde el 1 de enero hasta el 1 de abril de 2024, las personas morales tienen la oportunidad de presentar su Declaraci\u00f3n Anual correspondiente al ejercicio fiscal de 2023.Con el prop\u00f3sito de simplificar y agilizar este proceso, el Servicio de Administraci\u00f3n Tributaria (SAT) ha implementado una ser...\" \/>\n<meta name=\"robots\" content=\"index, follow, max-snippet:-1, max-image-preview:large, max-video-preview:-1\" \/>\n<link rel=\"canonical\" href=\"https:\/\/auren.com\/mx\/blog\/sat-implementa-mejoras-para-presentar-la-declaracion-anual-2023-de-personas-morales\/\" \/>\n<meta property=\"og:locale\" content=\"es_ES\" \/>\n<meta property=\"og:type\" content=\"article\" \/>\n<meta property=\"og:title\" content=\"SAT implementa mejoras para presentar la Declaraci\u00f3n Anual 2023 de personas morales - Auren M\u00e9xico\" \/>\n<meta property=\"og:description\" content=\"Desde el 1 de enero hasta el 1 de abril de 2024, las personas morales tienen la oportunidad de presentar su Declaraci\u00f3n Anual correspondiente al ejercicio fiscal de 2023.Con el prop\u00f3sito de simplificar y agilizar este proceso, el Servicio de Administraci\u00f3n Tributaria (SAT) ha implementado una ser...\" \/>\n<meta property=\"og:url\" content=\"https:\/\/auren.com\/mx\/blog\/sat-implementa-mejoras-para-presentar-la-declaracion-anual-2023-de-personas-morales\/\" \/>\n<meta property=\"og:site_name\" content=\"Auren Mexico\" \/>\n<meta property=\"article:publisher\" content=\"https:\/\/www.facebook.com\/AurenMexico\/\" \/>\n<meta property=\"og:image\" content=\"https:\/\/auren.com\/mx\/wp-content\/uploads\/2024\/01\/Declaracion-Anual-1-1024x576.png\" \/>\n\t<meta property=\"og:image:width\" content=\"1024\" \/>\n\t<meta property=\"og:image:height\" content=\"576\" \/>\n\t<meta property=\"og:image:type\" content=\"image\/png\" \/>\n<meta name=\"twitter:card\" content=\"summary_large_image\" \/>\n<meta name=\"twitter:site\" content=\"@Auren_Mexico\" \/>\n<meta name=\"twitter:label1\" content=\"Tiempo de lectura\" \/>\n\t<meta name=\"twitter:data1\" content=\"3 minutos\" \/>\n<script type=\"application\/ld+json\" class=\"yoast-schema-graph\">{\"@context\":\"https:\\\/\\\/schema.org\",\"@graph\":[{\"@type\":\"WebPage\",\"@id\":\"https:\\\/\\\/auren.com\\\/mx\\\/blog\\\/sat-implementa-mejoras-para-presentar-la-declaracion-anual-2023-de-personas-morales\\\/\",\"url\":\"https:\\\/\\\/auren.com\\\/mx\\\/blog\\\/sat-implementa-mejoras-para-presentar-la-declaracion-anual-2023-de-personas-morales\\\/\",\"name\":\"SAT implementa mejoras para presentar la Declaraci\u00f3n Anual 2023 de personas morales - Auren M\u00e9xico\",\"isPartOf\":{\"@id\":\"https:\\\/\\\/auren.com\\\/mx\\\/#website\"},\"primaryImageOfPage\":{\"@id\":\"https:\\\/\\\/auren.com\\\/mx\\\/blog\\\/sat-implementa-mejoras-para-presentar-la-declaracion-anual-2023-de-personas-morales\\\/#primaryimage\"},\"image\":{\"@id\":\"https:\\\/\\\/auren.com\\\/mx\\\/blog\\\/sat-implementa-mejoras-para-presentar-la-declaracion-anual-2023-de-personas-morales\\\/#primaryimage\"},\"thumbnailUrl\":\"https:\\\/\\\/auren.com\\\/mx\\\/wp-content\\\/uploads\\\/2024\\\/01\\\/Declaracion-Anual-1.png\",\"datePublished\":\"2024-01-10T14:02:39+00:00\",\"description\":\"Desde el 1 de enero hasta el 1 de abril de 2024, las personas morales tienen la oportunidad de presentar su Declaraci\u00f3n Anual correspondiente al ejercicio fiscal de 2023.Con el prop\u00f3sito de simplificar y agilizar este proceso, el Servicio de Administraci\u00f3n Tributaria (SAT) ha implementado una ser...\",\"breadcrumb\":{\"@id\":\"https:\\\/\\\/auren.com\\\/mx\\\/blog\\\/sat-implementa-mejoras-para-presentar-la-declaracion-anual-2023-de-personas-morales\\\/#breadcrumb\"},\"inLanguage\":\"es\",\"potentialAction\":[{\"@type\":\"ReadAction\",\"target\":[\"https:\\\/\\\/auren.com\\\/mx\\\/blog\\\/sat-implementa-mejoras-para-presentar-la-declaracion-anual-2023-de-personas-morales\\\/\"]}]},{\"@type\":\"ImageObject\",\"inLanguage\":\"es\",\"@id\":\"https:\\\/\\\/auren.com\\\/mx\\\/blog\\\/sat-implementa-mejoras-para-presentar-la-declaracion-anual-2023-de-personas-morales\\\/#primaryimage\",\"url\":\"https:\\\/\\\/auren.com\\\/mx\\\/wp-content\\\/uploads\\\/2024\\\/01\\\/Declaracion-Anual-1.png\",\"contentUrl\":\"https:\\\/\\\/auren.com\\\/mx\\\/wp-content\\\/uploads\\\/2024\\\/01\\\/Declaracion-Anual-1.png\",\"width\":2240,\"height\":1260},{\"@type\":\"BreadcrumbList\",\"@id\":\"https:\\\/\\\/auren.com\\\/mx\\\/blog\\\/sat-implementa-mejoras-para-presentar-la-declaracion-anual-2023-de-personas-morales\\\/#breadcrumb\",\"itemListElement\":[{\"@type\":\"ListItem\",\"position\":1,\"name\":\"Portada\",\"item\":\"https:\\\/\\\/auren.com\\\/mx\\\/\"},{\"@type\":\"ListItem\",\"position\":2,\"name\":\"SAT implementa mejoras para presentar la Declaraci\u00f3n Anual 2023 de personas morales\"}]},{\"@type\":\"WebSite\",\"@id\":\"https:\\\/\\\/auren.com\\\/mx\\\/#website\",\"url\":\"https:\\\/\\\/auren.com\\\/mx\\\/\",\"name\":\"Auren Mexico\",\"description\":\"\",\"publisher\":{\"@id\":\"https:\\\/\\\/auren.com\\\/mx\\\/#organization\"},\"potentialAction\":[{\"@type\":\"SearchAction\",\"target\":{\"@type\":\"EntryPoint\",\"urlTemplate\":\"https:\\\/\\\/auren.com\\\/mx\\\/?s={search_term_string}\"},\"query-input\":{\"@type\":\"PropertyValueSpecification\",\"valueRequired\":true,\"valueName\":\"search_term_string\"}}],\"inLanguage\":\"es\"},{\"@type\":\"Organization\",\"@id\":\"https:\\\/\\\/auren.com\\\/mx\\\/#organization\",\"name\":\"Auren Mexico\",\"url\":\"https:\\\/\\\/auren.com\\\/mx\\\/\",\"logo\":{\"@type\":\"ImageObject\",\"inLanguage\":\"es\",\"@id\":\"https:\\\/\\\/auren.com\\\/mx\\\/#\\\/schema\\\/logo\\\/image\\\/\",\"url\":\"https:\\\/\\\/auren.com\\\/mx\\\/wp-content\\\/uploads\\\/2025\\\/01\\\/cropped-cropped-favicon-Auren.png\",\"contentUrl\":\"https:\\\/\\\/auren.com\\\/mx\\\/wp-content\\\/uploads\\\/2025\\\/01\\\/cropped-cropped-favicon-Auren.png\",\"width\":512,\"height\":512,\"caption\":\"Auren Mexico\"},\"image\":{\"@id\":\"https:\\\/\\\/auren.com\\\/mx\\\/#\\\/schema\\\/logo\\\/image\\\/\"},\"sameAs\":[\"https:\\\/\\\/www.facebook.com\\\/AurenMexico\\\/\",\"https:\\\/\\\/x.com\\\/Auren_Mexico\",\"https:\\\/\\\/www.youtube.com\\\/channel\\\/UCcXaG4Mj_-dazS7WAz2qvKQ\",\"https:\\\/\\\/www.linkedin.com\\\/company\\\/auren-mxico\"]}]}<\/script>\n<!-- \/ Yoast SEO plugin. -->","yoast_head_json":{"title":"SAT implementa mejoras para presentar la Declaraci\u00f3n Anual 2023 de personas morales - Auren M\u00e9xico","description":"Desde el 1 de enero hasta el 1 de abril de 2024, las personas morales tienen la oportunidad de presentar su Declaraci\u00f3n Anual correspondiente al ejercicio fiscal de 2023.Con el prop\u00f3sito de simplificar y agilizar este proceso, el Servicio de Administraci\u00f3n Tributaria (SAT) ha implementado una ser...","robots":{"index":"index","follow":"follow","max-snippet":"max-snippet:-1","max-image-preview":"max-image-preview:large","max-video-preview":"max-video-preview:-1"},"canonical":"https:\/\/auren.com\/mx\/blog\/sat-implementa-mejoras-para-presentar-la-declaracion-anual-2023-de-personas-morales\/","og_locale":"es_ES","og_type":"article","og_title":"SAT implementa mejoras para presentar la Declaraci\u00f3n Anual 2023 de personas morales - Auren M\u00e9xico","og_description":"Desde el 1 de enero hasta el 1 de abril de 2024, las personas morales tienen la oportunidad de presentar su Declaraci\u00f3n Anual correspondiente al ejercicio fiscal de 2023.Con el prop\u00f3sito de simplificar y agilizar este proceso, el Servicio de Administraci\u00f3n Tributaria (SAT) ha implementado una ser...","og_url":"https:\/\/auren.com\/mx\/blog\/sat-implementa-mejoras-para-presentar-la-declaracion-anual-2023-de-personas-morales\/","og_site_name":"Auren Mexico","article_publisher":"https:\/\/www.facebook.com\/AurenMexico\/","og_image":[{"width":1024,"height":576,"url":"https:\/\/auren.com\/mx\/wp-content\/uploads\/2024\/01\/Declaracion-Anual-1-1024x576.png","type":"image\/png"}],"twitter_card":"summary_large_image","twitter_site":"@Auren_Mexico","twitter_misc":{"Tiempo de lectura":"3 minutos"},"schema":{"@context":"https:\/\/schema.org","@graph":[{"@type":"WebPage","@id":"https:\/\/auren.com\/mx\/blog\/sat-implementa-mejoras-para-presentar-la-declaracion-anual-2023-de-personas-morales\/","url":"https:\/\/auren.com\/mx\/blog\/sat-implementa-mejoras-para-presentar-la-declaracion-anual-2023-de-personas-morales\/","name":"SAT implementa mejoras para presentar la Declaraci\u00f3n Anual 2023 de personas morales - Auren M\u00e9xico","isPartOf":{"@id":"https:\/\/auren.com\/mx\/#website"},"primaryImageOfPage":{"@id":"https:\/\/auren.com\/mx\/blog\/sat-implementa-mejoras-para-presentar-la-declaracion-anual-2023-de-personas-morales\/#primaryimage"},"image":{"@id":"https:\/\/auren.com\/mx\/blog\/sat-implementa-mejoras-para-presentar-la-declaracion-anual-2023-de-personas-morales\/#primaryimage"},"thumbnailUrl":"https:\/\/auren.com\/mx\/wp-content\/uploads\/2024\/01\/Declaracion-Anual-1.png","datePublished":"2024-01-10T14:02:39+00:00","description":"Desde el 1 de enero hasta el 1 de abril de 2024, las personas morales tienen la oportunidad de presentar su Declaraci\u00f3n Anual correspondiente al ejercicio fiscal de 2023.Con el prop\u00f3sito de simplificar y agilizar este proceso, el Servicio de Administraci\u00f3n Tributaria (SAT) ha implementado una ser...","breadcrumb":{"@id":"https:\/\/auren.com\/mx\/blog\/sat-implementa-mejoras-para-presentar-la-declaracion-anual-2023-de-personas-morales\/#breadcrumb"},"inLanguage":"es","potentialAction":[{"@type":"ReadAction","target":["https:\/\/auren.com\/mx\/blog\/sat-implementa-mejoras-para-presentar-la-declaracion-anual-2023-de-personas-morales\/"]}]},{"@type":"ImageObject","inLanguage":"es","@id":"https:\/\/auren.com\/mx\/blog\/sat-implementa-mejoras-para-presentar-la-declaracion-anual-2023-de-personas-morales\/#primaryimage","url":"https:\/\/auren.com\/mx\/wp-content\/uploads\/2024\/01\/Declaracion-Anual-1.png","contentUrl":"https:\/\/auren.com\/mx\/wp-content\/uploads\/2024\/01\/Declaracion-Anual-1.png","width":2240,"height":1260},{"@type":"BreadcrumbList","@id":"https:\/\/auren.com\/mx\/blog\/sat-implementa-mejoras-para-presentar-la-declaracion-anual-2023-de-personas-morales\/#breadcrumb","itemListElement":[{"@type":"ListItem","position":1,"name":"Portada","item":"https:\/\/auren.com\/mx\/"},{"@type":"ListItem","position":2,"name":"SAT implementa mejoras para presentar la Declaraci\u00f3n Anual 2023 de personas morales"}]},{"@type":"WebSite","@id":"https:\/\/auren.com\/mx\/#website","url":"https:\/\/auren.com\/mx\/","name":"Auren Mexico","description":"","publisher":{"@id":"https:\/\/auren.com\/mx\/#organization"},"potentialAction":[{"@type":"SearchAction","target":{"@type":"EntryPoint","urlTemplate":"https:\/\/auren.com\/mx\/?s={search_term_string}"},"query-input":{"@type":"PropertyValueSpecification","valueRequired":true,"valueName":"search_term_string"}}],"inLanguage":"es"},{"@type":"Organization","@id":"https:\/\/auren.com\/mx\/#organization","name":"Auren Mexico","url":"https:\/\/auren.com\/mx\/","logo":{"@type":"ImageObject","inLanguage":"es","@id":"https:\/\/auren.com\/mx\/#\/schema\/logo\/image\/","url":"https:\/\/auren.com\/mx\/wp-content\/uploads\/2025\/01\/cropped-cropped-favicon-Auren.png","contentUrl":"https:\/\/auren.com\/mx\/wp-content\/uploads\/2025\/01\/cropped-cropped-favicon-Auren.png","width":512,"height":512,"caption":"Auren Mexico"},"image":{"@id":"https:\/\/auren.com\/mx\/#\/schema\/logo\/image\/"},"sameAs":["https:\/\/www.facebook.com\/AurenMexico\/","https:\/\/x.com\/Auren_Mexico","https:\/\/www.youtube.com\/channel\/UCcXaG4Mj_-dazS7WAz2qvKQ","https:\/\/www.linkedin.com\/company\/auren-mxico"]}]}},"_links":{"self":[{"href":"https:\/\/auren.com\/mx\/wp-json\/wp\/v2\/blog\/4569","targetHints":{"allow":["GET"]}}],"collection":[{"href":"https:\/\/auren.com\/mx\/wp-json\/wp\/v2\/blog"}],"about":[{"href":"https:\/\/auren.com\/mx\/wp-json\/wp\/v2\/types\/blog"}],"version-history":[{"count":0,"href":"https:\/\/auren.com\/mx\/wp-json\/wp\/v2\/blog\/4569\/revisions"}],"wp:featuredmedia":[{"embeddable":true,"href":"https:\/\/auren.com\/mx\/wp-json\/wp\/v2\/media\/4570"}],"wp:attachment":[{"href":"https:\/\/auren.com\/mx\/wp-json\/wp\/v2\/media?parent=4569"}],"wp:term":[{"taxonomy":"blog-category","embeddable":true,"href":"https:\/\/auren.com\/mx\/wp-json\/wp\/v2\/blog-category?post=4569"}],"curies":[{"name":"wp","href":"https:\/\/api.w.org\/{rel}","templated":true}]}}