{"id":4619,"date":"2023-08-14T13:58:23","date_gmt":"2023-08-14T11:58:23","guid":{"rendered":"https:\/\/auren.com\/mx\/blog\/valuacion-actuarial-nif-d3-como-afecta-a-tu-negocio\/"},"modified":"2023-08-14T13:58:23","modified_gmt":"2023-08-14T11:58:23","slug":"valuacion-actuarial-nif-d3-como-afecta-a-tu-negocio","status":"publish","type":"blog","link":"https:\/\/auren.com\/mx\/blog\/valuacion-actuarial-nif-d3-como-afecta-a-tu-negocio\/","title":{"rendered":"Valuaci\u00f3n Actuarial NIF D3: \u00bfC\u00f3mo Afecta a tu Negocio?"},"content":{"rendered":"<p class=\"has-text-align-justify\">En primer lugar, es fundamental comprender qu\u00e9 son los pasivos laborales y por qu\u00e9 deben ser valorados correctamente. Los pasivos laborales son las obligaciones futuras que una empresa tiene con sus empleados, derivadas de acuerdos o contratos laborales. Estas obligaciones pueden incluir prestaciones como pensiones, jubilaciones, indemnizaciones, bonos, entre otros. La valuaci\u00f3n adecuada de estos pasivos es esencial para que las empresas cuenten con informaci\u00f3n financiera precisa y confiable, lo cual es fundamental para la toma de decisiones tanto internas como externas.<\/p>\n<p class=\"has-text-align-justify\">La valuaci\u00f3n de pasivos laborales es un aspecto crucial en el \u00e1mbito contable y financiero de cualquier organizaci\u00f3n, ya que representa una obligaci\u00f3n futura que debe ser adecuadamente registrada y valorada en los estados financieros. En M\u00e9xico, esta valuaci\u00f3n se rige por la Norma de Informaci\u00f3n Financiera (NIF D-3), la cual establece los lineamientos para el reconocimiento, medici\u00f3n y revelaci\u00f3n de los pasivos laborales.<\/p>\n<p class=\"has-text-align-justify\">La importancia de la valuaci\u00f3n de pasivos laborales bajo la NIF D-3 radica en que permite a las empresas reflejar de manera adecuada su situaci\u00f3n financiera y su capacidad real para cumplir con dichas obligaciones a largo plazo. Esta norma busca garantizar la transparencia y la comparabilidad de los estados financieros, brindando a los inversionistas y otros usuarios de la informaci\u00f3n una visi\u00f3n clara y precisa de la posici\u00f3n financiera de la empresa.<\/p>\n<p class=\"has-text-align-justify\">Una de las caracter\u00edsticas m\u00e1s destacadas de la NIF D-3 es su enfoque en la valoraci\u00f3n actuarial de los pasivos laborales. Esto implica que las empresas deben contratar los servicios de un actuario, quien aplicar\u00e1 m\u00e9todos y t\u00e9cnicas estad\u00edsticas para calcular el monto presente de las obligaciones laborales futuras. El actuario considerar\u00e1 factores como la edad, el tiempo de servicio, la tasa de rotaci\u00f3n, las tasas de mortalidad y las tasas de inter\u00e9s, entre otros, para determinar el monto adecuado a reconocer en los estados financieros.<\/p>\n<p class=\"has-text-align-justify\">La correcta valuaci\u00f3n de los pasivos laborales es esencial para evitar distorsiones en la informaci\u00f3n financiera de la empresa. Si estos pasivos no se valoran de manera precisa, podr\u00edan subestimarse o sobreestimarse, lo cual afectar\u00eda la toma de decisiones de los inversionistas y otros interesados. Adem\u00e1s, el incumplimiento de la normativa contable puede generar sanciones legales y perjudicar la reputaci\u00f3n de la empresa.<\/p>\n<p class=\"has-text-align-justify\">En M\u00e9xico, la NIF D-3 establece que los pasivos laborales deben ser valuados utilizando el m\u00e9todo de proyecci\u00f3n unitaria, el cual considera las obligaciones individuales de cada empleado y las proyecta al futuro. Este enfoque garantiza que cada empleado sea tratado de manera justa y que las obligaciones laborales sean reconocidas de manera adecuada.<\/p>\n<p class=\"has-text-align-justify\">Adem\u00e1s, la NIF D-3 exige que las empresas revelen informaci\u00f3n relevante sobre los pasivos laborales en sus notas a los estados financieros, proporcionando detalles sobre los supuestos utilizados en la valuaci\u00f3n, las tasas de descuento aplicadas y cualquier otro factor que pueda afectar la medici\u00f3n de los pasivos. Esta revelaci\u00f3n adicional brinda mayor transparencia y permite a los usuarios de la informaci\u00f3n evaluar adecuadamente la solvencia y la capacidad de la empresa para cumplir con sus obligaciones laborales.<\/p>\n<p class=\"has-text-align-justify\">Otro aspecto importante de la valuaci\u00f3n de pasivos laborales bajo la NIF D-3 es la actualizaci\u00f3n peri\u00f3dica de dicha valuaci\u00f3n. La norma establece que las empresas deben revisar y ajustar sus c\u00e1lculos de manera regular, al menos una vez al a\u00f1o, para reflejar cambios en los supuestos y en las condiciones econ\u00f3micas y demogr\u00e1ficas. Esto asegura que la valuaci\u00f3n de los pasivos sea actualizada y refleje de manera precisa la realidad financiera de la empresa.<\/p>\n<p><strong>C\u00f3mo ejecutar una valuaci\u00f3n de pasivos laborales<\/strong><\/p>\n<p class=\"has-text-align-justify\">Realizar una correcta valuaci\u00f3n de pasivos laborales implica seguir una serie de pasos y consideraciones importantes. A continuaci\u00f3n, se describir\u00e1 un proceso general para llevar a cabo esta tarea de manera eficiente y precisa.<\/p>\n<ol>\n<li>Identificar los pasivos laborales relevantes: El primer paso consiste en identificar todos los pasivos laborales que la empresa tiene actualmente. Esto implica revisar los contratos de trabajo, acuerdos colectivos, pol\u00edticas internas y cualquier otro documento que establezca las obligaciones de la empresa con sus empleados. Es importante considerar tanto los pasivos actuales como los futuros, es decir, aquellos que se generar\u00e1n por empleados que ya est\u00e1n trabajando pero que a\u00fan no han cumplido los requisitos para recibir los beneficios<\/li>\n<li>Obtener informaci\u00f3n relevante: Una vez identificados los pasivos laborales, es necesario recopilar la informaci\u00f3n necesaria para su valuaci\u00f3n. Esto puede incluir datos sobre el salario de los empleados, a\u00f1os de servicio, edades, tasas de rotaci\u00f3n, tasas de inter\u00e9s aplicables a los pasivos, entre otros. Es importante contar con informaci\u00f3n precisa y actualizada para realizar una valuaci\u00f3n confiable.<\/li>\n<li>Determinar el m\u00e9todo de valuaci\u00f3n: Existen diferentes m\u00e9todos para valuar los pasivos laborales, y la elecci\u00f3n del m\u00e9todo depender\u00e1 de las caracter\u00edsticas espec\u00edficas de cada empresa y de las regulaciones contables y laborales aplicables. Algunos de los m\u00e9todos m\u00e1s utilizados son el m\u00e9todo de beneficio definido, el m\u00e9todo de contribuci\u00f3n definida y el m\u00e9todo de beneficio acumulado.<\/li>\n<li>Calcular los pasivos laborales: Una vez seleccionado el m\u00e9todo de valuaci\u00f3n, se procede a realizar los c\u00e1lculos necesarios para determinar el monto de los pasivos laborales. Esto puede requerir el uso de f\u00f3rmulas matem\u00e1ticas complejas, como la proyecci\u00f3n de flujos de efectivo futuros, la aplicaci\u00f3n de tasas de inter\u00e9s actuarialmente s\u00f3lidas y otros factores relevantes. Es recomendable contar con el apoyo de expertos en la materia, como actuarios o especialistas en valuaci\u00f3n de pasivos.<\/li>\n<li>Revisar y auditar los resultados: Una vez calculados los pasivos laborales, es fundamental revisar y auditar los resultados obtenidos. Esto implica verificar que los c\u00e1lculos sean coherentes, que se hayan considerado todos los factores relevantes y que se haya aplicado correctamente el m\u00e9todo de valuaci\u00f3n seleccionado. La revisi\u00f3n y auditor\u00eda deben ser realizadas por profesionales con experiencia en este tipo de an\u00e1lisis.<\/li>\n<li>Revelar y comunicar los pasivos laborales: Finalmente, es importante revelar y comunicar los pasivos laborales en los estados financieros de la empresa. Estos deben ser presentados de manera clara y comprensible, siguiendo las normas contables y de divulgaci\u00f3n aplicables. La revelaci\u00f3n adecuada de los pasivos laborales brinda transparencia y confianza a los inversionistas, acreedores y otras partes interesadas en la empresa.<\/li>\n<\/ol>\n<p class=\"has-text-align-justify\">En el contexto mexicano con una legislaci\u00f3n laboral s\u00f3lida y diversos esquemas de seguridad social, la valuaci\u00f3n de pasivos laborales cobra a\u00fan mayor relevancia para asegurar el cumplimiento de las obligaciones legales y evitar contingencias laborales.<\/p>\n<div role=\"main\" id=\"formulario-hable-con-un-consultor-ae82d54ba278267d0e94\"><\/div>\n<p><script type=\"text\/javascript\" src=\"https:\/\/d335luupugsy2.cloudfront.net\/js\/rdstation-forms\/stable\/rdstation-forms.min.js\"><\/script><br \/>\n<script type=\"text\/javascript\"> new RDStationForms('formulario-hable-con-un-consultor-ae82d54ba278267d0e94', 'null').createForm();<\/script><\/p>\n<p class=\"has-text-align-justify\">Dada la relevancia del asunto es altamente recomendable que el trabajo de valuaci\u00f3n sea elaborado por especialistas en la materia que aseguren un registro correcto en los estados financieros.<\/p>\n<p><strong>AUREN M\u00c9XICO<\/strong><\/p>\n<p><!-- AddThis Advanced Settings generic via filter on the_content --><!-- AddThis Share Buttons generic via filter on the_content --><\/p>\n","protected":false},"excerpt":{"rendered":"<p>En primer lugar, es fundamental comprender qu\u00e9 son los pasivos laborales y por qu\u00e9 deben ser valorados correctamente. Los pasivos laborales son las obligaciones futuras que una empresa tiene con [&hellip;]<\/p>\n","protected":false},"featured_media":4620,"template":"","meta":{"_acf_changed":false,"footnotes":""},"blog-category":[],"class_list":["post-4619","blog","type-blog","status-publish","has-post-thumbnail","hentry"],"acf":[],"yoast_head":"<!-- This site is optimized with the Yoast SEO plugin v27.4 - https:\/\/yoast.com\/product\/yoast-seo-wordpress\/ -->\n<title>Valuaci\u00f3n Actuarial NIF D3: \u00bfC\u00f3mo Afecta a tu Negocio? - Auren M\u00e9xico<\/title>\n<meta name=\"description\" content=\"En M\u00e9xico, esta valuaci\u00f3n se rige por la Norma de Informaci\u00f3n Financiera (NIF D-3), la cual establece los lineamientos para el reconocimiento, medici\u00f3n y revelaci\u00f3n de los pasivos laborales.\" \/>\n<meta name=\"robots\" content=\"index, follow, max-snippet:-1, max-image-preview:large, max-video-preview:-1\" \/>\n<link rel=\"canonical\" href=\"https:\/\/auren.com\/mx\/blog\/valuacion-actuarial-nif-d3-como-afecta-a-tu-negocio\/\" \/>\n<meta property=\"og:locale\" content=\"es_ES\" \/>\n<meta property=\"og:type\" content=\"article\" \/>\n<meta property=\"og:title\" content=\"Valuaci\u00f3n Actuarial NIF D3: \u00bfC\u00f3mo Afecta a tu Negocio? - Auren M\u00e9xico\" \/>\n<meta property=\"og:description\" content=\"En M\u00e9xico, esta valuaci\u00f3n se rige por la Norma de Informaci\u00f3n Financiera (NIF D-3), la cual establece los lineamientos para el reconocimiento, medici\u00f3n y revelaci\u00f3n de los pasivos laborales.\" \/>\n<meta property=\"og:url\" content=\"https:\/\/auren.com\/mx\/blog\/valuacion-actuarial-nif-d3-como-afecta-a-tu-negocio\/\" \/>\n<meta property=\"og:site_name\" content=\"Auren Mexico\" \/>\n<meta property=\"article:publisher\" content=\"https:\/\/www.facebook.com\/AurenMexico\/\" \/>\n<meta property=\"og:image\" content=\"https:\/\/auren.com\/mx\/wp-content\/uploads\/2023\/08\/blogaurenagosto1-1-1024x576.png\" \/>\n\t<meta property=\"og:image:width\" content=\"1024\" \/>\n\t<meta property=\"og:image:height\" content=\"576\" \/>\n\t<meta property=\"og:image:type\" content=\"image\/png\" \/>\n<meta name=\"twitter:card\" content=\"summary_large_image\" \/>\n<meta name=\"twitter:site\" content=\"@Auren_Mexico\" \/>\n<meta name=\"twitter:label1\" content=\"Tiempo de lectura\" \/>\n\t<meta name=\"twitter:data1\" content=\"6 minutos\" \/>\n<script type=\"application\/ld+json\" class=\"yoast-schema-graph\">{\"@context\":\"https:\\\/\\\/schema.org\",\"@graph\":[{\"@type\":\"WebPage\",\"@id\":\"https:\\\/\\\/auren.com\\\/mx\\\/blog\\\/valuacion-actuarial-nif-d3-como-afecta-a-tu-negocio\\\/\",\"url\":\"https:\\\/\\\/auren.com\\\/mx\\\/blog\\\/valuacion-actuarial-nif-d3-como-afecta-a-tu-negocio\\\/\",\"name\":\"Valuaci\u00f3n Actuarial NIF D3: \u00bfC\u00f3mo Afecta a tu Negocio? - Auren M\u00e9xico\",\"isPartOf\":{\"@id\":\"https:\\\/\\\/auren.com\\\/mx\\\/#website\"},\"primaryImageOfPage\":{\"@id\":\"https:\\\/\\\/auren.com\\\/mx\\\/blog\\\/valuacion-actuarial-nif-d3-como-afecta-a-tu-negocio\\\/#primaryimage\"},\"image\":{\"@id\":\"https:\\\/\\\/auren.com\\\/mx\\\/blog\\\/valuacion-actuarial-nif-d3-como-afecta-a-tu-negocio\\\/#primaryimage\"},\"thumbnailUrl\":\"https:\\\/\\\/auren.com\\\/mx\\\/wp-content\\\/uploads\\\/2023\\\/08\\\/blogaurenagosto1-1.png\",\"datePublished\":\"2023-08-14T11:58:23+00:00\",\"description\":\"En M\u00e9xico, esta valuaci\u00f3n se rige por la Norma de Informaci\u00f3n Financiera (NIF D-3), la cual establece los lineamientos para el reconocimiento, medici\u00f3n y revelaci\u00f3n de los pasivos laborales.\",\"breadcrumb\":{\"@id\":\"https:\\\/\\\/auren.com\\\/mx\\\/blog\\\/valuacion-actuarial-nif-d3-como-afecta-a-tu-negocio\\\/#breadcrumb\"},\"inLanguage\":\"es\",\"potentialAction\":[{\"@type\":\"ReadAction\",\"target\":[\"https:\\\/\\\/auren.com\\\/mx\\\/blog\\\/valuacion-actuarial-nif-d3-como-afecta-a-tu-negocio\\\/\"]}]},{\"@type\":\"ImageObject\",\"inLanguage\":\"es\",\"@id\":\"https:\\\/\\\/auren.com\\\/mx\\\/blog\\\/valuacion-actuarial-nif-d3-como-afecta-a-tu-negocio\\\/#primaryimage\",\"url\":\"https:\\\/\\\/auren.com\\\/mx\\\/wp-content\\\/uploads\\\/2023\\\/08\\\/blogaurenagosto1-1.png\",\"contentUrl\":\"https:\\\/\\\/auren.com\\\/mx\\\/wp-content\\\/uploads\\\/2023\\\/08\\\/blogaurenagosto1-1.png\",\"width\":2240,\"height\":1260},{\"@type\":\"BreadcrumbList\",\"@id\":\"https:\\\/\\\/auren.com\\\/mx\\\/blog\\\/valuacion-actuarial-nif-d3-como-afecta-a-tu-negocio\\\/#breadcrumb\",\"itemListElement\":[{\"@type\":\"ListItem\",\"position\":1,\"name\":\"Portada\",\"item\":\"https:\\\/\\\/auren.com\\\/mx\\\/\"},{\"@type\":\"ListItem\",\"position\":2,\"name\":\"Valuaci\u00f3n Actuarial NIF D3: \u00bfC\u00f3mo Afecta a tu Negocio?\"}]},{\"@type\":\"WebSite\",\"@id\":\"https:\\\/\\\/auren.com\\\/mx\\\/#website\",\"url\":\"https:\\\/\\\/auren.com\\\/mx\\\/\",\"name\":\"Auren Mexico\",\"description\":\"\",\"publisher\":{\"@id\":\"https:\\\/\\\/auren.com\\\/mx\\\/#organization\"},\"potentialAction\":[{\"@type\":\"SearchAction\",\"target\":{\"@type\":\"EntryPoint\",\"urlTemplate\":\"https:\\\/\\\/auren.com\\\/mx\\\/?s={search_term_string}\"},\"query-input\":{\"@type\":\"PropertyValueSpecification\",\"valueRequired\":true,\"valueName\":\"search_term_string\"}}],\"inLanguage\":\"es\"},{\"@type\":\"Organization\",\"@id\":\"https:\\\/\\\/auren.com\\\/mx\\\/#organization\",\"name\":\"Auren Mexico\",\"url\":\"https:\\\/\\\/auren.com\\\/mx\\\/\",\"logo\":{\"@type\":\"ImageObject\",\"inLanguage\":\"es\",\"@id\":\"https:\\\/\\\/auren.com\\\/mx\\\/#\\\/schema\\\/logo\\\/image\\\/\",\"url\":\"https:\\\/\\\/auren.com\\\/mx\\\/wp-content\\\/uploads\\\/2025\\\/01\\\/cropped-cropped-favicon-Auren.png\",\"contentUrl\":\"https:\\\/\\\/auren.com\\\/mx\\\/wp-content\\\/uploads\\\/2025\\\/01\\\/cropped-cropped-favicon-Auren.png\",\"width\":512,\"height\":512,\"caption\":\"Auren Mexico\"},\"image\":{\"@id\":\"https:\\\/\\\/auren.com\\\/mx\\\/#\\\/schema\\\/logo\\\/image\\\/\"},\"sameAs\":[\"https:\\\/\\\/www.facebook.com\\\/AurenMexico\\\/\",\"https:\\\/\\\/x.com\\\/Auren_Mexico\",\"https:\\\/\\\/www.youtube.com\\\/channel\\\/UCcXaG4Mj_-dazS7WAz2qvKQ\",\"https:\\\/\\\/www.linkedin.com\\\/company\\\/auren-mxico\"]}]}<\/script>\n<!-- \/ Yoast SEO plugin. -->","yoast_head_json":{"title":"Valuaci\u00f3n Actuarial NIF D3: \u00bfC\u00f3mo Afecta a tu Negocio? - Auren M\u00e9xico","description":"En M\u00e9xico, esta valuaci\u00f3n se rige por la Norma de Informaci\u00f3n Financiera (NIF D-3), la cual establece los lineamientos para el reconocimiento, medici\u00f3n y revelaci\u00f3n de los pasivos laborales.","robots":{"index":"index","follow":"follow","max-snippet":"max-snippet:-1","max-image-preview":"max-image-preview:large","max-video-preview":"max-video-preview:-1"},"canonical":"https:\/\/auren.com\/mx\/blog\/valuacion-actuarial-nif-d3-como-afecta-a-tu-negocio\/","og_locale":"es_ES","og_type":"article","og_title":"Valuaci\u00f3n Actuarial NIF D3: \u00bfC\u00f3mo Afecta a tu Negocio? - Auren M\u00e9xico","og_description":"En M\u00e9xico, esta valuaci\u00f3n se rige por la Norma de Informaci\u00f3n Financiera (NIF D-3), la cual establece los lineamientos para el reconocimiento, medici\u00f3n y revelaci\u00f3n de los pasivos laborales.","og_url":"https:\/\/auren.com\/mx\/blog\/valuacion-actuarial-nif-d3-como-afecta-a-tu-negocio\/","og_site_name":"Auren Mexico","article_publisher":"https:\/\/www.facebook.com\/AurenMexico\/","og_image":[{"width":1024,"height":576,"url":"https:\/\/auren.com\/mx\/wp-content\/uploads\/2023\/08\/blogaurenagosto1-1-1024x576.png","type":"image\/png"}],"twitter_card":"summary_large_image","twitter_site":"@Auren_Mexico","twitter_misc":{"Tiempo de lectura":"6 minutos"},"schema":{"@context":"https:\/\/schema.org","@graph":[{"@type":"WebPage","@id":"https:\/\/auren.com\/mx\/blog\/valuacion-actuarial-nif-d3-como-afecta-a-tu-negocio\/","url":"https:\/\/auren.com\/mx\/blog\/valuacion-actuarial-nif-d3-como-afecta-a-tu-negocio\/","name":"Valuaci\u00f3n Actuarial NIF D3: \u00bfC\u00f3mo Afecta a tu Negocio? - Auren M\u00e9xico","isPartOf":{"@id":"https:\/\/auren.com\/mx\/#website"},"primaryImageOfPage":{"@id":"https:\/\/auren.com\/mx\/blog\/valuacion-actuarial-nif-d3-como-afecta-a-tu-negocio\/#primaryimage"},"image":{"@id":"https:\/\/auren.com\/mx\/blog\/valuacion-actuarial-nif-d3-como-afecta-a-tu-negocio\/#primaryimage"},"thumbnailUrl":"https:\/\/auren.com\/mx\/wp-content\/uploads\/2023\/08\/blogaurenagosto1-1.png","datePublished":"2023-08-14T11:58:23+00:00","description":"En M\u00e9xico, esta valuaci\u00f3n se rige por la Norma de Informaci\u00f3n Financiera (NIF D-3), la cual establece los lineamientos para el reconocimiento, medici\u00f3n y revelaci\u00f3n de los pasivos laborales.","breadcrumb":{"@id":"https:\/\/auren.com\/mx\/blog\/valuacion-actuarial-nif-d3-como-afecta-a-tu-negocio\/#breadcrumb"},"inLanguage":"es","potentialAction":[{"@type":"ReadAction","target":["https:\/\/auren.com\/mx\/blog\/valuacion-actuarial-nif-d3-como-afecta-a-tu-negocio\/"]}]},{"@type":"ImageObject","inLanguage":"es","@id":"https:\/\/auren.com\/mx\/blog\/valuacion-actuarial-nif-d3-como-afecta-a-tu-negocio\/#primaryimage","url":"https:\/\/auren.com\/mx\/wp-content\/uploads\/2023\/08\/blogaurenagosto1-1.png","contentUrl":"https:\/\/auren.com\/mx\/wp-content\/uploads\/2023\/08\/blogaurenagosto1-1.png","width":2240,"height":1260},{"@type":"BreadcrumbList","@id":"https:\/\/auren.com\/mx\/blog\/valuacion-actuarial-nif-d3-como-afecta-a-tu-negocio\/#breadcrumb","itemListElement":[{"@type":"ListItem","position":1,"name":"Portada","item":"https:\/\/auren.com\/mx\/"},{"@type":"ListItem","position":2,"name":"Valuaci\u00f3n Actuarial NIF D3: \u00bfC\u00f3mo Afecta a tu Negocio?"}]},{"@type":"WebSite","@id":"https:\/\/auren.com\/mx\/#website","url":"https:\/\/auren.com\/mx\/","name":"Auren Mexico","description":"","publisher":{"@id":"https:\/\/auren.com\/mx\/#organization"},"potentialAction":[{"@type":"SearchAction","target":{"@type":"EntryPoint","urlTemplate":"https:\/\/auren.com\/mx\/?s={search_term_string}"},"query-input":{"@type":"PropertyValueSpecification","valueRequired":true,"valueName":"search_term_string"}}],"inLanguage":"es"},{"@type":"Organization","@id":"https:\/\/auren.com\/mx\/#organization","name":"Auren Mexico","url":"https:\/\/auren.com\/mx\/","logo":{"@type":"ImageObject","inLanguage":"es","@id":"https:\/\/auren.com\/mx\/#\/schema\/logo\/image\/","url":"https:\/\/auren.com\/mx\/wp-content\/uploads\/2025\/01\/cropped-cropped-favicon-Auren.png","contentUrl":"https:\/\/auren.com\/mx\/wp-content\/uploads\/2025\/01\/cropped-cropped-favicon-Auren.png","width":512,"height":512,"caption":"Auren Mexico"},"image":{"@id":"https:\/\/auren.com\/mx\/#\/schema\/logo\/image\/"},"sameAs":["https:\/\/www.facebook.com\/AurenMexico\/","https:\/\/x.com\/Auren_Mexico","https:\/\/www.youtube.com\/channel\/UCcXaG4Mj_-dazS7WAz2qvKQ","https:\/\/www.linkedin.com\/company\/auren-mxico"]}]}},"_links":{"self":[{"href":"https:\/\/auren.com\/mx\/wp-json\/wp\/v2\/blog\/4619","targetHints":{"allow":["GET"]}}],"collection":[{"href":"https:\/\/auren.com\/mx\/wp-json\/wp\/v2\/blog"}],"about":[{"href":"https:\/\/auren.com\/mx\/wp-json\/wp\/v2\/types\/blog"}],"version-history":[{"count":0,"href":"https:\/\/auren.com\/mx\/wp-json\/wp\/v2\/blog\/4619\/revisions"}],"wp:featuredmedia":[{"embeddable":true,"href":"https:\/\/auren.com\/mx\/wp-json\/wp\/v2\/media\/4620"}],"wp:attachment":[{"href":"https:\/\/auren.com\/mx\/wp-json\/wp\/v2\/media?parent=4619"}],"wp:term":[{"taxonomy":"blog-category","embeddable":true,"href":"https:\/\/auren.com\/mx\/wp-json\/wp\/v2\/blog-category?post=4619"}],"curies":[{"name":"wp","href":"https:\/\/api.w.org\/{rel}","templated":true}]}}