{"id":4868,"date":"2020-07-29T16:23:15","date_gmt":"2020-07-29T14:23:15","guid":{"rendered":"https:\/\/auren.com\/mx\/blog\/consideraciones-sobre-el-negocio-en-marcha-por-el-impacto-de-la-pandemia-covid-19\/"},"modified":"2020-07-29T16:23:15","modified_gmt":"2020-07-29T14:23:15","slug":"consideraciones-sobre-el-negocio-en-marcha-por-el-impacto-de-la-pandemia-covid-19","status":"publish","type":"blog","link":"https:\/\/auren.com\/mx\/blog\/consideraciones-sobre-el-negocio-en-marcha-por-el-impacto-de-la-pandemia-covid-19\/","title":{"rendered":"Consideraciones sobre el negocio en marcha por el impacto de la pandemia COVID-19"},"content":{"rendered":"<p><strong>Existen muchos factores que pueden afectar la capacidad de las Sociedades para continuar como un negocio en marcha. Estos factores incluyen el tipo de industria y el \u00e1rea geogr\u00e1fica de sus operaciones, su liquidez, as\u00ed como la salud financiera de sus clientes y proveedores y la solvencia de la Sociedad. Como resultado de la pandemia de COVID-19 y el deterioro del entorno econ\u00f3mico, la reducci\u00f3n de los ingresos y los flujos de efectivo pueden generar dudas sobre la capacidad de las Sociedades para cumplir con sus obligaciones actuales o futuras.<\/strong><\/p>\n<p><strong>Esta situaci\u00f3n nos da una alerta para trabajar con las Sociedades en su funcionamiento incluidos posibles impactos:<\/strong><\/p>\n<ul>\n<li><strong>Las responsabilidades de la alta direcci\u00f3n con empresas en funcionamiento;<\/strong><\/li>\n<li><strong>Los procedimientos de estimaci\u00f3n de riesgos y evaluaci\u00f3n de la direcci\u00f3n sobre la capacidad de las Sociedades para continuar como negocio en marcha;<\/strong><\/li>\n<li><strong>Se requieren procedimientos adicionales cuando se identifican eventos o condiciones que pueden poner en duda la capacidad de las Sociedades para continuar como negocio en marcha;<\/strong><\/li>\n<\/ul>\n<p><strong>Responsabilidades de la alta direcci\u00f3n:<\/strong><\/p>\n<ul>\n<li><strong>Estimaci\u00f3n de la capacidad de la Sociedad para continuar como negocio en marcha;<\/strong><\/li>\n<li><strong>Hacer un juicio en un momento en el tiempo sobre los resultados futuros de eventos inherentes o inciertos.<\/strong><\/li>\n<li><strong>El grado de incertidumbre asociado al resultado de un hecho o de una condici\u00f3n.<\/strong><\/li>\n<li><strong>El tama\u00f1o y complejidad de la Sociedad, la naturaleza y condiciones de sus negocios y el grado en el cual es afectada por los factores externos.<\/strong><\/li>\n<\/ul>\n<p><strong>Es probable que la pandemia COVID-19 tenga implicaciones significativas para las econom\u00edas y mercados globales para ciertas industrias, tal como el de hoteler\u00eda y los viajes, comercio minorista, etc. La recesi\u00f3n dar\u00e1 como resultado un aumento significativo, tanto en el volumen como en la gravedad los eventos y condiciones que, en algunos casos pueden poner en duda la capacidad de una Sociedad para continuar como un negocio en marcha. Sin embargo, esto no significa necesariamente que exista autom\u00e1ticamente una incertidumbre material: el mayor riesgo es sin duda la capacidad de una Sociedad para continuar como negocio en marcha depender\u00e1 de la naturaleza y las circunstancias de la Sociedad, incluidas dentro del entorno en el que opera.<\/strong><\/p>\n<p><strong>La pandemia COVID-19 ha provocado la introducci\u00f3n de medidas de salud p\u00fablica en muchos pa\u00edses lo que ha conducido al cierre temporal de negocios no esenciales o un cambio en modelo de trabajo realiz\u00e1ndolo desde casa.<\/strong><\/p>\n<p><strong>Es probable que muchas empresas se vean afectadas negativamente por esto.<\/strong><\/p>\n<p><strong>Las medidas que requieren el cierre temporal de negocios no esenciales han conducido en muchos casos a menores ventas si la Sociedad no puede compensar cualquier d\u00e9ficit a trav\u00e9s de las ventas en l\u00ednea. Y es probable que la demanda en estos momentos y despu\u00e9s de la pandemia cambie algunos productos o servicios.<\/strong><\/p>\n<p><strong>Es probable que las valoraciones de activos, dada la incertidumbre actual en los mercados locales y globales, sean m\u00e1s complicados y dif\u00edciles de realizar.<\/strong><\/p>\n<p><strong>Tambi\u00e9n es probable que las valuaciones basadas en flujos de efectivo proyectados sean significativamente m\u00e1s dif\u00edciles ya que desarrollar modelos robustos para los flujos de efectivo en el futuro pueden ser muy complicados dada la incertidumbre y volatilidad actual.<\/strong><\/p>\n<p><strong>Cuando una Sociedad en funcionamiento puede haber dependido del lanzamiento inminente de un producto o servicio, su retraso puede tener un impacto muy importante en detrimento en la capacidad de la Sociedad para continuar como negocio en marcha.<\/strong><\/p>\n<p><strong>Los tipos de cambio han fluctuado significativamente. Es posible que las Sociedades con transacciones en moneda extranjera significativas necesiten tomar en cuenta p\u00e9rdidas (o ganancias) inesperadas, en contratos de venta, cuentas por cobrar o deuda denominada en moneda extranjeras o en contratos forward u otros derivados.<\/strong><\/p>\n<p><strong>Las Sociedades deber\u00e1n determinar si existe un riesgo de cr\u00e9dito significativo de la contraparte, es decir, cu\u00e1ndo la empresa tiene activos financieros significativos y si la contraparte tiene la intenci\u00f3n o puede cumplir con el contrato.<\/strong><\/p>\n<p>Oscar Jos\u00e9 Polin Hinojosa<\/p>\n<p><strong>Socio de Auditor\u00eda Auren<\/strong><\/p>\n<p><!-- AddThis Advanced Settings generic via filter on the_content --><!-- AddThis Share Buttons generic via filter on the_content --><\/p>\n","protected":false},"excerpt":{"rendered":"<p>Existen muchos factores que pueden afectar la capacidad de las Sociedades para continuar como un negocio en marcha. Estos factores incluyen el tipo de industria y el \u00e1rea geogr\u00e1fica de [&hellip;]<\/p>\n","protected":false},"featured_media":4869,"template":"","meta":{"_acf_changed":false,"footnotes":""},"blog-category":[],"class_list":["post-4868","blog","type-blog","status-publish","has-post-thumbnail","hentry"],"acf":[],"yoast_head":"<!-- This site is optimized with the Yoast SEO plugin v27.4 - https:\/\/yoast.com\/product\/yoast-seo-wordpress\/ -->\n<title>Consideraciones sobre el negocio en marcha por el impacto de la pandemia COVID-19 - Auren M\u00e9xico<\/title>\n<meta name=\"robots\" content=\"index, follow, max-snippet:-1, max-image-preview:large, max-video-preview:-1\" \/>\n<link rel=\"canonical\" href=\"https:\/\/auren.com\/mx\/blog\/consideraciones-sobre-el-negocio-en-marcha-por-el-impacto-de-la-pandemia-covid-19\/\" \/>\n<meta property=\"og:locale\" content=\"es_ES\" \/>\n<meta property=\"og:type\" content=\"article\" \/>\n<meta property=\"og:title\" content=\"Consideraciones sobre el negocio en marcha por el impacto de la pandemia COVID-19 - Auren M\u00e9xico\" \/>\n<meta property=\"og:description\" content=\"Existen muchos factores que pueden afectar la capacidad de las Sociedades para continuar como un negocio en marcha. Estos factores incluyen el tipo de industria y el \u00e1rea geogr\u00e1fica de [&hellip;]\" \/>\n<meta property=\"og:url\" content=\"https:\/\/auren.com\/mx\/blog\/consideraciones-sobre-el-negocio-en-marcha-por-el-impacto-de-la-pandemia-covid-19\/\" \/>\n<meta property=\"og:site_name\" content=\"Auren Mexico\" \/>\n<meta property=\"article:publisher\" content=\"https:\/\/www.facebook.com\/AurenMexico\/\" \/>\n<meta property=\"og:image\" content=\"https:\/\/auren.com\/mx\/wp-content\/uploads\/2020\/07\/blog3-1-1-1024x576.png\" \/>\n\t<meta property=\"og:image:width\" content=\"1024\" \/>\n\t<meta property=\"og:image:height\" content=\"576\" \/>\n\t<meta property=\"og:image:type\" content=\"image\/png\" \/>\n<meta name=\"twitter:card\" content=\"summary_large_image\" \/>\n<meta name=\"twitter:site\" content=\"@Auren_Mexico\" \/>\n<meta name=\"twitter:label1\" content=\"Tiempo de lectura\" \/>\n\t<meta name=\"twitter:data1\" content=\"3 minutos\" \/>\n<script type=\"application\/ld+json\" class=\"yoast-schema-graph\">{\"@context\":\"https:\\\/\\\/schema.org\",\"@graph\":[{\"@type\":\"WebPage\",\"@id\":\"https:\\\/\\\/auren.com\\\/mx\\\/blog\\\/consideraciones-sobre-el-negocio-en-marcha-por-el-impacto-de-la-pandemia-covid-19\\\/\",\"url\":\"https:\\\/\\\/auren.com\\\/mx\\\/blog\\\/consideraciones-sobre-el-negocio-en-marcha-por-el-impacto-de-la-pandemia-covid-19\\\/\",\"name\":\"Consideraciones sobre el negocio en marcha por el impacto de la pandemia COVID-19 - Auren M\u00e9xico\",\"isPartOf\":{\"@id\":\"https:\\\/\\\/auren.com\\\/mx\\\/#website\"},\"primaryImageOfPage\":{\"@id\":\"https:\\\/\\\/auren.com\\\/mx\\\/blog\\\/consideraciones-sobre-el-negocio-en-marcha-por-el-impacto-de-la-pandemia-covid-19\\\/#primaryimage\"},\"image\":{\"@id\":\"https:\\\/\\\/auren.com\\\/mx\\\/blog\\\/consideraciones-sobre-el-negocio-en-marcha-por-el-impacto-de-la-pandemia-covid-19\\\/#primaryimage\"},\"thumbnailUrl\":\"https:\\\/\\\/auren.com\\\/mx\\\/wp-content\\\/uploads\\\/2020\\\/07\\\/blog3-1-1.png\",\"datePublished\":\"2020-07-29T14:23:15+00:00\",\"breadcrumb\":{\"@id\":\"https:\\\/\\\/auren.com\\\/mx\\\/blog\\\/consideraciones-sobre-el-negocio-en-marcha-por-el-impacto-de-la-pandemia-covid-19\\\/#breadcrumb\"},\"inLanguage\":\"es\",\"potentialAction\":[{\"@type\":\"ReadAction\",\"target\":[\"https:\\\/\\\/auren.com\\\/mx\\\/blog\\\/consideraciones-sobre-el-negocio-en-marcha-por-el-impacto-de-la-pandemia-covid-19\\\/\"]}]},{\"@type\":\"ImageObject\",\"inLanguage\":\"es\",\"@id\":\"https:\\\/\\\/auren.com\\\/mx\\\/blog\\\/consideraciones-sobre-el-negocio-en-marcha-por-el-impacto-de-la-pandemia-covid-19\\\/#primaryimage\",\"url\":\"https:\\\/\\\/auren.com\\\/mx\\\/wp-content\\\/uploads\\\/2020\\\/07\\\/blog3-1-1.png\",\"contentUrl\":\"https:\\\/\\\/auren.com\\\/mx\\\/wp-content\\\/uploads\\\/2020\\\/07\\\/blog3-1-1.png\",\"width\":2240,\"height\":1260},{\"@type\":\"BreadcrumbList\",\"@id\":\"https:\\\/\\\/auren.com\\\/mx\\\/blog\\\/consideraciones-sobre-el-negocio-en-marcha-por-el-impacto-de-la-pandemia-covid-19\\\/#breadcrumb\",\"itemListElement\":[{\"@type\":\"ListItem\",\"position\":1,\"name\":\"Portada\",\"item\":\"https:\\\/\\\/auren.com\\\/mx\\\/\"},{\"@type\":\"ListItem\",\"position\":2,\"name\":\"Consideraciones sobre el negocio en marcha por el impacto de la pandemia COVID-19\"}]},{\"@type\":\"WebSite\",\"@id\":\"https:\\\/\\\/auren.com\\\/mx\\\/#website\",\"url\":\"https:\\\/\\\/auren.com\\\/mx\\\/\",\"name\":\"Auren Mexico\",\"description\":\"\",\"publisher\":{\"@id\":\"https:\\\/\\\/auren.com\\\/mx\\\/#organization\"},\"potentialAction\":[{\"@type\":\"SearchAction\",\"target\":{\"@type\":\"EntryPoint\",\"urlTemplate\":\"https:\\\/\\\/auren.com\\\/mx\\\/?s={search_term_string}\"},\"query-input\":{\"@type\":\"PropertyValueSpecification\",\"valueRequired\":true,\"valueName\":\"search_term_string\"}}],\"inLanguage\":\"es\"},{\"@type\":\"Organization\",\"@id\":\"https:\\\/\\\/auren.com\\\/mx\\\/#organization\",\"name\":\"Auren Mexico\",\"url\":\"https:\\\/\\\/auren.com\\\/mx\\\/\",\"logo\":{\"@type\":\"ImageObject\",\"inLanguage\":\"es\",\"@id\":\"https:\\\/\\\/auren.com\\\/mx\\\/#\\\/schema\\\/logo\\\/image\\\/\",\"url\":\"https:\\\/\\\/auren.com\\\/mx\\\/wp-content\\\/uploads\\\/2025\\\/01\\\/cropped-cropped-favicon-Auren.png\",\"contentUrl\":\"https:\\\/\\\/auren.com\\\/mx\\\/wp-content\\\/uploads\\\/2025\\\/01\\\/cropped-cropped-favicon-Auren.png\",\"width\":512,\"height\":512,\"caption\":\"Auren Mexico\"},\"image\":{\"@id\":\"https:\\\/\\\/auren.com\\\/mx\\\/#\\\/schema\\\/logo\\\/image\\\/\"},\"sameAs\":[\"https:\\\/\\\/www.facebook.com\\\/AurenMexico\\\/\",\"https:\\\/\\\/x.com\\\/Auren_Mexico\",\"https:\\\/\\\/www.youtube.com\\\/channel\\\/UCcXaG4Mj_-dazS7WAz2qvKQ\",\"https:\\\/\\\/www.linkedin.com\\\/company\\\/auren-mxico\"]}]}<\/script>\n<!-- \/ Yoast SEO plugin. -->","yoast_head_json":{"title":"Consideraciones sobre el negocio en marcha por el impacto de la pandemia COVID-19 - Auren M\u00e9xico","robots":{"index":"index","follow":"follow","max-snippet":"max-snippet:-1","max-image-preview":"max-image-preview:large","max-video-preview":"max-video-preview:-1"},"canonical":"https:\/\/auren.com\/mx\/blog\/consideraciones-sobre-el-negocio-en-marcha-por-el-impacto-de-la-pandemia-covid-19\/","og_locale":"es_ES","og_type":"article","og_title":"Consideraciones sobre el negocio en marcha por el impacto de la pandemia COVID-19 - Auren M\u00e9xico","og_description":"Existen muchos factores que pueden afectar la capacidad de las Sociedades para continuar como un negocio en marcha. Estos factores incluyen el tipo de industria y el \u00e1rea geogr\u00e1fica de [&hellip;]","og_url":"https:\/\/auren.com\/mx\/blog\/consideraciones-sobre-el-negocio-en-marcha-por-el-impacto-de-la-pandemia-covid-19\/","og_site_name":"Auren Mexico","article_publisher":"https:\/\/www.facebook.com\/AurenMexico\/","og_image":[{"width":1024,"height":576,"url":"https:\/\/auren.com\/mx\/wp-content\/uploads\/2020\/07\/blog3-1-1-1024x576.png","type":"image\/png"}],"twitter_card":"summary_large_image","twitter_site":"@Auren_Mexico","twitter_misc":{"Tiempo de lectura":"3 minutos"},"schema":{"@context":"https:\/\/schema.org","@graph":[{"@type":"WebPage","@id":"https:\/\/auren.com\/mx\/blog\/consideraciones-sobre-el-negocio-en-marcha-por-el-impacto-de-la-pandemia-covid-19\/","url":"https:\/\/auren.com\/mx\/blog\/consideraciones-sobre-el-negocio-en-marcha-por-el-impacto-de-la-pandemia-covid-19\/","name":"Consideraciones sobre el negocio en marcha por el impacto de la pandemia COVID-19 - Auren M\u00e9xico","isPartOf":{"@id":"https:\/\/auren.com\/mx\/#website"},"primaryImageOfPage":{"@id":"https:\/\/auren.com\/mx\/blog\/consideraciones-sobre-el-negocio-en-marcha-por-el-impacto-de-la-pandemia-covid-19\/#primaryimage"},"image":{"@id":"https:\/\/auren.com\/mx\/blog\/consideraciones-sobre-el-negocio-en-marcha-por-el-impacto-de-la-pandemia-covid-19\/#primaryimage"},"thumbnailUrl":"https:\/\/auren.com\/mx\/wp-content\/uploads\/2020\/07\/blog3-1-1.png","datePublished":"2020-07-29T14:23:15+00:00","breadcrumb":{"@id":"https:\/\/auren.com\/mx\/blog\/consideraciones-sobre-el-negocio-en-marcha-por-el-impacto-de-la-pandemia-covid-19\/#breadcrumb"},"inLanguage":"es","potentialAction":[{"@type":"ReadAction","target":["https:\/\/auren.com\/mx\/blog\/consideraciones-sobre-el-negocio-en-marcha-por-el-impacto-de-la-pandemia-covid-19\/"]}]},{"@type":"ImageObject","inLanguage":"es","@id":"https:\/\/auren.com\/mx\/blog\/consideraciones-sobre-el-negocio-en-marcha-por-el-impacto-de-la-pandemia-covid-19\/#primaryimage","url":"https:\/\/auren.com\/mx\/wp-content\/uploads\/2020\/07\/blog3-1-1.png","contentUrl":"https:\/\/auren.com\/mx\/wp-content\/uploads\/2020\/07\/blog3-1-1.png","width":2240,"height":1260},{"@type":"BreadcrumbList","@id":"https:\/\/auren.com\/mx\/blog\/consideraciones-sobre-el-negocio-en-marcha-por-el-impacto-de-la-pandemia-covid-19\/#breadcrumb","itemListElement":[{"@type":"ListItem","position":1,"name":"Portada","item":"https:\/\/auren.com\/mx\/"},{"@type":"ListItem","position":2,"name":"Consideraciones sobre el negocio en marcha por el impacto de la pandemia COVID-19"}]},{"@type":"WebSite","@id":"https:\/\/auren.com\/mx\/#website","url":"https:\/\/auren.com\/mx\/","name":"Auren Mexico","description":"","publisher":{"@id":"https:\/\/auren.com\/mx\/#organization"},"potentialAction":[{"@type":"SearchAction","target":{"@type":"EntryPoint","urlTemplate":"https:\/\/auren.com\/mx\/?s={search_term_string}"},"query-input":{"@type":"PropertyValueSpecification","valueRequired":true,"valueName":"search_term_string"}}],"inLanguage":"es"},{"@type":"Organization","@id":"https:\/\/auren.com\/mx\/#organization","name":"Auren Mexico","url":"https:\/\/auren.com\/mx\/","logo":{"@type":"ImageObject","inLanguage":"es","@id":"https:\/\/auren.com\/mx\/#\/schema\/logo\/image\/","url":"https:\/\/auren.com\/mx\/wp-content\/uploads\/2025\/01\/cropped-cropped-favicon-Auren.png","contentUrl":"https:\/\/auren.com\/mx\/wp-content\/uploads\/2025\/01\/cropped-cropped-favicon-Auren.png","width":512,"height":512,"caption":"Auren Mexico"},"image":{"@id":"https:\/\/auren.com\/mx\/#\/schema\/logo\/image\/"},"sameAs":["https:\/\/www.facebook.com\/AurenMexico\/","https:\/\/x.com\/Auren_Mexico","https:\/\/www.youtube.com\/channel\/UCcXaG4Mj_-dazS7WAz2qvKQ","https:\/\/www.linkedin.com\/company\/auren-mxico"]}]}},"_links":{"self":[{"href":"https:\/\/auren.com\/mx\/wp-json\/wp\/v2\/blog\/4868","targetHints":{"allow":["GET"]}}],"collection":[{"href":"https:\/\/auren.com\/mx\/wp-json\/wp\/v2\/blog"}],"about":[{"href":"https:\/\/auren.com\/mx\/wp-json\/wp\/v2\/types\/blog"}],"version-history":[{"count":0,"href":"https:\/\/auren.com\/mx\/wp-json\/wp\/v2\/blog\/4868\/revisions"}],"wp:featuredmedia":[{"embeddable":true,"href":"https:\/\/auren.com\/mx\/wp-json\/wp\/v2\/media\/4869"}],"wp:attachment":[{"href":"https:\/\/auren.com\/mx\/wp-json\/wp\/v2\/media?parent=4868"}],"wp:term":[{"taxonomy":"blog-category","embeddable":true,"href":"https:\/\/auren.com\/mx\/wp-json\/wp\/v2\/blog-category?post=4868"}],"curies":[{"name":"wp","href":"https:\/\/api.w.org\/{rel}","templated":true}]}}